{"id":154148,"date":"2025-03-29T02:06:03","date_gmt":"2025-03-28T23:06:03","guid":{"rendered":"https:\/\/www.tgrthaber.com\/mavikadin\/?p=154148"},"modified":"2025-09-12T16:15:59","modified_gmt":"2025-09-12T13:15:59","slug":"the-last-of-usdan-black-mirror-kadar-nisan-ayinda-baslayacak-en-dikkat-cekici-10-yabanci-dizi","status":"publish","type":"post","link":"https:\/\/www.tgrthaber.com\/mavikadin\/the-last-of-usdan-black-mirror-kadar-nisan-ayinda-baslayacak-en-dikkat-cekici-10-yabanci-dizi\/","title":{"rendered":"The Last of Us\u2019dan Black Mirror kadar Nisan ay\u0131nda ba\u015flayacak en dikkat \u00e7ekici 10 yabanc\u0131 dizi"},"content":{"rendered":"<p>Bahar mevsimine giri\u015f yaparken yabanc\u0131 dizi sekt\u00f6r\u00fcnde yeni sezon b\u00f6l\u00fcmleriyle bir\u00e7ok yap\u0131m yay\u0131n hayat\u0131na ba\u015flayacak. Yay\u0131n tarihi duyurulan \u00a0You, Black Mirror, The Last Us, Your Friends &amp; Neighbors ve Devil May Cry gibi yap\u0131mlar Nisan dizileri aras\u0131nda yerini al\u0131yor. \u0130\u015fte Nisan ay\u0131nda\u00a0 ba\u015flayacak en dikkat \u00e7ekici 10 yabanc\u0131 dizi<\/p>\n<p><img loading=\"lazy\" decoding=\"async\" class=\"alignnone wp-image-154157\" src=\"https:\/\/www.tgrthaber.com\/mavikadin\/wp-content\/uploads\/The-Last-of-Us-2.-Sezonu-ile-13-Nisanda-blutvde-300x169.jpg\" alt=\"The Last of Us 2. Sezonu ile 13 Nisan\u2019da blutv&#039;de\" width=\"1208\" height=\"680\" title=\"\" srcset=\"https:\/\/www.tgrthaber.com\/mavikadin\/wp-content\/uploads\/The-Last-of-Us-2.-Sezonu-ile-13-Nisanda-blutvde-300x169.jpg 300w, https:\/\/www.tgrthaber.com\/mavikadin\/wp-content\/uploads\/The-Last-of-Us-2.-Sezonu-ile-13-Nisanda-blutvde-1024x576.jpg 1024w, https:\/\/www.tgrthaber.com\/mavikadin\/wp-content\/uploads\/The-Last-of-Us-2.-Sezonu-ile-13-Nisanda-blutvde-768x432.jpg 768w, https:\/\/www.tgrthaber.com\/mavikadin\/wp-content\/uploads\/The-Last-of-Us-2.-Sezonu-ile-13-Nisanda-blutvde-1536x864.jpg 1536w, https:\/\/www.tgrthaber.com\/mavikadin\/wp-content\/uploads\/The-Last-of-Us-2.-Sezonu-ile-13-Nisanda-blutvde.jpg 1920w\" sizes=\"(max-width: 1208px) 100vw, 1208px\" \/><\/p>\n<hr \/>\n<h3>13 N\u0130SAN 2025 \u2013 BLU TV(HBO) &#8211; THE LAST OF US 2. SEZON<\/h3>\n<p>Macera ve gerilim alan\u0131nda seyirci ile bulu\u015fmaya haz\u0131rlanan The Last of Us 2. Sezonu ile 13 Nisan\u2019da seyircisiyle bulu\u015facak. Oyundan uyarlama olan yap\u0131m insanlar\u0131n zombile\u015fti\u011fi k\u00fcresel bir salg\u0131n\u0131n sonras\u0131nda hayatta kalma m\u00fccadelesini konu al\u0131yor.<\/p>\n<p>The Last of Us 2. Sezonunda olay \u00f6rg\u00fcs\u00fc ve hikaye be\u015f y\u0131l ileri gidecek. \u0130lk sezonda Joel ve Ellie\u2019nin ba\u015f\u0131na gelen olaylar\u0131n \u00fczerinden sakin ge\u00e7en be\u015f y\u0131l sonras\u0131nda iki karakter ge\u00e7mi\u015fleriyle yeniden y\u00fczle\u015fmek zorunda kalacak.<\/p>\n<p><img loading=\"lazy\" decoding=\"async\" class=\"alignnone wp-image-154161\" src=\"https:\/\/www.tgrthaber.com\/mavikadin\/wp-content\/uploads\/black-mirror-7.-sezon-10-Nisanda-netflix-te-300x169.jpg\" alt=\"black mirror 7. sezon 10 Nisanda netflix te\" width=\"1208\" height=\"680\" title=\"\" srcset=\"https:\/\/www.tgrthaber.com\/mavikadin\/wp-content\/uploads\/black-mirror-7.-sezon-10-Nisanda-netflix-te-300x169.jpg 300w, https:\/\/www.tgrthaber.com\/mavikadin\/wp-content\/uploads\/black-mirror-7.-sezon-10-Nisanda-netflix-te-1024x576.jpg 1024w, https:\/\/www.tgrthaber.com\/mavikadin\/wp-content\/uploads\/black-mirror-7.-sezon-10-Nisanda-netflix-te-768x432.jpg 768w, https:\/\/www.tgrthaber.com\/mavikadin\/wp-content\/uploads\/black-mirror-7.-sezon-10-Nisanda-netflix-te-1536x864.jpg 1536w, https:\/\/www.tgrthaber.com\/mavikadin\/wp-content\/uploads\/black-mirror-7.-sezon-10-Nisanda-netflix-te.jpg 1920w\" sizes=\"(max-width: 1208px) 100vw, 1208px\" \/><\/p>\n<hr \/>\n<h3>10 N\u0130SAN 2025 BLACK M\u0130RROR \u2013 NETFL\u0130X<\/h3>\n<p>Bilim kurgu t\u00fcr\u00fcnde en iyi yap\u0131mlar aras\u0131nda olan Black Mirror, merakla beklenen yeni b\u00f6l\u00fcmleriyle 10 Nisan\u2019da seyirci kar\u015f\u0131s\u0131na \u00e7\u0131kacak. Teknolojinin insan hayat\u0131n\u0131 nas\u0131l yok edebilece\u011fini nelerle kar\u015f\u0131la\u015fma ihtimallerini olabilece\u011fini Black Mirror 7. Sezon ile g\u00f6zler \u00f6n\u00fcne serecek.<\/p>\n<p>Black Mirror 7.sezonun oyuncu kadrosunda Paul Giamatti, Awkwafina, Emma Corrin, Peter Capaldi, Rashida Jones, Siena Kelly, Billy Magnussen, Rosy McEwen, Cristin Milioti, Chris O&#8217;Dowd, Issa Rae, Paul G. Raymond, Tracee Ellis Ross, Jimmi Simpson, Patsy Ferran, Lewis Gribben gibi isimler bulunuyor.<\/p>\n<p><img loading=\"lazy\" decoding=\"async\" class=\"alignnone wp-image-154163\" src=\"https:\/\/www.tgrthaber.com\/mavikadin\/wp-content\/uploads\/andor-2.-sezon-22-nisanda-disney-da-300x169.jpg\" alt=\"andor 2. sezon 22 nisanda disney+ da\" width=\"1208\" height=\"680\" title=\"\" srcset=\"https:\/\/www.tgrthaber.com\/mavikadin\/wp-content\/uploads\/andor-2.-sezon-22-nisanda-disney-da-300x169.jpg 300w, https:\/\/www.tgrthaber.com\/mavikadin\/wp-content\/uploads\/andor-2.-sezon-22-nisanda-disney-da-1024x576.jpg 1024w, https:\/\/www.tgrthaber.com\/mavikadin\/wp-content\/uploads\/andor-2.-sezon-22-nisanda-disney-da-768x432.jpg 768w, https:\/\/www.tgrthaber.com\/mavikadin\/wp-content\/uploads\/andor-2.-sezon-22-nisanda-disney-da-1536x864.jpg 1536w, https:\/\/www.tgrthaber.com\/mavikadin\/wp-content\/uploads\/andor-2.-sezon-22-nisanda-disney-da.jpg 1920w\" sizes=\"(max-width: 1208px) 100vw, 1208px\" \/><\/p>\n<hr \/>\n<h3>22 N\u0130SAN 2025 \u2013 D\u0130SNEY + &#8211; ANDOR 2. SEZON<\/h3>\n<p>Bilim kurgu ve macera t\u00fcr\u00fcnde yer alan yabanc\u0131 dizi Andor 2. Sezonu ile 22 Nisan\u2019da Disney+ dijital platformunda yay\u0131nlanacak. Andor, Star Wars\u2019un \u00f6ncesinde ya\u015fan\u0131lan olaylara ve su\u00e7lara odaklanacak. 2022 y\u0131l\u0131nda yay\u0131nlanan ilk sezonunda evrenin g\u00f6r\u00fclmeyen y\u00fcz\u00fcn\u00fc daha farkl\u0131 bir pencereden izleyiciye sunacak.<\/p>\n<p><img loading=\"lazy\" decoding=\"async\" class=\"alignnone wp-image-154170\" src=\"https:\/\/www.tgrthaber.com\/mavikadin\/wp-content\/uploads\/Your-Friends-Neighbors-apple-tv-yayinlanacak-300x169.jpg\" alt=\"Your Friends &amp; Neighbors apple tv+ yay\u0131nlanacak\" width=\"1208\" height=\"680\" title=\"\" srcset=\"https:\/\/www.tgrthaber.com\/mavikadin\/wp-content\/uploads\/Your-Friends-Neighbors-apple-tv-yayinlanacak-300x169.jpg 300w, https:\/\/www.tgrthaber.com\/mavikadin\/wp-content\/uploads\/Your-Friends-Neighbors-apple-tv-yayinlanacak-1024x576.jpg 1024w, https:\/\/www.tgrthaber.com\/mavikadin\/wp-content\/uploads\/Your-Friends-Neighbors-apple-tv-yayinlanacak-768x432.jpg 768w, https:\/\/www.tgrthaber.com\/mavikadin\/wp-content\/uploads\/Your-Friends-Neighbors-apple-tv-yayinlanacak-1536x864.jpg 1536w, https:\/\/www.tgrthaber.com\/mavikadin\/wp-content\/uploads\/Your-Friends-Neighbors-apple-tv-yayinlanacak.jpg 1920w\" sizes=\"(max-width: 1208px) 100vw, 1208px\" \/><\/p>\n<hr \/>\n<h3>10 N\u0130SAN 2025 \u2013 APPLE TV+ &#8211; YOUR FR\u0130ENDS &amp; NE\u0130GHBORS<\/h3>\n<p>Drama ve su\u00e7 sevenlerin vazge\u00e7emeyece\u011fi yap\u0131mlardan biri olmaya aday Your Friends &amp; Neighbors yabanc\u0131 dizi 10 Nisan\u2019da Apple TV+ \u2018da yay\u0131nlanacak. Bo\u015fanma s\u00fcreci i\u00e7erisinde bulunan Cooper, olaylar\u0131n \u00fcst \u00fcste gelmesinden dolay\u0131 hayat\u0131 alt \u00fcst olur. \u0130\u015ften at\u0131lan Cooper, eskiden l\u00fcks i\u00e7inde ya\u015fad\u0131\u011f\u0131 hayat\u0131 s\u00fcrd\u00fcrememeye ba\u015flayacak. K\u0131sa yoldan zengin olman\u0131n yollar\u0131n\u0131 arayan Cooper, arkada\u015flar\u0131n\u0131n evini soyacak. Cooper, zengin olmak i\u00e7in \u00e7abalad\u0131k\u00e7a daha da k\u00f6t\u00fc durumlarda bulacak kendini.<\/p>\n<p><img loading=\"lazy\" decoding=\"async\" class=\"alignnone wp-image-154171\" src=\"https:\/\/www.tgrthaber.com\/mavikadin\/wp-content\/uploads\/the-eternaut-30-nisanda-netflixte-300x169.jpg\" alt=\"the eternaut 30 nisanda netflixte\" width=\"1208\" height=\"680\" title=\"\" srcset=\"https:\/\/www.tgrthaber.com\/mavikadin\/wp-content\/uploads\/the-eternaut-30-nisanda-netflixte-300x169.jpg 300w, https:\/\/www.tgrthaber.com\/mavikadin\/wp-content\/uploads\/the-eternaut-30-nisanda-netflixte-1024x576.jpg 1024w, https:\/\/www.tgrthaber.com\/mavikadin\/wp-content\/uploads\/the-eternaut-30-nisanda-netflixte-768x432.jpg 768w, https:\/\/www.tgrthaber.com\/mavikadin\/wp-content\/uploads\/the-eternaut-30-nisanda-netflixte-1536x864.jpg 1536w, https:\/\/www.tgrthaber.com\/mavikadin\/wp-content\/uploads\/the-eternaut-30-nisanda-netflixte.jpg 1920w\" sizes=\"(max-width: 1208px) 100vw, 1208px\" \/><\/p>\n<hr \/>\n<h3>30 N\u0130SAN 2025 \u2013 NETFL\u0130X &#8211; THE ETERNAUT<\/h3>\n<p>Bilim kurgu t\u00fcr\u00fcnde yer alan The Eternaut yabanc\u0131 dizisi Netflix\u2019te 30 Nisan\u2019da yay\u0131nlanacak. \u00c7izgi romandan uyarlanan yap\u0131m kar f\u0131rt\u0131nas\u0131 sonucu milyonlarca insan \u00f6l\u00fcr ve uzay istilas\u0131 ger\u00e7ekle\u015fir. Hayatta kalma sava\u015f\u0131 veren bir grup \u00e7al\u0131\u015fan\u0131n ba\u015f\u0131ndan ge\u00e7en olaylar anlat\u0131yor.<\/p>\n<p><img loading=\"lazy\" decoding=\"async\" class=\"alignnone wp-image-154172\" src=\"https:\/\/www.tgrthaber.com\/mavikadin\/wp-content\/uploads\/Devil-May-Cry-3-nisanda-netflixte-300x169.jpg\" alt=\"Devil May Cry 3 nisanda netflixte\" width=\"1208\" height=\"680\" title=\"\" srcset=\"https:\/\/www.tgrthaber.com\/mavikadin\/wp-content\/uploads\/Devil-May-Cry-3-nisanda-netflixte-300x169.jpg 300w, https:\/\/www.tgrthaber.com\/mavikadin\/wp-content\/uploads\/Devil-May-Cry-3-nisanda-netflixte-1024x576.jpg 1024w, https:\/\/www.tgrthaber.com\/mavikadin\/wp-content\/uploads\/Devil-May-Cry-3-nisanda-netflixte-768x432.jpg 768w, https:\/\/www.tgrthaber.com\/mavikadin\/wp-content\/uploads\/Devil-May-Cry-3-nisanda-netflixte-1536x864.jpg 1536w, https:\/\/www.tgrthaber.com\/mavikadin\/wp-content\/uploads\/Devil-May-Cry-3-nisanda-netflixte.jpg 1920w\" sizes=\"(max-width: 1208px) 100vw, 1208px\" \/><\/p>\n<hr \/>\n<h3>3 N\u0130SAN 2025 \u2013 NETFL\u0130X &#8211; DEV\u0130L MAY CRY<\/h3>\n<p>Anime t\u00fcr\u00fcn\u00fc sevenlere \u00f6zel Netflix\u2019te Devil May Cry, 3 Nisan\u2019da seyircisi ile bulu\u015facak. \u0130nsan ve iblis aras\u0131ndaki ge\u00e7idin k\u00f6t\u00fc g\u00fc\u00e7ler taraf\u0131ndan a\u00e7\u0131lmaya \u00e7al\u0131\u015f\u0131lmas\u0131n\u0131 konu al\u0131yor. Her iki d\u00fcnyan\u0131n da kaderi Dante\u2019nin elindedir. \u0130nsanlar alemine s\u0131zan k\u00f6t\u00fc g\u00fc\u00e7ler, Dante\u2019nin i\u015flerini daha da zora sokacak.<\/p>\n<p><img loading=\"lazy\" decoding=\"async\" class=\"alignnone wp-image-154174\" src=\"https:\/\/www.tgrthaber.com\/mavikadin\/wp-content\/uploads\/lazarus-nisanda-yayinlanacak-300x169.jpg\" alt=\"lazarus nisanda yay\u0131nlanacak\" width=\"1208\" height=\"680\" title=\"\" srcset=\"https:\/\/www.tgrthaber.com\/mavikadin\/wp-content\/uploads\/lazarus-nisanda-yayinlanacak-300x169.jpg 300w, https:\/\/www.tgrthaber.com\/mavikadin\/wp-content\/uploads\/lazarus-nisanda-yayinlanacak-1024x576.jpg 1024w, https:\/\/www.tgrthaber.com\/mavikadin\/wp-content\/uploads\/lazarus-nisanda-yayinlanacak-768x432.jpg 768w, https:\/\/www.tgrthaber.com\/mavikadin\/wp-content\/uploads\/lazarus-nisanda-yayinlanacak-1536x864.jpg 1536w, https:\/\/www.tgrthaber.com\/mavikadin\/wp-content\/uploads\/lazarus-nisanda-yayinlanacak.jpg 1920w\" sizes=\"(max-width: 1208px) 100vw, 1208px\" \/><\/p>\n<hr \/>\n<h3>5 N\u0130SAN 2025 &#8211; TV TOKYO \/ ADULT SW\u0130M \u2013 LAZARUS<\/h3>\n<p>Anime ve Bilim Kurgu kategorisinde yer alan Lazarus, Tv Tokyo\u2019da yay\u0131nlanacak.Dr. Skinner&#8217;\u0131n 2052 y\u0131l\u0131nda Hapna adl\u0131 etkili bir ilac\u0131 piyasaya s\u00fcrmesiyle ba\u015flayacak. Skinner \u00fc\u00e7 y\u0131l sonras\u0131nda ilac\u0131 kullanan herkesin yak\u0131n zaman diliminde \u00f6lece\u011fini a\u00e7\u0131klayacak. A\u00e7\u0131klaman\u0131n ard\u0131ndan Skinner\u2019\u0131n yerini bulmak ad\u0131na \u00f6zel tim kurulacak.<\/p>\n<p><img loading=\"lazy\" decoding=\"async\" class=\"alignnone wp-image-154175\" src=\"https:\/\/www.tgrthaber.com\/mavikadin\/wp-content\/uploads\/The-Handmaids-Tale-6.-Sezonu-300x169.jpg\" alt=\"The Handmaid&#039;s Tale 6. Sezonu\" width=\"1208\" height=\"680\" title=\"\" srcset=\"https:\/\/www.tgrthaber.com\/mavikadin\/wp-content\/uploads\/The-Handmaids-Tale-6.-Sezonu-300x169.jpg 300w, https:\/\/www.tgrthaber.com\/mavikadin\/wp-content\/uploads\/The-Handmaids-Tale-6.-Sezonu-1024x576.jpg 1024w, https:\/\/www.tgrthaber.com\/mavikadin\/wp-content\/uploads\/The-Handmaids-Tale-6.-Sezonu-768x432.jpg 768w, https:\/\/www.tgrthaber.com\/mavikadin\/wp-content\/uploads\/The-Handmaids-Tale-6.-Sezonu-1536x864.jpg 1536w, https:\/\/www.tgrthaber.com\/mavikadin\/wp-content\/uploads\/The-Handmaids-Tale-6.-Sezonu.jpg 1920w\" sizes=\"(max-width: 1208px) 100vw, 1208px\" \/><\/p>\n<hr \/>\n<h3>8 N\u0130SAN 2025 \u2013 HULU- THE HANDMA\u0130D&#8217;S TALE 6. SEZON<\/h3>\n<p>Gerilim ve drama t\u00fcr\u00fcn\u00fc sevenler i\u00e7in serinin devam\u0131 olan The Handmaid&#8217;s Tale 6. Sezonu Hulu dijital platformunda 8 Nisan\u2019da yay\u0131nlanacak. Ayn\u0131 zamanda yabanc\u0131 dizinin final sezonu olacak. Amerika&#8217;n\u0131n totaliter bir rejimin kontrol\u00fcne ge\u00e7ti\u011fi distopik bir gelecekte ger\u00e7ekle\u015fen olaylar\u0131 anlatacak.<\/p>\n<p><img loading=\"lazy\" decoding=\"async\" class=\"alignnone wp-image-154176\" src=\"https:\/\/www.tgrthaber.com\/mavikadin\/wp-content\/uploads\/yabanci-dizi-pulse-netflixte-300x169.jpg\" alt=\"yabanc\u0131 dizi pulse netflixte\" width=\"1208\" height=\"680\" title=\"\" srcset=\"https:\/\/www.tgrthaber.com\/mavikadin\/wp-content\/uploads\/yabanci-dizi-pulse-netflixte-300x169.jpg 300w, https:\/\/www.tgrthaber.com\/mavikadin\/wp-content\/uploads\/yabanci-dizi-pulse-netflixte-1024x576.jpg 1024w, https:\/\/www.tgrthaber.com\/mavikadin\/wp-content\/uploads\/yabanci-dizi-pulse-netflixte-768x432.jpg 768w, https:\/\/www.tgrthaber.com\/mavikadin\/wp-content\/uploads\/yabanci-dizi-pulse-netflixte-1536x864.jpg 1536w, https:\/\/www.tgrthaber.com\/mavikadin\/wp-content\/uploads\/yabanci-dizi-pulse-netflixte.jpg 1920w\" sizes=\"(max-width: 1208px) 100vw, 1208px\" \/><\/p>\n<hr \/>\n<h3>3 N\u0130SAN 2025 \u2013 NETFL\u0130X \u2013 PULSE<\/h3>\n<p>Doktor dizileri sevenlerin ilgisini \u00e7ekecek olan yabanc\u0131 dizi Pulse, 3 Nisan\u2019da Netflix platformunda seyircisiyle bulu\u015facak. Netflix\u2019in ilk defa doktor ve drama t\u00fcr\u00fcnde \u0130ngilizce yap\u0131m\u0131 olacak. Gen\u00e7 hekim olan Dr. Danny Simms (Willa Fitzgerald) beklenmedik bir terfi alacak. Doktor meslekta\u015flar\u0131yla zorlu vakalarla bo\u011fu\u015fman\u0131n yan\u0131 s\u0131ra hastane i\u00e7indeki \u00e7at\u0131\u015fmalarla da u\u011fra\u015facak.<\/p>\n<p><img loading=\"lazy\" decoding=\"async\" class=\"alignnone wp-image-154179\" src=\"https:\/\/www.tgrthaber.com\/mavikadin\/wp-content\/uploads\/you-5.-sezon-netflixte-300x169.jpg\" alt=\"you 5. sezon netflixte\" width=\"1208\" height=\"680\" title=\"\" srcset=\"https:\/\/www.tgrthaber.com\/mavikadin\/wp-content\/uploads\/you-5.-sezon-netflixte-300x169.jpg 300w, https:\/\/www.tgrthaber.com\/mavikadin\/wp-content\/uploads\/you-5.-sezon-netflixte-1024x576.jpg 1024w, https:\/\/www.tgrthaber.com\/mavikadin\/wp-content\/uploads\/you-5.-sezon-netflixte-768x432.jpg 768w, https:\/\/www.tgrthaber.com\/mavikadin\/wp-content\/uploads\/you-5.-sezon-netflixte-1536x864.jpg 1536w, https:\/\/www.tgrthaber.com\/mavikadin\/wp-content\/uploads\/you-5.-sezon-netflixte.jpg 1920w\" sizes=\"(max-width: 1208px) 100vw, 1208px\" \/><\/p>\n<hr \/>\n<h3>24 N\u0130SAN 2025 \u2013 NETFL\u0130X &#8211; YOU 5. SEZON<\/h3>\n<p>Psikolojik ve gerilim t\u00fcr\u00fcnde en iyi dizi You 5. Seonu ile Netflix platformunda final sezonu ile yer alacak. Joe Goldberg&#8217;in New York&#8217;a d\u00f6n\u00fc\u015f\u00fcn\u00fc ve ge\u00e7mi\u015fiyle y\u00fczle\u015fmesini konu al\u0131yor. Charlotte Ritchie&#8217;nin Kate Lockwood-Goldberg rol\u00fcyle geri d\u00f6nd\u00fc. You 5. Sezon kadrosunda Madeline Brewer, Anna Camp, Griffin Matthews yer al\u0131yor.<\/p>\n","protected":false},"excerpt":{"rendered":"<p>Yabanc\u0131 dizi serisinin beklenen yap\u0131mlar\u0131 Nisan ay\u0131nda Netflix, Blu TV(HBO), Disney+ , Apple TV +, TV Tokyo \/ Adult Swim ve Hulu dijital platformlar\u0131nda seyircisi ile bulu\u015facak. Nisan ay\u0131 dizileri aras\u0131nda en \u00e7ok merak edilen diziler You, Black Mirror, The Last Us ve Andor 2.sezon yap\u0131mlar\u0131 i\u00e7in geri say\u0131m ba\u015flad\u0131. Nisan ay\u0131nda ba\u015flayacak birbirinden iddialar\u0131 yabanc\u0131 diziler. <\/p>\n","protected":false},"author":10,"featured_media":154180,"comment_status":"closed","ping_status":"closed","sticky":false,"template":"","format":"standard","meta":{"rank_math_lock_modified_date":false,"footnotes":""},"categories":[602],"tags":[15907,14140,2628,10390,3602,247,15904,15906,15905],"class_list":["post-154148","post","type-post","status-publish","format-standard","has-post-thumbnail","hentry","category-diziler","tag-andor-2-sezon","tag-black-mirror","tag-dizi-haberleri","tag-dizi-magazin","tag-diziler","tag-kesfet","tag-nisan-ayi-dizileri","tag-the-last-us","tag-yabanci-dizi"],"_links":{"self":[{"href":"https:\/\/www.tgrthaber.com\/mavikadin\/wp-json\/wp\/v2\/posts\/154148"}],"collection":[{"href":"https:\/\/www.tgrthaber.com\/mavikadin\/wp-json\/wp\/v2\/posts"}],"about":[{"href":"https:\/\/www.tgrthaber.com\/mavikadin\/wp-json\/wp\/v2\/types\/post"}],"author":[{"embeddable":true,"href":"https:\/\/www.tgrthaber.com\/mavikadin\/wp-json\/wp\/v2\/users\/10"}],"replies":[{"embeddable":true,"href":"https:\/\/www.tgrthaber.com\/mavikadin\/wp-json\/wp\/v2\/comments?post=154148"}],"version-history":[{"count":1,"href":"https:\/\/www.tgrthaber.com\/mavikadin\/wp-json\/wp\/v2\/posts\/154148\/revisions"}],"predecessor-version":[{"id":154181,"href":"https:\/\/www.tgrthaber.com\/mavikadin\/wp-json\/wp\/v2\/posts\/154148\/revisions\/154181"}],"wp:featuredmedia":[{"embeddable":true,"href":"https:\/\/www.tgrthaber.com\/mavikadin\/wp-json\/wp\/v2\/media\/154180"}],"wp:attachment":[{"href":"https:\/\/www.tgrthaber.com\/mavikadin\/wp-json\/wp\/v2\/media?parent=154148"}],"wp:term":[{"taxonomy":"category","embeddable":true,"href":"https:\/\/www.tgrthaber.com\/mavikadin\/wp-json\/wp\/v2\/categories?post=154148"},{"taxonomy":"post_tag","embeddable":true,"href":"https:\/\/www.tgrthaber.com\/mavikadin\/wp-json\/wp\/v2\/tags?post=154148"}],"curies":[{"name":"wp","href":"https:\/\/api.w.org\/{rel}","templated":true}]}}