{"id":154539,"date":"2025-03-29T21:34:08","date_gmt":"2025-03-29T18:34:08","guid":{"rendered":"https:\/\/www.tgrthaber.com\/mavikadin\/?p=154539"},"modified":"2025-03-29T21:34:08","modified_gmt":"2025-03-29T18:34:08","slug":"melike-sahinin-eski-sevgilisi-kimdir-melike-sahin-nasil-meshur-oldu","status":"publish","type":"post","link":"https:\/\/www.tgrthaber.com\/mavikadin\/melike-sahinin-eski-sevgilisi-kimdir-melike-sahin-nasil-meshur-oldu\/","title":{"rendered":"Melike \u015eahin&#8217;in eski sevgilisi kimdir? Melike \u015eahin nas\u0131l me\u015fhur oldu?"},"content":{"rendered":"<p>Melike \u015eahin, son y\u0131llarda arabesk, pop ve sanat m\u00fczi\u011fini harmanlayan tarz\u0131yla dikkat \u00e7eken isimlerin ba\u015f\u0131nda geliyor. \u015eark\u0131lar\u0131ndaki g\u00fc\u00e7l\u00fc yorumuyla geni\u015f bir dinleyici kitlesine ula\u015fan \u015eahin, \u00f6zel hayat\u0131n\u0131 kamuoyundan uzak ya\u015famay\u0131 tercih ediyor. Buna ra\u011fmen, sanat\u00e7\u0131n\u0131n evlili\u011fi ve e\u015fi hakk\u0131ndaki detaylar, hayranlar\u0131 taraf\u0131ndan merakla ara\u015ft\u0131r\u0131l\u0131yor. Peki Melike \u015eahin evli mi, sevgilisi kim? Sedat Arpal\u0131k Melike \u015eahin&#8217;nin nesi oluyor? \u0130\u015fte detaylar&#8230;<\/p>\n<h3>MEL\u0130KE \u015eAH\u0130N EVL\u0130 M\u0130, SEVG\u0130L\u0130S\u0130 K\u0130M?<\/h3>\n<p>Melike \u015eahin, 2023 y\u0131l\u0131nda uzun s\u00fcredir birlikte oldu\u011fu Sedat Arpal\u0131k ile nikah masas\u0131na oturdu. Alt\u0131 y\u0131l s\u00fcren bir birlikteli\u011fin ard\u0131ndan evlenen \u00e7ift, d\u00fc\u011f\u00fcnlerini g\u00f6zlerden uzak \u015fekilde ger\u00e7ekle\u015ftirdi. Bu sade t\u00f6ren, magazin d\u00fcnyas\u0131nda pek fazla yer bulmasa da sosyal medyada g\u00fcndem olmay\u0131 ba\u015fard\u0131.<\/p>\n<p><img loading=\"lazy\" decoding=\"async\" class=\"alignnone wp-image-154542 size-full\" src=\"https:\/\/www.tgrthaber.com\/mavikadin\/wp-content\/uploads\/depophotos18024957jpg-bDVvYQcBKUCFSCNiPlmUKQ.webp\" alt=\"\" width=\"1270\" height=\"847\" title=\"\" srcset=\"https:\/\/www.tgrthaber.com\/mavikadin\/wp-content\/uploads\/depophotos18024957jpg-bDVvYQcBKUCFSCNiPlmUKQ.webp 1270w, https:\/\/www.tgrthaber.com\/mavikadin\/wp-content\/uploads\/depophotos18024957jpg-bDVvYQcBKUCFSCNiPlmUKQ-300x200.webp 300w, https:\/\/www.tgrthaber.com\/mavikadin\/wp-content\/uploads\/depophotos18024957jpg-bDVvYQcBKUCFSCNiPlmUKQ-1024x683.webp 1024w, https:\/\/www.tgrthaber.com\/mavikadin\/wp-content\/uploads\/depophotos18024957jpg-bDVvYQcBKUCFSCNiPlmUKQ-768x512.webp 768w\" sizes=\"(max-width: 1270px) 100vw, 1270px\" \/><\/p>\n<hr \/>\n<h3>SEDAT ARPALIK K\u0130MD\u0130R?<\/h3>\n<p>Melike \u015eahin&#8217;in e\u015fi Sedat Arpal\u0131k hakk\u0131nda kamuoyuna yans\u0131yan bilgiler olduk\u00e7a s\u0131n\u0131rl\u0131. Medyada ve sosyal medya platformlar\u0131nda aktif olmayan Arpal\u0131k, tan\u0131nan biri de\u011fil. \u015eahin\u2019in verdi\u011fi r\u00f6portajlarda e\u015fiyle uyumlu ve anlay\u0131\u015fl\u0131 bir birliktelik ya\u015fad\u0131\u011f\u0131na dair ifadeler bulunuyor. Bu da \u00e7iftin sakin ve g\u00f6z \u00f6n\u00fcnde olmayan bir ya\u015fam tarz\u0131 benimsedi\u011fini g\u00f6steriyor.<\/p>\n<h3>YA\u015e FARKI OLAY OLMU\u015eTU<\/h3>\n<p>Melike \u015eahin\u2019in do\u011fum y\u0131l\u0131 1989. Bu bilgiye g\u00f6re sanat\u00e7\u0131 \u015fu anda 35 ya\u015f\u0131nda. E\u015fi Sedat Arpal\u0131k\u2019\u0131n ya\u015f\u0131 ise net olarak bilinmiyor.<\/p>\n<p><img loading=\"lazy\" decoding=\"async\" class=\"alignnone wp-image-154543 size-full\" src=\"https:\/\/www.tgrthaber.com\/mavikadin\/wp-content\/uploads\/347558808_986301705716351_1938965396969482704_n.jpg\" alt=\"\" width=\"1366\" height=\"885\" title=\"\" srcset=\"https:\/\/www.tgrthaber.com\/mavikadin\/wp-content\/uploads\/347558808_986301705716351_1938965396969482704_n.jpg 1366w, https:\/\/www.tgrthaber.com\/mavikadin\/wp-content\/uploads\/347558808_986301705716351_1938965396969482704_n-300x194.jpg 300w, https:\/\/www.tgrthaber.com\/mavikadin\/wp-content\/uploads\/347558808_986301705716351_1938965396969482704_n-1024x663.jpg 1024w, https:\/\/www.tgrthaber.com\/mavikadin\/wp-content\/uploads\/347558808_986301705716351_1938965396969482704_n-768x498.jpg 768w\" sizes=\"(max-width: 1366px) 100vw, 1366px\" \/><\/p>\n<hr \/>\n<p>Ancak sosyal medyada yer alan yorumlara g\u00f6re \u00e7ift aras\u0131nda 10 ya\u015f civar\u0131nda bir fark oldu\u011fu d\u00fc\u015f\u00fcn\u00fcl\u00fcyor. Bu da Arpal\u0131k\u2019\u0131n 40\u2019l\u0131 ya\u015flar\u0131n\u0131n ba\u015f\u0131nda oldu\u011fu y\u00f6n\u00fcnde tahminleri beraberinde getiriyor.<\/p>\n<h3>SEDAT ARPALIK NE \u0130\u015e YAPIYOR?<\/h3>\n<p>Sedat Arpal\u0131k\u2019\u0131n hangi i\u015fle u\u011fra\u015ft\u0131\u011f\u0131na dair resmi ya da a\u00e7\u0131k bir bilgi bulunmuyor. Medyada yer alan baz\u0131 yorumlara g\u00f6re m\u00fctevaz\u0131 bir hayat s\u00fcren Arpal\u0131k, herhangi bir mesleki tan\u0131t\u0131m yapmaktan da ka\u00e7\u0131n\u0131yor. Melike \u015eahin ise verdi\u011fi bir r\u00f6portajda e\u015finin kendi alan\u0131nda ba\u015far\u0131l\u0131 ve \u00f6zel bir ki\u015filik oldu\u011funu belirtmi\u015fti.<\/p>\n<p><img loading=\"lazy\" decoding=\"async\" class=\"alignnone wp-image-154544 \" src=\"https:\/\/www.tgrthaber.com\/mavikadin\/wp-content\/uploads\/pjimage-1.jpg\" alt=\"\" width=\"844\" height=\"562\" title=\"\" srcset=\"https:\/\/www.tgrthaber.com\/mavikadin\/wp-content\/uploads\/pjimage-1.jpg 800w, https:\/\/www.tgrthaber.com\/mavikadin\/wp-content\/uploads\/pjimage-1-300x200.jpg 300w, https:\/\/www.tgrthaber.com\/mavikadin\/wp-content\/uploads\/pjimage-1-768x512.jpg 768w\" sizes=\"(max-width: 844px) 100vw, 844px\" \/><\/p>\n<hr \/>\n<h3>MEL\u0130KE \u015eAH\u0130N K\u0130MD\u0130R?<\/h3>\n<p>Son y\u0131llarda m\u00fczik d\u00fcnyas\u0131nda \u00f6ne \u00e7\u0131kan isimlerden biri olan Melike \u015eahin, g\u00fc\u00e7l\u00fc vokali ve kendine has yorumu ile dikkat \u00e7ekiyor. K\u00f6kleri Sivas Divri\u011fi\u2019ye dayanan sanat\u00e7\u0131, \u0130stanbul\u2019da d\u00fcnyaya geldi.<\/p>\n<p>1989 do\u011fumlu olan Melike \u015eahin, k\u00fc\u00e7\u00fck ya\u015flarda m\u00fczi\u011fe ilgi duymaya ba\u015flad\u0131. Lise y\u0131llar\u0131nda bu ilgisini daha ileri ta\u015f\u0131yarak \u00c7a\u011fda\u015f M\u00fczik Merkezi\u2019nde Timur Sel\u00e7uk\u2019tan \u015fan e\u011fitimi ald\u0131. Akademik olarak ise Bo\u011fazi\u00e7i \u00dcniversitesi Sosyoloji B\u00f6l\u00fcm\u00fc\u2019nden mezun oldu.<\/p>\n<p>\u00dcniversite d\u00f6neminde sahneye ilk ad\u0131m\u0131n\u0131 att\u0131. T\u00fcrkiye\u2019nin \u00f6nemli alternatif m\u00fczik gruplar\u0131ndan Baba Zula ile \u00e7al\u0131\u015farak profesyonel m\u00fczik hayat\u0131na ad\u0131m atan \u015eahin, 2012 ile 2017 y\u0131llar\u0131 aras\u0131nda grubun vokalistli\u011fini yapt\u0131. Bu s\u00fcre\u00e7te yerli ve yabanc\u0131 bir\u00e7ok konserde sahne ald\u0131.<\/p>\n<p>Baba Zula\u2019yla yollar\u0131n\u0131 ay\u0131rmadan \u00f6nce \u201cMelik\u015fah ve Saz Arkada\u015flar\u0131\u201d ad\u0131n\u0131 verdi\u011fi kendi grubunu kurdu. Bu grupla \u0130stanbul\u2019un \u00e7e\u015fitli sahnelerinde arabesk temal\u0131 repertuarlar seslendirdi. Bu d\u00f6nem, solo kariyerinin temellerinin at\u0131ld\u0131\u011f\u0131 s\u00fcre\u00e7 oldu.<\/p>\n<p><img loading=\"lazy\" decoding=\"async\" class=\"alignnone wp-image-154545 \" src=\"https:\/\/www.tgrthaber.com\/mavikadin\/wp-content\/uploads\/67a61813095d6ee56b877892.webp\" alt=\"\" width=\"839\" height=\"501\" title=\"\" srcset=\"https:\/\/www.tgrthaber.com\/mavikadin\/wp-content\/uploads\/67a61813095d6ee56b877892.webp 720w, https:\/\/www.tgrthaber.com\/mavikadin\/wp-content\/uploads\/67a61813095d6ee56b877892-300x179.webp 300w\" sizes=\"(max-width: 839px) 100vw, 839px\" \/><\/p>\n<hr \/>\n<h3>MEL\u0130KE \u015eAH\u0130N NASIL \u00dcNL\u00dc OLDU?<\/h3>\n<p>Melike \u015eahin\u2019in tan\u0131n\u0131rl\u0131\u011f\u0131, 2017 y\u0131l\u0131nda hem T\u00fcrkiye\u2019de hem yurt d\u0131\u015f\u0131nda att\u0131\u011f\u0131 ad\u0131mlarla ciddi bir ivme kazand\u0131. \u00d6zellikle solo projeleri ve uluslararas\u0131 sahnelerdeki performanslar\u0131yla dikkat \u00e7ekti.<\/p>\n<p>2017 y\u0131l\u0131nda Frans\u0131z y\u00f6netmen Tony Gatlif\u2019in \u201cDjam\u201d isimli filminde \u00fc\u00e7 \u015fark\u0131 seslendirdi. Bu projeyle birlikte Cannes Film Festivali kapsam\u0131nda d\u00fczenlenen \u00f6zel bir etkinlikte sahne ald\u0131. Uluslararas\u0131 izleyici kar\u015f\u0131s\u0131na ilk kez bu sahnede \u00e7\u0131kan \u015eahin, g\u00fc\u00e7l\u00fc sahne duru\u015fu ve sesiyle b\u00fcy\u00fck be\u011feni toplad\u0131.<\/p>\n<p>Ayn\u0131 y\u0131l, \u201cBi\u2019 F\u0131rlatsam\u201d ve \u201cDeli Kan\u201d isimli ilk teklileriyle solo kariyerine ba\u015flad\u0131. Bu \u015fark\u0131lar, k\u0131sa s\u00fcrede dijital platformlarda b\u00fcy\u00fck dinlenme rakamlar\u0131na ula\u015ft\u0131. Kendi tarz\u0131n\u0131 net bir \u015fekilde ortaya koydu\u011fu bu \u015fark\u0131lar, onu geni\u015f bir kitleyle bulu\u015fturdu.<\/p>\n<p><img loading=\"lazy\" decoding=\"async\" class=\"alignnone wp-image-154546 size-full\" src=\"https:\/\/www.tgrthaber.com\/mavikadin\/wp-content\/uploads\/347561357_1984885885192708_4022125606652145506_n.jpg\" alt=\"\" width=\"1366\" height=\"1274\" title=\"\" srcset=\"https:\/\/www.tgrthaber.com\/mavikadin\/wp-content\/uploads\/347561357_1984885885192708_4022125606652145506_n.jpg 1366w, https:\/\/www.tgrthaber.com\/mavikadin\/wp-content\/uploads\/347561357_1984885885192708_4022125606652145506_n-300x280.jpg 300w, https:\/\/www.tgrthaber.com\/mavikadin\/wp-content\/uploads\/347561357_1984885885192708_4022125606652145506_n-1024x955.jpg 1024w, https:\/\/www.tgrthaber.com\/mavikadin\/wp-content\/uploads\/347561357_1984885885192708_4022125606652145506_n-768x716.jpg 768w\" sizes=\"(max-width: 1366px) 100vw, 1366px\" \/><\/p>\n<hr \/>\n<p>2021 y\u0131l\u0131nda yay\u0131mlad\u0131\u011f\u0131 ilk alb\u00fcm\u00fc \u201cMerhem\u201d ile kariyerinde \u00f6nemli bir d\u00f6neme\u00e7 daha ya\u015fad\u0131. Alb\u00fcm \u00f6ncesi yay\u0131mlanan \u201cUykumun Boynunu B\u00fckme\u201d adl\u0131 tekli, dinleyicilerden yo\u011fun ilgi g\u00f6rd\u00fc. \u015eahin, pandemi d\u00f6neminde \u00e7evrimi\u00e7i konserlerle dinleyicileriyle bulu\u015fmaya devam etti.<\/p>\n<p>2025 y\u0131l\u0131 itibariyle TV8 ekranlar\u0131nda yay\u0131nlanan O Ses T\u00fcrkiye program\u0131nda j\u00fcri \u00fcyeli\u011fi yapmaya ba\u015flayan \u015eahin, televizyon d\u00fcnyas\u0131nda da kendine yer buldu.<\/p>\n<p>Kendi \u00e7izgisini koruyan duru\u015fu, \u00f6zg\u00fcn yorumlar\u0131 ve sahnedeki varl\u0131\u011f\u0131yla Melike \u015eahin, son d\u00f6nemin en dikkat \u00e7eken sanat\u00e7\u0131lar\u0131ndan biri haline geldi.<\/p>\n","protected":false},"excerpt":{"rendered":"<p>Son d\u00f6nemde O Ses T\u00fcrkiye&#8217;nin j\u00fcri koltu\u011funa oturmas\u0131yla yeniden g\u00fcndeme gelen \u015fark\u0131c\u0131 Melike \u015eahin&#8217;in \u00f6zel hayat\u0131, \u00f6zellikle de evlili\u011fi ve e\u015fi Sedat Arpal\u0131k merak konusu oldu. Peki Melike \u015eahin nas\u0131l \u00fcnl\u00fc oldu? Sevgilisi kim? Sedat Arpal\u0131k kimdir? Melike \u015eahin&#8217;in nesi oluyor , e\u015fi mi? Sedat Arpal\u0131k ka\u00e7 ya\u015f\u0131nda, ne i\u015f yap\u0131yor? \u0130\u015fte merak edilen t\u00fcm detaylar&#8230;<\/p>\n","protected":false},"author":35,"featured_media":154540,"comment_status":"closed","ping_status":"closed","sticky":false,"template":"","format":"standard","meta":{"rank_math_lock_modified_date":false,"footnotes":""},"categories":[491],"tags":[4301,10453,15985,7667,9446,10452],"class_list":["post-154539","post","type-post","status-publish","format-standard","has-post-thumbnail","hentry","category-biyografi","tag-melike-sahin","tag-melike-sahin-esi","tag-melike-sahin-sevgilisi-kim","tag-o-ses-turkiye-melike-sahin","tag-sedat-arpalik","tag-sedat-arpalik-kac-yasinda"],"_links":{"self":[{"href":"https:\/\/www.tgrthaber.com\/mavikadin\/wp-json\/wp\/v2\/posts\/154539"}],"collection":[{"href":"https:\/\/www.tgrthaber.com\/mavikadin\/wp-json\/wp\/v2\/posts"}],"about":[{"href":"https:\/\/www.tgrthaber.com\/mavikadin\/wp-json\/wp\/v2\/types\/post"}],"author":[{"embeddable":true,"href":"https:\/\/www.tgrthaber.com\/mavikadin\/wp-json\/wp\/v2\/users\/35"}],"replies":[{"embeddable":true,"href":"https:\/\/www.tgrthaber.com\/mavikadin\/wp-json\/wp\/v2\/comments?post=154539"}],"version-history":[{"count":2,"href":"https:\/\/www.tgrthaber.com\/mavikadin\/wp-json\/wp\/v2\/posts\/154539\/revisions"}],"predecessor-version":[{"id":154549,"href":"https:\/\/www.tgrthaber.com\/mavikadin\/wp-json\/wp\/v2\/posts\/154539\/revisions\/154549"}],"wp:featuredmedia":[{"embeddable":true,"href":"https:\/\/www.tgrthaber.com\/mavikadin\/wp-json\/wp\/v2\/media\/154540"}],"wp:attachment":[{"href":"https:\/\/www.tgrthaber.com\/mavikadin\/wp-json\/wp\/v2\/media?parent=154539"}],"wp:term":[{"taxonomy":"category","embeddable":true,"href":"https:\/\/www.tgrthaber.com\/mavikadin\/wp-json\/wp\/v2\/categories?post=154539"},{"taxonomy":"post_tag","embeddable":true,"href":"https:\/\/www.tgrthaber.com\/mavikadin\/wp-json\/wp\/v2\/tags?post=154539"}],"curies":[{"name":"wp","href":"https:\/\/api.w.org\/{rel}","templated":true}]}}