{"id":154558,"date":"2025-03-29T22:41:11","date_gmt":"2025-03-29T19:41:11","guid":{"rendered":"https:\/\/www.tgrthaber.com\/mavikadin\/?p=154558"},"modified":"2025-03-29T22:41:11","modified_gmt":"2025-03-29T19:41:11","slug":"o-ses-turkiye-elif-idizin-babasi-da-unlu-cikti-cem-idiz-kimdir-ne-is-yapiyor","status":"publish","type":"post","link":"https:\/\/www.tgrthaber.com\/mavikadin\/o-ses-turkiye-elif-idizin-babasi-da-unlu-cikti-cem-idiz-kimdir-ne-is-yapiyor\/","title":{"rendered":"O Ses T\u00fcrkiye Elif \u0130diz&#8217;in babas\u0131 da \u00fcnl\u00fc \u00e7\u0131kt\u0131! Cem \u0130diz kimdir, ne i\u015f yap\u0131yor?"},"content":{"rendered":"<p class=\"p1\">O Ses T\u00fcrkiye&#8217;nin bu ak\u015famki yar\u0131\u015fmac\u0131lar\u0131ndan olan 39 ya\u015f\u0131ndaki\u00a0 Elif \u0130diz, sahnedeki enerjisi ve g\u00fc\u00e7l\u00fc sesiyle dikkatleri \u00fczerine \u00e7ekti. \u0130diz, ayn\u0131 zamanda zarif g\u00f6r\u00fcn\u00fcm\u00fcyle de ilgi toplad\u0131. Frans\u0131z m\u00fczi\u011finin unutulmaz eserlerinden Padam Padam\u2019\u0131 yorumlayarak \u00fc\u00e7 j\u00fcriyi birden d\u00f6nd\u00fcrmesiyle ad\u0131ndan s\u00f6z ettirmeyi ba\u015faran Elif \u0130diz, Nurseli \u0130diz&#8217;in k\u0131z\u0131 oldu\u011funu s\u00f6yleyince sosyal medyada da geni\u015f yank\u0131 uyand\u0131rd\u0131. Peki Elif \u0130diz&#8217;in babas\u0131 Cem \u0130diz kimdir, ne i\u015f yap\u0131yor? \u0130\u015fte merak edilen sorunun detayl\u0131 cevab\u0131..<\/p>\n<h3>O SES T\u00dcRK\u0130YE EL\u0130F \u0130D\u0130Z SOSYAL MEDYAYI SALLADI<\/h3>\n<p class=\"p1\">O Ses T\u00fcrkiye\u2019nin bu ak\u015famki b\u00f6l\u00fcm\u00fcnde sahne alan Elif \u0130diz, hem sesiyle hem de kendinden emin tav\u0131rlar\u0131yla izleyenlerden tam not ald\u0131. Performans \u00f6ncesinde yapt\u0131\u011f\u0131 k\u0131sa tan\u0131t\u0131mda, \u201cOlduk\u00e7a duygusal biriyim ve m\u00fczi\u011fe b\u00fcy\u00fck bir ba\u011fl\u0131l\u0131\u011f\u0131m var\u201d diyerek kendini ifade eden Elif, sahnede Frans\u0131z m\u00fczi\u011finin sevilen klasiklerinden Padam Padam\u2019\u0131 yorumlad\u0131. G\u00fc\u00e7l\u00fc yorumuyla salonu etkisi alt\u0131na alan gen\u00e7 yar\u0131\u015fmac\u0131, j\u00fcri \u00fcyelerinin dikkatini an\u0131nda \u00e7ekti.<\/p>\n<p><img loading=\"lazy\" decoding=\"async\" class=\"alignnone wp-image-154565 size-large\" src=\"https:\/\/www.tgrthaber.com\/mavikadin\/wp-content\/uploads\/Ekran-Resmi-2025-03-29-22.11.05-1024x675.png\" alt=\"\" width=\"1024\" height=\"675\" title=\"\" srcset=\"https:\/\/www.tgrthaber.com\/mavikadin\/wp-content\/uploads\/Ekran-Resmi-2025-03-29-22.11.05-1024x675.png 1024w, https:\/\/www.tgrthaber.com\/mavikadin\/wp-content\/uploads\/Ekran-Resmi-2025-03-29-22.11.05-300x198.png 300w, https:\/\/www.tgrthaber.com\/mavikadin\/wp-content\/uploads\/Ekran-Resmi-2025-03-29-22.11.05-768x506.png 768w, https:\/\/www.tgrthaber.com\/mavikadin\/wp-content\/uploads\/Ekran-Resmi-2025-03-29-22.11.05.png 1266w\" sizes=\"(max-width: 1024px) 100vw, 1024px\" \/><\/p>\n<hr \/>\n<p class=\"p1\">Elif\u2019in seslendirdi\u011fi par\u00e7aya kar\u015f\u0131 kay\u0131ts\u0131z kalamayan \u00fc\u00e7 j\u00fcri \u00fcyesi<span class=\"Apple-converted-space\">\u00a0 <\/span>Beyaz\u0131t \u00d6zt\u00fcrk, Hadise ve G\u00f6khan<span class=\"Apple-converted-space\">\u00a0 <\/span>butona basarak d\u00f6nmeyi tercih etti. Sahne sanatlar\u0131na da ilgi duydu\u011funu belirten Elif, hem m\u00fczi\u011fi hem tiyatroyu tutkuyla yapt\u0131\u011f\u0131n\u0131 s\u00f6yledi.<\/p>\n<h3 class=\"p1\">O SES T\u00dcRK\u0130YE EL\u0130F \u0130D\u0130Z&#8217;\u0130N BABASI CEM \u0130D\u0130Z K\u0130MD\u0130R, NE \u0130\u015eYAPIYOR?<\/h3>\n<p class=\"p1\">1959 y\u0131l\u0131nda Ankara\u2019da d\u00fcnyaya gelen sanat\u00e7\u0131, m\u00fczik e\u011fitimine k\u00fc\u00e7\u00fck ya\u015flarda ba\u015flad\u0131. 1970 y\u0131l\u0131nda Ankara Devlet Konservatuvar\u0131\u2019n\u0131n viyolonsel b\u00f6l\u00fcm\u00fcn\u00fc kazanarak klasik m\u00fczik yolculu\u011funa ad\u0131m att\u0131. Ancak birka\u00e7 y\u0131l sonra, 1974\u2019te Muammer Sun ve Adnan Saygun\u2019un y\u00f6nlendirmesiyle kompozisyon b\u00f6l\u00fcm\u00fcne ge\u00e7i\u015f yapt\u0131. Bu d\u00f6nemde Muammer Sun ile armoni, Mithat Fenmen ile partisyon okuma, Ferit T\u00fcz\u00fcn ile m\u00fczik analizi, Kemal \u0130lerici ile T\u00fcrk m\u00fczi\u011fi armonisi \u00fczerine yo\u011funla\u015ft\u0131.<\/p>\n<p><img loading=\"lazy\" decoding=\"async\" class=\"alignnone wp-image-154567 \" src=\"https:\/\/www.tgrthaber.com\/mavikadin\/wp-content\/uploads\/Ekran-Resmi-2025-03-29-22.11.16.png\" alt=\"\" width=\"991\" height=\"628\" title=\"\" srcset=\"https:\/\/www.tgrthaber.com\/mavikadin\/wp-content\/uploads\/Ekran-Resmi-2025-03-29-22.11.16.png 918w, https:\/\/www.tgrthaber.com\/mavikadin\/wp-content\/uploads\/Ekran-Resmi-2025-03-29-22.11.16-300x190.png 300w, https:\/\/www.tgrthaber.com\/mavikadin\/wp-content\/uploads\/Ekran-Resmi-2025-03-29-22.11.16-768x487.png 768w\" sizes=\"(max-width: 991px) 100vw, 991px\" \/><\/p>\n<hr \/>\n<p class=\"p1\">1977-1978 y\u0131llar\u0131nda Hollanda\u2019ya giderek Lahey\u2019de bulunan Kraliyet Konservatuvar\u0131\u2019na kaydoldu. Burada Peter Schat\u2019tan beste, Louis Andriessen\u2019den ise \u00e7a\u011fda\u015f m\u00fczik formlar\u0131 e\u011fitimi ald\u0131. 1978 y\u0131l\u0131nda besteledi\u011fi \u201c1 May\u0131s 1977\u2019ye A\u011f\u0131t\u201d adl\u0131 senfonik \u015fiiri, Hollanda Kraliyet Konservatuvar\u0131 Orkestras\u0131 taraf\u0131ndan seslendirildi.<\/p>\n<p><img loading=\"lazy\" decoding=\"async\" class=\"alignnone wp-image-154568 size-large\" src=\"https:\/\/www.tgrthaber.com\/mavikadin\/wp-content\/uploads\/Ekran-Resmi-2025-03-29-22.11.29-1024x604.png\" alt=\"\" width=\"1024\" height=\"604\" title=\"\" srcset=\"https:\/\/www.tgrthaber.com\/mavikadin\/wp-content\/uploads\/Ekran-Resmi-2025-03-29-22.11.29-1024x604.png 1024w, https:\/\/www.tgrthaber.com\/mavikadin\/wp-content\/uploads\/Ekran-Resmi-2025-03-29-22.11.29-300x177.png 300w, https:\/\/www.tgrthaber.com\/mavikadin\/wp-content\/uploads\/Ekran-Resmi-2025-03-29-22.11.29-768x453.png 768w, https:\/\/www.tgrthaber.com\/mavikadin\/wp-content\/uploads\/Ekran-Resmi-2025-03-29-22.11.29.png 1054w\" sizes=\"(max-width: 1024px) 100vw, 1024px\" \/><\/p>\n<hr \/>\n<p class=\"p1\">T\u00fcrkiye\u2019ye d\u00f6nd\u00fc\u011f\u00fcnde Mimar Sinan \u00dcniversitesi \u0130stanbul Devlet Konservatuvar\u0131\u2019nda Cengiz Tan\u00e7\u2019\u0131n \u00f6\u011frencisi oldu ve burada y\u00fcksek lisans\u0131n\u0131 tamamlad\u0131. \u015eostakovi\u00e7 \u00fczerine haz\u0131rlad\u0131\u011f\u0131 teziyle dikkat \u00e7ekti. Uzun y\u0131llar boyunca konservatuvarda m\u00fczik teorisi, solfej, armoni ve m\u00fczik tarihi gibi dersler verdi. &#8216;M\u00fczik ve Sahne Sanatlar\u0131 Dergisi&#8217;nin olu\u015fumuna katk\u0131 sa\u011flad\u0131, ayr\u0131ca &#8216;Bilim ve Sanat&#8217; dergisinde de yaz\u0131 kurulu \u00fcyesi olarak yer ald\u0131. 1993\u2019te g\u00f6revinden ayr\u0131ld\u0131 ve kariyerine ba\u011f\u0131ms\u0131z besteci olarak devam etti. Film, tiyatro ve orkestra i\u00e7in bir\u00e7ok eser kaleme ald\u0131.<\/p>\n","protected":false},"excerpt":{"rendered":"<p>O Ses T\u00fcrkiye sahnesinde yer alan 39 ya\u015f\u0131ndaki Elif \u0130diz, g\u00fc\u00e7l\u00fc vokali ve sahneye ta\u015f\u0131d\u0131\u011f\u0131 enerjisiyle izleyenleri etkiledi. \u00dcnl\u00fc \u015fark\u0131 Padam Padam\u2019\u0131 seslendirerek \u00fc\u00e7 j\u00fcriyi d\u00f6nd\u00fcrd\u00fc. O Ses yar\u0131\u015fmac\u0131s\u0131 Elif \u0130diz, Nurseli \u0130diz\u2019in k\u0131z\u0131 oldu\u011funu a\u00e7\u0131klay\u0131nca sosyal medyada g\u00fcndem oldu. Nurseli \u0130diz&#8217;in k\u0131z\u0131 oldu\u011fu \u00f6\u011frenilen Elif \u0130diz&#8217;in babas\u0131 da merak konusu oldu. \u0130\u015fte detaylar.. <\/p>\n","protected":false},"author":16,"featured_media":154569,"comment_status":"closed","ping_status":"closed","sticky":false,"template":"","format":"standard","meta":{"rank_math_lock_modified_date":false,"footnotes":""},"categories":[491],"tags":[15990,15989,15991],"class_list":["post-154558","post","type-post","status-publish","format-standard","has-post-thumbnail","hentry","category-biyografi","tag-o-ses-turkiye-elif-idiz-babasi-cem-idiz","tag-o-ses-turkiye-elif-idiz-babasi-kim","tag-o-ses-turkiye-elif-idiz-nurseli-idiz-cem-idiz"],"_links":{"self":[{"href":"https:\/\/www.tgrthaber.com\/mavikadin\/wp-json\/wp\/v2\/posts\/154558"}],"collection":[{"href":"https:\/\/www.tgrthaber.com\/mavikadin\/wp-json\/wp\/v2\/posts"}],"about":[{"href":"https:\/\/www.tgrthaber.com\/mavikadin\/wp-json\/wp\/v2\/types\/post"}],"author":[{"embeddable":true,"href":"https:\/\/www.tgrthaber.com\/mavikadin\/wp-json\/wp\/v2\/users\/16"}],"replies":[{"embeddable":true,"href":"https:\/\/www.tgrthaber.com\/mavikadin\/wp-json\/wp\/v2\/comments?post=154558"}],"version-history":[{"count":2,"href":"https:\/\/www.tgrthaber.com\/mavikadin\/wp-json\/wp\/v2\/posts\/154558\/revisions"}],"predecessor-version":[{"id":154572,"href":"https:\/\/www.tgrthaber.com\/mavikadin\/wp-json\/wp\/v2\/posts\/154558\/revisions\/154572"}],"wp:featuredmedia":[{"embeddable":true,"href":"https:\/\/www.tgrthaber.com\/mavikadin\/wp-json\/wp\/v2\/media\/154569"}],"wp:attachment":[{"href":"https:\/\/www.tgrthaber.com\/mavikadin\/wp-json\/wp\/v2\/media?parent=154558"}],"wp:term":[{"taxonomy":"category","embeddable":true,"href":"https:\/\/www.tgrthaber.com\/mavikadin\/wp-json\/wp\/v2\/categories?post=154558"},{"taxonomy":"post_tag","embeddable":true,"href":"https:\/\/www.tgrthaber.com\/mavikadin\/wp-json\/wp\/v2\/tags?post=154558"}],"curies":[{"name":"wp","href":"https:\/\/api.w.org\/{rel}","templated":true}]}}