{"id":154578,"date":"2025-03-29T23:19:10","date_gmt":"2025-03-29T20:19:10","guid":{"rendered":"https:\/\/www.tgrthaber.com\/mavikadin\/?p=154578"},"modified":"2025-09-12T15:41:59","modified_gmt":"2025-09-12T12:41:59","slug":"duyunca-agziniz-acik-kalacak-vazelinin-tam-21-kullanim-alani","status":"publish","type":"post","link":"https:\/\/www.tgrthaber.com\/mavikadin\/duyunca-agziniz-acik-kalacak-vazelinin-tam-21-kullanim-alani\/","title":{"rendered":"Duyunca a\u011fz\u0131n\u0131z a\u00e7\u0131k kalacak! Vazelinin tam 21 kullan\u0131m alan\u0131"},"content":{"rendered":"<p>Vazelinin kullan\u0131m alanlar\u0131n\u0131n bir\u00e7o\u011fu, g\u00fcnl\u00fck hayatta s\u0131k\u00e7a kar\u015f\u0131la\u015f\u0131lan k\u00fc\u00e7\u00fck ama can s\u0131k\u0131c\u0131 sorunlara pratik \u00e7\u00f6z\u00fcmler getiriyor. Vazelini yaln\u0131zca cilt kurulu\u011funa kar\u015f\u0131 de\u011fil; sa\u00e7 u\u00e7lar\u0131ndan topuk \u00e7atlaklar\u0131na, s\u0131k\u0131\u015fan fermuarlardan makyaj kal\u0131nt\u0131lar\u0131na kadar pek \u00e7ok noktada kullanmak m\u00fcmk\u00fcn. \u00dcstelik \u00e7o\u011fu zaman pahal\u0131 \u00fcr\u00fcnlere gerek kalmadan, tek bir kavanozla pek \u00e7ok ihtiyac\u0131 kar\u015f\u0131lamak da cabas\u0131. \u0130\u015fte hayat\u0131n farkl\u0131 alanlar\u0131nda i\u015fe yarayan, vazge\u00e7ilmez hale gelen o pratik kullan\u0131mlar&#8230;<\/p>\n<h3>VAZEL\u0130N\u0130N 21 FARKLI KULLANIM ALANI BULUNUYOR<\/h3>\n<p>Basit yap\u0131s\u0131 ve renksiz g\u00f6r\u00fcn\u00fcm\u00fcyle s\u0131radan bir \u00fcr\u00fcn gibi dursa da vazelin, ki\u015fisel bak\u0131mdan ev i\u00e7i ihtiya\u00e7lara kadar uzanan geni\u015f bir kullan\u0131m alan\u0131na sahiptir. Cilt bak\u0131m\u0131n\u0131n \u00f6tesine ge\u00e7en etkileriyle vazelin, hayat\u0131n farkl\u0131 alanlar\u0131nda \u00e7\u00f6z\u00fcm sa\u011flayan destekleyici bir \u00fcr\u00fcn haline gelmi\u015ftir. \u0130\u015fte vazelinin 21 farkl\u0131 kullan\u0131m \u015fekli&#8230;<\/p>\n<p><img loading=\"lazy\" decoding=\"async\" class=\"alignnone wp-image-154585 \" src=\"https:\/\/www.tgrthaber.com\/mavikadin\/wp-content\/uploads\/640x360-7.jpg\" alt=\"\" width=\"834\" height=\"469\" title=\"\" srcset=\"https:\/\/www.tgrthaber.com\/mavikadin\/wp-content\/uploads\/640x360-7.jpg 640w, https:\/\/www.tgrthaber.com\/mavikadin\/wp-content\/uploads\/640x360-7-300x169.jpg 300w\" sizes=\"(max-width: 834px) 100vw, 834px\" \/><\/p>\n<hr \/>\n<h3>C\u0130LT BAKIMI<\/h3>\n<ul>\n<li>Cildi nemlendirme \u00f6zelli\u011fiyle kuruluk ve \u00e7atlaklara kar\u015f\u0131 etkilidir. \u00d6zellikle dirsek, diz ve topuk gibi b\u00f6lgelerde yumu\u015fakl\u0131k sa\u011flar.<\/li>\n<li>Dudaklar\u0131n so\u011fuk hava ko\u015fullar\u0131nda kurumas\u0131n\u0131 ve \u00e7atlamas\u0131n\u0131 \u00f6nler.<\/li>\n<li>Bebeklerde pi\u015fik olu\u015fumunu \u00f6nlemek amac\u0131yla bez b\u00f6lgesine uygulanabilir.<\/li>\n<li>K\u00fc\u00e7\u00fck kesik ve yan\u0131klar\u0131n \u00fczerine s\u00fcr\u00fclerek yaran\u0131n nemli kalmas\u0131n\u0131 sa\u011flar, iyile\u015fme s\u00fcrecini destekler.<\/li>\n<\/ul>\n<h3>SA\u00c7 VE KA\u015e BAKIMI<\/h3>\n<ul>\n<li>K\u0131r\u0131lm\u0131\u015f ve y\u0131pranm\u0131\u015f sa\u00e7 u\u00e7lar\u0131na uyguland\u0131\u011f\u0131nda sa\u00e7\u0131n daha sa\u011fl\u0131kl\u0131 g\u00f6r\u00fcnmesine katk\u0131 sa\u011flar.<\/li>\n<li>Ka\u015flar\u0131n d\u00fczg\u00fcn durmas\u0131 ve sabit kalmas\u0131 i\u00e7in \u015fekillendirici olarak kullan\u0131labilir.<\/li>\n<li>Kirpik diplerine yatmadan \u00f6nce s\u00fcr\u00fcld\u00fc\u011f\u00fcnde kirpiklerin g\u00fc\u00e7lenmesine ve uzamas\u0131na yard\u0131mc\u0131 olabilir.<\/li>\n<\/ul>\n<h3>MAKYAJ YARDIMCISI<\/h3>\n<ul>\n<li>Suya dayan\u0131kl\u0131 makyaj \u00fcr\u00fcnlerinin cilt \u00fczerinden kolayca temizlenmesini sa\u011flar.<\/li>\n<li>Parf\u00fcm uygulanmadan \u00f6nce bileklere s\u00fcr\u00fcld\u00fc\u011f\u00fcnde kokunun kal\u0131c\u0131l\u0131\u011f\u0131n\u0131 art\u0131r\u0131r.<\/li>\n<\/ul>\n<p><img loading=\"lazy\" decoding=\"async\" class=\"alignnone wp-image-154586 \" src=\"https:\/\/www.tgrthaber.com\/mavikadin\/wp-content\/uploads\/5d78d6ba45d2a023a0d3bd2b.webp\" alt=\"\" width=\"831\" height=\"554\" title=\"\" srcset=\"https:\/\/www.tgrthaber.com\/mavikadin\/wp-content\/uploads\/5d78d6ba45d2a023a0d3bd2b.webp 615w, https:\/\/www.tgrthaber.com\/mavikadin\/wp-content\/uploads\/5d78d6ba45d2a023a0d3bd2b-300x200.webp 300w\" sizes=\"(max-width: 831px) 100vw, 831px\" \/><\/p>\n<hr \/>\n<ul>\n<li>G\u00f6z far\u0131 alt\u0131na ince bir tabaka olarak uyguland\u0131\u011f\u0131nda \u0131slak ve parlak bir g\u00f6r\u00fcn\u00fcm sa\u011flar.<\/li>\n<\/ul>\n<h3>TIRNAK VE EL BAKIMI<\/h3>\n<ul>\n<li>T\u0131rnak etlerini yumu\u015fatarak manik\u00fcr i\u015flemlerini kolayla\u015ft\u0131r\u0131r.<\/li>\n<li>Oje s\u00fcrmeden \u00f6nce t\u0131rnak kenarlar\u0131na uygulanarak ta\u015fan ojenin rahat\u00e7a temizlenmesine yard\u0131mc\u0131 olur.<\/li>\n<\/ul>\n<h3>AYAK BAKIMI<\/h3>\n<ul>\n<li>Gece yatmadan \u00f6nce topuklara uygulan\u0131p \u00e7orap giyildi\u011finde \u00e7atlaklar\u0131n yumu\u015famas\u0131n\u0131 ve zamanla azalmas\u0131n\u0131 sa\u011flar.<\/li>\n<\/ul>\n<h3>EV \u0130\u015eLER\u0130 VE D\u0130\u011eER KULLANIMLAR<\/h3>\n<ul>\n<li>Deri ceket, \u00e7anta veya ayakkab\u0131lara ince bir tabaka halinde s\u00fcr\u00fcld\u00fc\u011f\u00fcnde parlakl\u0131k kazand\u0131r\u0131r.<\/li>\n<li>S\u0131k\u0131\u015fan fermuarlar\u0131n raylar\u0131na s\u00fcr\u00fcld\u00fc\u011f\u00fcnde kolay hareket etmelerini sa\u011flar.<\/li>\n<li>Ah\u015fap mobilyalar\u0131n y\u00fczeyindeki k\u00fc\u00e7\u00fck \u00e7izikleri gizlemek ve parlatmak amac\u0131yla kullan\u0131labilir.<\/li>\n<li>Giysilere bula\u015fan makyaj lekelerinin \u00e7\u0131kar\u0131lmas\u0131nda destekleyici bir \u00e7\u00f6z\u00fcm sunar.<\/li>\n<\/ul>\n<p><img loading=\"lazy\" decoding=\"async\" class=\"alignnone wp-image-154587 size-full\" src=\"https:\/\/www.tgrthaber.com\/mavikadin\/wp-content\/uploads\/t25_vazelinin-sasirtan-kullan-245.webp\" alt=\"\" width=\"1200\" height=\"674\" title=\"\" srcset=\"https:\/\/www.tgrthaber.com\/mavikadin\/wp-content\/uploads\/t25_vazelinin-sasirtan-kullan-245.webp 1200w, https:\/\/www.tgrthaber.com\/mavikadin\/wp-content\/uploads\/t25_vazelinin-sasirtan-kullan-245-300x169.webp 300w, https:\/\/www.tgrthaber.com\/mavikadin\/wp-content\/uploads\/t25_vazelinin-sasirtan-kullan-245-1024x575.webp 1024w, https:\/\/www.tgrthaber.com\/mavikadin\/wp-content\/uploads\/t25_vazelinin-sasirtan-kullan-245-768x431.webp 768w\" sizes=\"(max-width: 1200px) 100vw, 1200px\" \/><\/p>\n<hr \/>\n<ul>\n<li>Pamuk \u00fczerine s\u00fcr\u00fclerek ate\u015f yakma i\u015flemlerinde kolay tutu\u015fmay\u0131 sa\u011flar.<\/li>\n<li>Sa\u00e7 boyas\u0131 i\u015flemlerinde al\u0131n \u00e7evresine s\u00fcr\u00fcld\u00fc\u011f\u00fcnde boyan\u0131n cilde bula\u015fmas\u0131n\u0131 engeller.<\/li>\n<li>Temizlik sonras\u0131 tahri\u015f olan elleri yat\u0131\u015ft\u0131rmak i\u00e7in bak\u0131m \u00fcr\u00fcn\u00fc olarak kullan\u0131labilir.<\/li>\n<li>Evcil hayvanlar\u0131n patilerine so\u011fuk havalarda uyguland\u0131\u011f\u0131nda \u00e7atlak olu\u015fumunu \u00f6nlemeye yard\u0131mc\u0131 olur.<\/li>\n<\/ul>\n<h3>VAZEL\u0130N\u0130N \u0130\u00c7\u0130NDE NE VAR?<\/h3>\n<p>Vazelin, cilt bak\u0131m\u0131nda uzun y\u0131llard\u0131r kullan\u0131lan en temel \u00fcr\u00fcnlerden biri olarak biliniyor. G\u00f6r\u00fcn\u00fc\u015fte basit bir madde gibi dursa da asl\u0131nda kimyasal yap\u0131s\u0131 olduk\u00e7a tan\u0131ml\u0131 ve kontroll\u00fcd\u00fcr. Vazelin, \u201cpetroleum jelly\u201d olarak da bilinen ve rafine edilmi\u015f yar\u0131 kat\u0131 hidrokarbonlardan olu\u015fan bir bile\u015fiktir. Bu i\u00e7erik, petrol\u00fcn safla\u015ft\u0131r\u0131lmas\u0131 s\u0131ras\u0131nda elde edilen bir yan \u00fcr\u00fcnd\u00fcr ve bu i\u015flem sonucunda ortaya \u00e7\u0131kan madde, \u00e7e\u015fitli a\u015famalardan ge\u00e7irilerek t\u0131bbi ve kozmetik kullan\u0131ma uygun hale getirilir.<\/p>\n<p>Yap\u0131s\u0131nda a\u011f\u0131rl\u0131kl\u0131 olarak karbon say\u0131s\u0131 25\u2019in \u00fczerinde olan doymu\u015f kristal ve s\u0131v\u0131 hidrokarbonlar bulunur. Bu sayede hem koruyucu bir bariyer g\u00f6revi g\u00f6r\u00fcr hem de su kayb\u0131n\u0131 \u00f6nleyerek cildin nem dengesini korumas\u0131na yard\u0131mc\u0131 olur. Kolloidal bir sistem olan vazelin, cilt \u00fczerinde ince bir tabaka olu\u015fturarak d\u0131\u015f etkenlere kar\u015f\u0131 kalkan i\u015flevi g\u00f6r\u00fcr. Ayn\u0131 zamanda merhem ve krem bazlar\u0131nda ta\u015f\u0131y\u0131c\u0131 madde olarak da yayg\u0131n \u015fekilde kullan\u0131l\u0131r.<\/p>\n<p><img loading=\"lazy\" decoding=\"async\" class=\"alignnone wp-image-154598 \" src=\"https:\/\/www.tgrthaber.com\/mavikadin\/wp-content\/uploads\/5c8e6c8f45d2a08e9c8c953b.webp\" alt=\"\" width=\"833\" height=\"573\" title=\"\" srcset=\"https:\/\/www.tgrthaber.com\/mavikadin\/wp-content\/uploads\/5c8e6c8f45d2a08e9c8c953b.webp 640w, https:\/\/www.tgrthaber.com\/mavikadin\/wp-content\/uploads\/5c8e6c8f45d2a08e9c8c953b-300x206.webp 300w\" sizes=\"(max-width: 833px) 100vw, 833px\" \/><\/p>\n<p>T\u0131bbi alanda topikal koruyucu, kozmetikte ise nemlendirici ve yumu\u015fat\u0131c\u0131 etkisiyle tercih edilen vazelin; parf\u00fcm, losyon ve makyaj \u00fcr\u00fcnlerinde de form\u00fcl\u00fc destekleyici rol oynuyor.<\/p>\n<p>Vazelin, anla\u015f\u0131ld\u0131\u011f\u0131 gibi, g\u00fcnl\u00fck ya\u015famda kar\u015f\u0131la\u015f\u0131lan bir\u00e7ok sorun i\u00e7in basit ama etkili \u00e7\u00f6z\u00fcmler sunuyor. 21 farkl\u0131 kullan\u0131m alan\u0131 sayesinde hem ki\u015fisel bak\u0131mda hem ev ortam\u0131nda \u00e7ok y\u00f6nl\u00fc bir yard\u0131mc\u0131 olarak \u00f6ne \u00e7\u0131k\u0131yor.<\/p>\n","protected":false},"excerpt":{"rendered":"<p>G\u00f6r\u00fcn\u00fcm\u00fc sade olsa da vazelin, yaln\u0131zca bir nemlendirici olman\u0131n \u00e7ok \u00f6tesinde \u00f6zellikler ta\u015f\u0131yor. Ki\u015fisel bak\u0131mda s\u0131k\u00e7a tercih edilen vazelin, ayn\u0131 zamanda evde kar\u015f\u0131la\u015f\u0131lan pek \u00e7ok pratik soruna da \u00e7\u00f6z\u00fcm sunuyor. Cilt sa\u011fl\u0131\u011f\u0131ndan makyaja, sa\u00e7 bak\u0131m\u0131ndan ev e\u015fyalar\u0131na kadar geni\u015f bir yelpazede kullan\u0131labilen vazelinin, \u015fa\u015f\u0131rt\u0131c\u0131 \u015fekilde 21 farkl\u0131 kullan\u0131m alan\u0131 bulunuyor. \u0130\u015fte vazelinin g\u00fcnl\u00fck hayat\u0131 kolayla\u015ft\u0131ran, etkili ve \u00e7ok y\u00f6nl\u00fc 21 kullan\u0131m alan\u0131&#8230;<\/p>\n","protected":false},"author":35,"featured_media":154588,"comment_status":"closed","ping_status":"closed","sticky":false,"template":"","format":"standard","meta":{"rank_math_lock_modified_date":false,"footnotes":""},"categories":[101],"tags":[3466,16003,16002,16001,16000],"class_list":["post-154578","post","type-post","status-publish","format-standard","has-post-thumbnail","hentry","category-kesfet","tag-vazelin","tag-vazelin-ayak-bakimi","tag-vazelin-cilt-bakimi","tag-vazelin-yararlari","tag-vazelinin-kullanim-alanlari"],"_links":{"self":[{"href":"https:\/\/www.tgrthaber.com\/mavikadin\/wp-json\/wp\/v2\/posts\/154578"}],"collection":[{"href":"https:\/\/www.tgrthaber.com\/mavikadin\/wp-json\/wp\/v2\/posts"}],"about":[{"href":"https:\/\/www.tgrthaber.com\/mavikadin\/wp-json\/wp\/v2\/types\/post"}],"author":[{"embeddable":true,"href":"https:\/\/www.tgrthaber.com\/mavikadin\/wp-json\/wp\/v2\/users\/35"}],"replies":[{"embeddable":true,"href":"https:\/\/www.tgrthaber.com\/mavikadin\/wp-json\/wp\/v2\/comments?post=154578"}],"version-history":[{"count":3,"href":"https:\/\/www.tgrthaber.com\/mavikadin\/wp-json\/wp\/v2\/posts\/154578\/revisions"}],"predecessor-version":[{"id":154599,"href":"https:\/\/www.tgrthaber.com\/mavikadin\/wp-json\/wp\/v2\/posts\/154578\/revisions\/154599"}],"wp:featuredmedia":[{"embeddable":true,"href":"https:\/\/www.tgrthaber.com\/mavikadin\/wp-json\/wp\/v2\/media\/154588"}],"wp:attachment":[{"href":"https:\/\/www.tgrthaber.com\/mavikadin\/wp-json\/wp\/v2\/media?parent=154578"}],"wp:term":[{"taxonomy":"category","embeddable":true,"href":"https:\/\/www.tgrthaber.com\/mavikadin\/wp-json\/wp\/v2\/categories?post=154578"},{"taxonomy":"post_tag","embeddable":true,"href":"https:\/\/www.tgrthaber.com\/mavikadin\/wp-json\/wp\/v2\/tags?post=154578"}],"curies":[{"name":"wp","href":"https:\/\/api.w.org\/{rel}","templated":true}]}}