{"id":154611,"date":"2025-03-30T01:43:29","date_gmt":"2025-03-29T22:43:29","guid":{"rendered":"https:\/\/www.tgrthaber.com\/mavikadin\/?p=154611"},"modified":"2025-03-30T01:43:29","modified_gmt":"2025-03-29T22:43:29","slug":"levent-ulgenin-yeni-dizisi-belli-oldu-cift-kisilik-odada-cetin-karakterini-oynayacak","status":"publish","type":"post","link":"https:\/\/www.tgrthaber.com\/mavikadin\/levent-ulgenin-yeni-dizisi-belli-oldu-cift-kisilik-odada-cetin-karakterini-oynayacak\/","title":{"rendered":"Levent \u00dclgen\u2019in yeni dizisi belli oldu! \u00c7ift Ki\u015filik Oda\u2019da \u00c7etin karakterini oynayacak!"},"content":{"rendered":"<p>NOW kanal\u0131nda yay\u0131nlanacak olan \u00c7ift Ki\u015filik Oda dizisinin g\u00fc\u00e7l\u00fc oyuncu kadrosuyla dikkatleri \u00fczerine \u00e7ekmeyi ba\u015fard\u0131. Kore dizisi \u201cKing The Land\u201d uyarlamas\u0131 olarak ekranlara gelecek olan \u00c7ift Ki\u015filik Oda MF Yap\u0131m taraf\u0131ndan sat\u0131n al\u0131nd\u0131. Ula\u015f Tuna Astepe ve Devrim \u00d6zkan\u2019\u0131n ba\u015frollerini payla\u015faca\u011f\u0131 dizinin \u00e7ekimleri i\u00e7in say\u0131l\u0131 g\u00fcnler kald\u0131.<\/p>\n<h3>N\u0130SAN AYINDA SETE \u00c7IKACAK<\/h3>\n<p>NOW kanal\u0131nda yay\u0131nlnacak olan MF Yap\u0131m\u2019\u0131n \u00fcstlendi\u011fi \u00c7ift Ki\u015filik Oda dizisi seyircisiyle bulu\u015fmak i\u00e7in g\u00fcn say\u0131yor. Yap\u0131mc\u0131l\u0131\u011f\u0131n\u0131 Asena B\u00fclb\u00fclo\u011flu\u2019nun \u00fcstlendi\u011fi dizinin haz\u0131rl\u0131klar\u0131 h\u0131zl\u0131 bir \u015fekilde s\u00fcr\u00fcyor. Dizinin hikayesi a\u011f\u0131rl\u0131kl\u0131 olarak \u00e7ok \u00fcnl\u00fc olan bir otelde ge\u00e7ecek.<\/p>\n<p>Romantik komedi kategorisinde yer alan dizinin oyuncu kadrosunda otelin varislerinden Kaan (Ula\u015f Tuna Astepe) ve otele i\u015f ba\u015fvurusunda bulunan Nil\u00fcfer\u2019in (Devrim \u00d6zkan) s\u00fcrprizlerle dolu a\u015fk hik\u00e2yesi seyircilerle bulu\u015facak. Y\u00f6netmen koltu\u011funda Yusuf Pirhasan\u2019\u0131n oturdu\u011fu \u00c7ift Ki\u015filik Oda dizisi Ramazan Bayram\u0131 sonras\u0131 sete \u00e7\u0131kmaya haz\u0131rlan\u0131yor.<\/p>\n<p><img loading=\"lazy\" decoding=\"async\" class=\"alignnone wp-image-154613\" src=\"https:\/\/www.tgrthaber.com\/mavikadin\/wp-content\/uploads\/levent-ulgen-cift-kisilik-oda-dizisine-dahil-oldu-300x169.jpg\" alt=\"levent \u00fclgen \u00e7ift ki\u015filik oda dizisine dahil oldu\" width=\"1208\" height=\"680\" title=\"\" srcset=\"https:\/\/www.tgrthaber.com\/mavikadin\/wp-content\/uploads\/levent-ulgen-cift-kisilik-oda-dizisine-dahil-oldu-300x169.jpg 300w, https:\/\/www.tgrthaber.com\/mavikadin\/wp-content\/uploads\/levent-ulgen-cift-kisilik-oda-dizisine-dahil-oldu-1024x576.jpg 1024w, https:\/\/www.tgrthaber.com\/mavikadin\/wp-content\/uploads\/levent-ulgen-cift-kisilik-oda-dizisine-dahil-oldu-768x432.jpg 768w, https:\/\/www.tgrthaber.com\/mavikadin\/wp-content\/uploads\/levent-ulgen-cift-kisilik-oda-dizisine-dahil-oldu-1536x864.jpg 1536w, https:\/\/www.tgrthaber.com\/mavikadin\/wp-content\/uploads\/levent-ulgen-cift-kisilik-oda-dizisine-dahil-oldu.jpg 1920w\" sizes=\"(max-width: 1208px) 100vw, 1208px\" \/><\/p>\n<hr \/>\n<h3>LEVET \u00dcLGEN \u00c7ET\u0130N ROL\u00dcN\u00dc OYNAYACAK<\/h3>\n<p>Ay\u015fe \u00dcner Kutlu\u2019nun senaryosunun uyarlad\u0131\u011f\u0131 \u201c\u00c7ift Ki\u015filik Oda\u201d dizisinin kadrosuna usta akt\u00f6r Levent \u00dclgen kat\u0131ld\u0131. \u00dclgen, Kaan (Ula\u015f Tuna Astepe) ve \u00fcvey karde\u015fi Sevil\u2019in (G\u00f6zde Seda Altuner) babas\u0131 \u00c7etin rol\u00fcn\u00fc oynayacak.<\/p>\n<p><img loading=\"lazy\" decoding=\"async\" class=\"alignnone wp-image-154614\" src=\"https:\/\/www.tgrthaber.com\/mavikadin\/wp-content\/uploads\/Levent-Ulgen-kimdir-300x169.jpg\" alt=\"\u00c7ift ki\u015filik oda dizisinde Levent \u00dclgen kimdir\" width=\"1208\" height=\"680\" title=\"\" srcset=\"https:\/\/www.tgrthaber.com\/mavikadin\/wp-content\/uploads\/Levent-Ulgen-kimdir-300x169.jpg 300w, https:\/\/www.tgrthaber.com\/mavikadin\/wp-content\/uploads\/Levent-Ulgen-kimdir-1024x576.jpg 1024w, https:\/\/www.tgrthaber.com\/mavikadin\/wp-content\/uploads\/Levent-Ulgen-kimdir-768x432.jpg 768w, https:\/\/www.tgrthaber.com\/mavikadin\/wp-content\/uploads\/Levent-Ulgen-kimdir-1536x864.jpg 1536w, https:\/\/www.tgrthaber.com\/mavikadin\/wp-content\/uploads\/Levent-Ulgen-kimdir.jpg 1920w\" sizes=\"(max-width: 1208px) 100vw, 1208px\" \/><\/p>\n<hr \/>\n<h3>\u00c7\u0130FT K\u0130\u015e\u0130L\u0130K ODA D\u0130Z\u0130S\u0130NDE LEVENT \u00dcLGEN K\u0130MD\u0130R?<\/h3>\n<p>8 A\u011fustos 1962 do\u011fumlu olan Levent \u00dclgen, aslen Konyal\u0131\u2019d\u0131r. Ankara \u0130n\u00f6n\u00fc Lisesi&#8217;ni, ODT\u00dc Fen-Edebiyat Fak\u00fcltesi Fizik B\u00f6l\u00fcm\u00fc&#8217;n\u00fc bitirdikten sonra Hacettepe \u00dcniversitesi Konservatuvar\u0131 Tiyatro B\u00f6l\u00fcm\u00fc&#8217;nden mezun oldu. \u00dclgen, tiyatroya Erkan Y\u00fccel&#8217;in Ankara Halk Tiyatrosu&#8217;nda ba\u015flad\u0131. 2002-2006 y\u0131llar\u0131 aras\u0131nda yay\u0131mlanan En Son Babalar Duyar adl\u0131 dizide Kadir rol\u00fcyle geni\u015f kitlere ula\u015ft\u0131. Akasya Dura\u011f\u0131 ( Sinan karakteri), Kiral\u0131k A\u015fk ( Necmi \u0130plik\u00e7i karakteri) ve Aile ( \u0130brahim Soykan) adl\u0131 bir\u00e7ok dizide rol ald\u0131.<\/p>\n","protected":false},"excerpt":{"rendered":"<p>Yabanc\u0131 \u00fclkeden uyarlama olan \u00c7ift Ki\u015filik Oda dizisinin oyuncu kadrosunun tamamlanmas\u0131na az bir zaman kald\u0131. Ramazan ay\u0131ndan sonra sete \u00e7\u0131kmas\u0131 planlanan dizisinin kadrosuna Levent \u00dclgen dahil oldu. \u00c7ift Ki\u015filik Oda dizisinde Levent \u00dclgen, \u00c7etin karakterini oynayacak.<\/p>\n","protected":false},"author":10,"featured_media":154615,"comment_status":"closed","ping_status":"closed","sticky":false,"template":"","format":"standard","meta":{"rank_math_lock_modified_date":false,"footnotes":""},"categories":[602],"tags":[16009,2628,10390,4222,16010],"class_list":["post-154611","post","type-post","status-publish","format-standard","has-post-thumbnail","hentry","category-diziler","tag-cift-kisilik-oda-levent-ulgen","tag-dizi-haberleri","tag-dizi-magazin","tag-levent-ulgen","tag-levent-ulgen-kimdir"],"_links":{"self":[{"href":"https:\/\/www.tgrthaber.com\/mavikadin\/wp-json\/wp\/v2\/posts\/154611"}],"collection":[{"href":"https:\/\/www.tgrthaber.com\/mavikadin\/wp-json\/wp\/v2\/posts"}],"about":[{"href":"https:\/\/www.tgrthaber.com\/mavikadin\/wp-json\/wp\/v2\/types\/post"}],"author":[{"embeddable":true,"href":"https:\/\/www.tgrthaber.com\/mavikadin\/wp-json\/wp\/v2\/users\/10"}],"replies":[{"embeddable":true,"href":"https:\/\/www.tgrthaber.com\/mavikadin\/wp-json\/wp\/v2\/comments?post=154611"}],"version-history":[{"count":1,"href":"https:\/\/www.tgrthaber.com\/mavikadin\/wp-json\/wp\/v2\/posts\/154611\/revisions"}],"predecessor-version":[{"id":154616,"href":"https:\/\/www.tgrthaber.com\/mavikadin\/wp-json\/wp\/v2\/posts\/154611\/revisions\/154616"}],"wp:featuredmedia":[{"embeddable":true,"href":"https:\/\/www.tgrthaber.com\/mavikadin\/wp-json\/wp\/v2\/media\/154615"}],"wp:attachment":[{"href":"https:\/\/www.tgrthaber.com\/mavikadin\/wp-json\/wp\/v2\/media?parent=154611"}],"wp:term":[{"taxonomy":"category","embeddable":true,"href":"https:\/\/www.tgrthaber.com\/mavikadin\/wp-json\/wp\/v2\/categories?post=154611"},{"taxonomy":"post_tag","embeddable":true,"href":"https:\/\/www.tgrthaber.com\/mavikadin\/wp-json\/wp\/v2\/tags?post=154611"}],"curies":[{"name":"wp","href":"https:\/\/api.w.org\/{rel}","templated":true}]}}