{"id":154621,"date":"2025-03-30T02:39:39","date_gmt":"2025-03-29T23:39:39","guid":{"rendered":"https:\/\/www.tgrthaber.com\/mavikadin\/?p=154621"},"modified":"2025-09-12T16:19:08","modified_gmt":"2025-09-12T13:19:08","slug":"portakal-kabuklari-sayesinde-yuzdeki-derin-gozenek-cukurlariyla-vedalasin-3-kat-hizli-kuculme","status":"publish","type":"post","link":"https:\/\/www.tgrthaber.com\/mavikadin\/portakal-kabuklari-sayesinde-yuzdeki-derin-gozenek-cukurlariyla-vedalasin-3-kat-hizli-kuculme\/","title":{"rendered":"Portakal kabuklar\u0131 sayesinde y\u00fczdeki derin g\u00f6zenek \u00e7ukurlar\u0131yla vedala\u015f\u0131n! 3 kat h\u0131zl\u0131 k\u00fc\u00e7\u00fclme"},"content":{"rendered":"<p>K\u0131\u015f sezonu boyunca en \u00e7ok t\u00fcketilen meyve portakald\u0131r. \u0130\u00e7eri\u011findeki zengin C vitamin, potasyum, magnezyum ve kalsiyum gibi \u00f6zellikleriyle cildinize \u0131\u015f\u0131lt\u0131 ve par\u0131lt\u0131 kazand\u0131r\u0131r. Portakal\u0131 sadece kabuklar\u0131n\u0131 soyup i\u00e7mek i\u00e7in t\u00fcketmeyin. Portakal kabuklar\u0131yla cildiniz i\u00e7in bak\u0131m rutinleri olu\u015fturabilirsiniz. Portakal kabuklar\u0131n\u0131n cilde faydas\u0131 olduk\u00e7a fazlad\u0131r.<\/p>\n<p>Belli bir ya\u015ftan sonra cilt y\u00fczeyinde olu\u015fan g\u00f6zenek \u00e7ukurlar\u0131n\u0131 azaltmak alternatif bir yol daha vard\u0131r. K\u0131\u015f ay\u0131 boyunca elinizin alt\u0131nda bulunan portakal kabuklar\u0131yla y\u00fczdeki derin g\u00f6zenek \u00e7ukurlar\u0131n\u0131zdan kurtulabilirsiniz. Peki, portakal kabu\u011funun cilde sa\u011flad\u0131\u011f\u0131 faydalar nelerdir? Portakal kabu\u011fuyla y\u00fczdeki g\u00f6zenekler nas\u0131l k\u00fc\u00e7\u00fcl\u00fcr?<\/p>\n<h3>PORTAKAL KABU\u011eUNUN C\u0130LDE FAYDALARI<\/h3>\n<p>Cilt sa\u011fl\u0131\u011f\u0131 her insan\u0131n \u00f6zen g\u00f6sterdi\u011fi noktalardan bir tanesidir. Cilt y\u00fczeyinde olu\u015fan akneler, ya\u015fa ba\u011fl\u0131 olarak zamanla olu\u015fan cilt y\u00fczeyindeki g\u00f6zeneklerin a\u00e7\u0131lmas\u0131 gibi sorunlar d\u0131\u015f g\u00f6r\u00fcn\u00fc\u015f\u00fcn\u00fcz a\u00e7\u0131s\u0131ndan soruna neden olabilir. Evinizde s\u00fcrekli bulunan portakal kabuklar\u0131yla yapaca\u011f\u0131n\u0131z maskeler ve bak\u0131mlarla cilt sorunlar\u0131n\u0131 bir nebze de olsa azalt\u0131r. \u0130\u015fte portakal kabu\u011funun cilde faydalar\u0131:<\/p>\n<ul>\n<li>Portakal kabu\u011fundaki flavonoidlerin \u00f6zelli\u011fiyle cilt y\u00fczeyinde olu\u015fan iltihab\u0131 iyile\u015ftirebilece\u011fi bilinir<\/li>\n<li>Portakal kabu\u011fu cilt y\u00fczeyinde olu\u015fan siyah noktalar veya lekeleri gidermek i\u00e7in haz\u0131rlanan cilt bak\u0131m k\u00fcrlerinin i\u00e7erisinde yer al\u0131r. Peeling etkisi g\u00f6revi g\u00f6rd\u00fc\u011f\u00fcnden siyah noktalar\u0131 ve \u00f6l\u00fc h\u00fccreleri cilt y\u00fczeyinden uzakla\u015ft\u0131r\u0131r.<\/li>\n<li>Portakal kabuklar\u0131nda kalsiyum de\u011feri y\u00fcksek oldu\u011fundan sebum \u00fcretimini d\u00fczenlenmesinin yan\u0131 s\u0131ra ciltteki fazla ya\u011f\u0131da yok eder.<\/li>\n<li>Kolajen \u00fcretiminin geli\u015fmesine destek olan portakal kabuklar\u0131 cildin s\u0131k\u0131 ve elastik yap\u0131 kazand\u0131r\u0131r.<\/li>\n<li>Akne izleri, koyu lekeler gibi cilt y\u00fczeyinde olu\u015fan sorunlar\u0131 d\u00fczeltmede birebirdir.<\/li>\n<\/ul>\n<p><img loading=\"lazy\" decoding=\"async\" class=\"alignnone wp-image-154623\" src=\"https:\/\/www.tgrthaber.com\/mavikadin\/wp-content\/uploads\/Portakal-kabuklari-sayesinde-yuzdeki-derin-gozenek-cukurlariyla-vedalasin-3-kat-hizli-kuculme-300x169.jpg\" alt=\"Portakal kabuklar\u0131 sayesinde y\u00fczdeki derin g\u00f6zenek \u00e7ukurlar\u0131yla vedala\u015f\u0131n! 3 kat h\u0131zl\u0131 k\u00fc\u00e7\u00fclme\" width=\"1208\" height=\"680\" title=\"\" srcset=\"https:\/\/www.tgrthaber.com\/mavikadin\/wp-content\/uploads\/Portakal-kabuklari-sayesinde-yuzdeki-derin-gozenek-cukurlariyla-vedalasin-3-kat-hizli-kuculme-300x169.jpg 300w, https:\/\/www.tgrthaber.com\/mavikadin\/wp-content\/uploads\/Portakal-kabuklari-sayesinde-yuzdeki-derin-gozenek-cukurlariyla-vedalasin-3-kat-hizli-kuculme-1024x576.jpg 1024w, https:\/\/www.tgrthaber.com\/mavikadin\/wp-content\/uploads\/Portakal-kabuklari-sayesinde-yuzdeki-derin-gozenek-cukurlariyla-vedalasin-3-kat-hizli-kuculme-768x432.jpg 768w, https:\/\/www.tgrthaber.com\/mavikadin\/wp-content\/uploads\/Portakal-kabuklari-sayesinde-yuzdeki-derin-gozenek-cukurlariyla-vedalasin-3-kat-hizli-kuculme-1536x864.jpg 1536w, https:\/\/www.tgrthaber.com\/mavikadin\/wp-content\/uploads\/Portakal-kabuklari-sayesinde-yuzdeki-derin-gozenek-cukurlariyla-vedalasin-3-kat-hizli-kuculme.jpg 1920w\" sizes=\"(max-width: 1208px) 100vw, 1208px\" \/><\/p>\n<hr \/>\n<h3>G\u00d6ZENEKLER\u0130 SIKILA\u015eTIRAN PORTAKAL KABU\u011eU K\u00dcR\u00dc<\/h3>\n<p><strong>Gerekli malzemeler: <\/strong><\/p>\n<ul>\n<li>2 adet portakal<\/li>\n<li>Yar\u0131m su barda\u011f\u0131 su<\/li>\n<li>1 \u00e7ay ka\u015f\u0131\u011f\u0131 gliserin ya da bal<\/li>\n<\/ul>\n<p><strong>Haz\u0131rlan\u0131\u015f\u0131:<\/strong>\u00a0 1 tane portakal\u0131 g\u00fczelce y\u0131kay\u0131n. \u0130nce bir rende kullanarak portakal\u0131n kabuklar\u0131n\u0131 beyaz k\u0131sm\u0131na ge\u00e7meden rendeleyin. Rendeledi\u011finiz portakal kabu\u011funu 1 tatl\u0131 ka\u015f\u0131\u011f\u0131 olmal\u0131. Rendeleme i\u015flemi bittikten sonra bir kavanozun i\u00e7erisine koyun. Orta boy \u00e7ay barda\u011f\u0131 ya da bir su barda\u011f\u0131n\u0131n yar\u0131s\u0131 kadar suyu kavanozun i\u00e7erisine d\u00f6k\u00fcn ve kar\u0131\u015ft\u0131r\u0131n. Kavanozun kapa\u011f\u0131n\u0131 s\u0131k\u0131ca kapat\u0131p 6 saat boyunca buzdolab\u0131nda bekletin.<\/p>\n<p>Beklettikten sonra kavanozdaki portakal suyunu s\u00fczge\u00e7 yard\u0131m\u0131yla k\u00fc\u00e7\u00fck bir tencerenin i\u00e7erisine s\u00fcz\u00fcn. 1 \u00e7ay ka\u015f\u0131\u011f\u0131 gliserini ekleyin. ( gliserin yerine bal da ekleyebilirsiniz.)\u00a0 Bir ka\u015f\u0131k yard\u0131m\u0131yla t\u00fcm malzemeleri harmanlad\u0131ktan sonra sprey \u015fi\u015fesinin i\u00e7erisine haz\u0131rlad\u0131\u011f\u0131n\u0131z portakal kabu\u011fu k\u00fcr\u00fcn\u00fc d\u00f6k\u00fcn. Haz\u0131rlad\u0131\u011f\u0131n\u0131z \u00fcr\u00fcn\u00fc cildiniz temizledikten sonra ak\u015fam uygulay\u0131n. Ayr\u0131ca her ak\u015fam uygulayabilirsiniz. 20 dakika cildinizde bekletin ve sonra y\u00fcz\u00fcn\u00fcz\u00fc y\u0131kay\u0131n. Cildinizi s\u0131kla\u015ft\u0131racak bir nemlendirici s\u00fcrerek i\u015flemi tamamlayabilirsiniz. 10 g\u00fcne kadar buzdolab\u0131nda saklayabilirsiniz.<\/p>\n<p><strong>Dipnot:<\/strong> Kalan portakal kabuklar\u0131n\u0131n i\u00e7erisine 1 tatl\u0131 ka\u015f\u0131\u011f\u0131 \u015feker ilave ederek cildinize peeling yapabilirsiniz.<\/p>\n<p><img loading=\"lazy\" decoding=\"async\" class=\"alignnone wp-image-154627\" src=\"https:\/\/www.tgrthaber.com\/mavikadin\/wp-content\/uploads\/gozenek-siklastirci-portakal-kabugu-kuru-300x169.jpg\" alt=\"g\u00f6zenek s\u0131kla\u015ft\u0131rc\u0131 portakal kabu\u011fu k\u00fcr\u00fc\" width=\"1208\" height=\"680\" title=\"\" srcset=\"https:\/\/www.tgrthaber.com\/mavikadin\/wp-content\/uploads\/gozenek-siklastirci-portakal-kabugu-kuru-300x169.jpg 300w, https:\/\/www.tgrthaber.com\/mavikadin\/wp-content\/uploads\/gozenek-siklastirci-portakal-kabugu-kuru-1024x576.jpg 1024w, https:\/\/www.tgrthaber.com\/mavikadin\/wp-content\/uploads\/gozenek-siklastirci-portakal-kabugu-kuru-768x432.jpg 768w, https:\/\/www.tgrthaber.com\/mavikadin\/wp-content\/uploads\/gozenek-siklastirci-portakal-kabugu-kuru-1536x864.jpg 1536w, https:\/\/www.tgrthaber.com\/mavikadin\/wp-content\/uploads\/gozenek-siklastirci-portakal-kabugu-kuru.jpg 1920w\" sizes=\"(max-width: 1208px) 100vw, 1208px\" \/><\/p>\n<hr \/>\n<h3>C\u0130LT SIKLA\u015eTIRICI NEMLEND\u0130R\u0130C\u0130 TAR\u0130F\u0130<\/h3>\n<p><strong>Gerekli malzeme<\/strong>:<\/p>\n<ul>\n<li>1 adet salatal\u0131k<\/li>\n<li>1 yemek ka\u015f\u0131\u011f\u0131 Aloe vera jeli<\/li>\n<li>1 \u00e7ay ka\u015f\u0131\u011f\u0131 gliserin ya da badem ya\u011f\u0131<\/li>\n<\/ul>\n<p><strong>Haz\u0131rlan\u0131\u015f\u0131:<\/strong> Salatal\u0131klar\u0131n kabuklar\u0131n\u0131 soyun ve rendeleyin. Rendelenen salatal\u0131\u011f\u0131n s\u00fczge\u00e7le suyunu \u00e7\u0131kar\u0131n. 1 yemek ka\u015f\u0131\u011f\u0131 salata suyunu ihtiyac\u0131n\u0131z var. Aloe vera jelinden alarak salatal\u0131k suyunun i\u00e7erisine ilave edin. Kar\u0131\u015ft\u0131r\u0131n ve ard\u0131ndan gliserini ekleyin, yeniden kar\u0131\u015ft\u0131rmaya devam edin. Haz\u0131rlad\u0131\u011f\u0131n\u0131 tarifi cildinize s\u00fcr\u00fcn ve sabaha kadar bekletin. 10 g\u00fcne kadar buzdolab\u0131nda saklayabilirsiniz.<\/p>\n","protected":false},"excerpt":{"rendered":"<p>Cildiniz 30 ya\u015f\u0131ndan sonra daha fazla bak\u0131m ihtiyac\u0131 duyar. Cilt yap\u0131n\u0131 kuru ve ya\u011fl\u0131 ise cilt y\u00fczeyinde derin g\u00f6zenek \u00e7ukurlar\u0131 olu\u015fmaya ba\u015flar. Y\u00fczdeki g\u00f6zenek \u00e7ukurlar\u0131n\u0131n olu\u015fman\u0131n nedenlerinden biri de uzun s\u00fcre g\u00fcne\u015fe maruz kalmakt\u0131r. Ciltteki g\u00f6zenek \u00e7ukurlar\u0131n\u0131 azaltman\u0131za yard\u0131mc\u0131 olacak portakal kabuklar\u0131yla g\u00fczellik rutininizi de\u011fi\u015ftirebilirsiniz. <\/p>\n","protected":false},"author":10,"featured_media":154628,"comment_status":"closed","ping_status":"closed","sticky":false,"template":"","format":"standard","meta":{"rank_math_lock_modified_date":false,"footnotes":""},"categories":[95],"tags":[3836,16017,16016,16018,247,16015],"class_list":["post-154621","post","type-post","status-publish","format-standard","has-post-thumbnail","hentry","category-guzellik","tag-cilt-bakimi","tag-cilt-siklastirici-nemlendirici","tag-gozenecek-cukurlari","tag-gozenek-siklastirici","tag-kesfet","tag-portakal-kabuklari"],"_links":{"self":[{"href":"https:\/\/www.tgrthaber.com\/mavikadin\/wp-json\/wp\/v2\/posts\/154621"}],"collection":[{"href":"https:\/\/www.tgrthaber.com\/mavikadin\/wp-json\/wp\/v2\/posts"}],"about":[{"href":"https:\/\/www.tgrthaber.com\/mavikadin\/wp-json\/wp\/v2\/types\/post"}],"author":[{"embeddable":true,"href":"https:\/\/www.tgrthaber.com\/mavikadin\/wp-json\/wp\/v2\/users\/10"}],"replies":[{"embeddable":true,"href":"https:\/\/www.tgrthaber.com\/mavikadin\/wp-json\/wp\/v2\/comments?post=154621"}],"version-history":[{"count":2,"href":"https:\/\/www.tgrthaber.com\/mavikadin\/wp-json\/wp\/v2\/posts\/154621\/revisions"}],"predecessor-version":[{"id":154630,"href":"https:\/\/www.tgrthaber.com\/mavikadin\/wp-json\/wp\/v2\/posts\/154621\/revisions\/154630"}],"wp:featuredmedia":[{"embeddable":true,"href":"https:\/\/www.tgrthaber.com\/mavikadin\/wp-json\/wp\/v2\/media\/154628"}],"wp:attachment":[{"href":"https:\/\/www.tgrthaber.com\/mavikadin\/wp-json\/wp\/v2\/media?parent=154621"}],"wp:term":[{"taxonomy":"category","embeddable":true,"href":"https:\/\/www.tgrthaber.com\/mavikadin\/wp-json\/wp\/v2\/categories?post=154621"},{"taxonomy":"post_tag","embeddable":true,"href":"https:\/\/www.tgrthaber.com\/mavikadin\/wp-json\/wp\/v2\/tags?post=154621"}],"curies":[{"name":"wp","href":"https:\/\/api.w.org\/{rel}","templated":true}]}}