{"id":154626,"date":"2025-03-30T02:50:49","date_gmt":"2025-03-29T23:50:49","guid":{"rendered":"https:\/\/www.tgrthaber.com\/mavikadin\/?p=154626"},"modified":"2025-03-30T02:57:25","modified_gmt":"2025-03-29T23:57:25","slug":"holywood-yildizi-zendaya-the-odyssey-uyarlamasinin-italya-setinde-kameralara-yansidi","status":"publish","type":"post","link":"https:\/\/www.tgrthaber.com\/mavikadin\/holywood-yildizi-zendaya-the-odyssey-uyarlamasinin-italya-setinde-kameralara-yansidi\/","title":{"rendered":"Hollywood y\u0131ld\u0131z\u0131 Zendaya, \u201cThe Odyssey\u201d uyarlamas\u0131n\u0131n \u0130talya setinde kameralara yans\u0131d\u0131!"},"content":{"rendered":"<p>D\u00fcnyaca \u00fcnl\u00fc Hollywood y\u0131ld\u0131zlar\u0131n\u0131 bir noktada bulu\u015fturan epik yap\u0131m \u201cThe Odyssey\u201din \u0130talya\u2019daki \u00e7ekimleri nihayet ba\u015flad\u0131. Film i\u00e7in ilk kez kost\u00fcml\u00fc bir \u015fekilde objektiflere yans\u0131yan Zendaya, tanr\u0131\u00e7a Athena, Calypso ya da Nausica\u00e4 rollerinden biriyle mitolojik evrende ekran kar\u015f\u0131s\u0131na \u00e7\u0131kmaya haz\u0131rlan\u0131yor.<\/p>\n<h3>\u00c7EK\u0130M\u0130N\u0130N NE ZAMAN YAPILACA\u011eI MERAKLA BEKLEN\u0130YORDU! \u0130LK KEZ G\u00d6R\u00dcLD\u00dc&#8230;<\/h3>\n<p>28 ya\u015f\u0131ndaki d\u00fcnyaca \u00fcnl\u00fc y\u0131ld\u0131z oyuncu Zendaya, y\u00f6netmen koltu\u011funda Christopher Nolan\u2019\u0131n oturdu\u011fu b\u00fcy\u00fck b\u00fct\u00e7eli yeni filmi \u201cThe Odyssey\u201din \u00e7ekimlerinde ilk defa objektiflere yans\u0131d\u0131.<\/p>\n<p><img loading=\"lazy\" decoding=\"async\" class=\"alignnone wp-image-154633\" src=\"https:\/\/www.tgrthaber.com\/mavikadin\/wp-content\/uploads\/uuuuuuuuuuuuuuuu.png\" alt=\"\" width=\"1208\" height=\"676\" title=\"\" srcset=\"https:\/\/www.tgrthaber.com\/mavikadin\/wp-content\/uploads\/uuuuuuuuuuuuuuuu.png 761w, https:\/\/www.tgrthaber.com\/mavikadin\/wp-content\/uploads\/uuuuuuuuuuuuuuuu-300x168.png 300w\" sizes=\"(max-width: 1208px) 100vw, 1208px\" \/><\/p>\n<hr \/>\n<p>Emmy \u00f6d\u00fcl\u00fcn\u00fcn sahibi olan gen\u00e7 yetenek, Sal\u0131 g\u00fcn\u00fc G\u00fcney \u0130talya\u2019daki Favignana Adas\u0131\u2019nda ger\u00e7ekle\u015ftirilecek olan sahnelerde bir ekip \u00fcyesiyle \u015fen \u015fakrak sohbet i\u00e7erisinde iken objektiflere yans\u0131d\u0131. \u00dczerinde antik Yunan tarz\u0131nda, kolsuz ve krem tonlar\u0131nda zarif bir elbise giymeyi tercih eden oyuncu Zendaya, uzaktan bak\u0131ld\u0131\u011f\u0131nda t\u0131pk\u0131 bir gelini an\u0131msat\u0131yordu..<\/p>\n<h3>YILDIZ \u0130SM\u0130N ROL\u00dc MERAK KONUSU OLDU! ZENDAYA O KARAKTERLER\u0130 OYNAYAB\u0130L\u0130R&#8230;<\/h3>\n<p>Zendaya\u2019n\u0131n, film i\u00e7erisinde tanr\u0131\u00e7a Athena, Calypso veya\u00a0 prenses Nausica\u00e4 karakterlerinden birini izleyici kar\u015f\u0131s\u0131na \u00e7\u0131karaca\u011f\u0131 y\u00f6n\u00fcnde s\u00f6ylentiler bulunuyor.<\/p>\n<p><img loading=\"lazy\" decoding=\"async\" class=\"alignnone wp-image-154631\" src=\"https:\/\/www.tgrthaber.com\/mavikadin\/wp-content\/uploads\/32-14.png\" alt=\"\" width=\"1208\" height=\"668\" title=\"\" srcset=\"https:\/\/www.tgrthaber.com\/mavikadin\/wp-content\/uploads\/32-14.png 787w, https:\/\/www.tgrthaber.com\/mavikadin\/wp-content\/uploads\/32-14-300x166.png 300w, https:\/\/www.tgrthaber.com\/mavikadin\/wp-content\/uploads\/32-14-768x424.png 768w\" sizes=\"(max-width: 1208px) 100vw, 1208px\" \/><\/p>\n<hr \/>\n<p>Filmdeki rol\u00fcne dair net bir a\u00e7\u0131klama \u015fuan i\u00e7in olmasa da sahne arkas\u0131 objektiflere yans\u0131yan kamera g\u00f6r\u00fcnt\u00fclerinde kost\u00fcm tasar\u0131mc\u0131s\u0131 Ellen Mirojnick ile yo\u011fun bir \u015fekilde fikir al\u0131\u015fveri\u015finde bulundu\u011fu g\u00f6r\u00fcld\u00fc. Zendaya&#8217;n\u0131n kahverengi sa\u00e7lar\u0131 ise deniz kenar\u0131ndaki sahneler i\u00e7in da\u011f\u0131n\u0131k \u00f6rg\u00fcl\u00fc bir topuz \u015feklinde yap\u0131ld\u0131.<\/p>\n<h3>B\u00dcT\u00c7ES\u0130 ADETA REKOR KIRDI! TAM 250 M\u0130LYON DOLAR \u0130LE&#8230;<\/h3>\n<p>Oyuncu Zendaya&#8217;n\u0131n evlilik yolunda oldu\u011fu ni\u015fanl\u0131s\u0131 Tom Holland da ayn\u0131 filmde yer alacak. \u201cThe Odyssey\u201d film,, \u00fcnl\u00fc ikilinin beraber rol ald\u0131\u011f\u0131 d\u00f6rd\u00fcnc\u00fc yap\u0131m olacak; bu filmden \u00f6nce Spider-Man filminde de beraber kamera kar\u015f\u0131s\u0131nda oynam\u0131\u015flard\u0131.<\/p>\n<p>\u00c7ekimlerin net olarak 25 \u015eubat tarihinde ba\u015flad\u0131\u011f\u0131 ve \u0130talya&#8217;n\u0131n haricinde Yunanistan, Fas ve Birle\u015fik Krall\u0131k\u2019taki \u00fclkeler aras\u0131nda da devam edece\u011fi \u00f6\u011frenildi.<\/p>\n<p>Vizyon tarihi 17 Temmuz 2026 olan filmin b\u00fct\u00e7esi ise dudak u\u00e7uklatt\u0131. Y\u00fcksek b\u00fct\u00e7eli film olarak g\u00f6r\u00fclen \u201cThe Odyssey\u201d\u00a0 250 milyon dolar rakamla Nolan\u2019\u0131n kariyerindeki en fazla b\u00fct\u00e7eli proje oldu\u011fu tespit edildi.<\/p>\n","protected":false},"excerpt":{"rendered":"<p>\u201cThe Odyssey\u201din \u0130talya\u2019daki \u00e7ekimlerine haz\u0131rlanan 28 ya\u015f\u0131ndaki yetenekli y\u0131ld\u0131z Zendaya objektiflere renkli kareleri ile yans\u0131d\u0131. Ni\u015fanl\u0131s\u0131yla beraber rol alaca\u011f\u0131 film i\u00e7in haz\u0131rl\u0131klar son s\u00fcrat devam ediyor.<\/p>\n","protected":false},"author":27,"featured_media":154632,"comment_status":"closed","ping_status":"closed","sticky":false,"template":"","format":"standard","meta":{"rank_math_lock_modified_date":false,"footnotes":""},"categories":[76],"tags":[133,10838,5724],"class_list":["post-154626","post","type-post","status-publish","format-standard","has-post-thumbnail","hentry","category-magazin","tag-magazin","tag-the-odyssey","tag-zendaya"],"_links":{"self":[{"href":"https:\/\/www.tgrthaber.com\/mavikadin\/wp-json\/wp\/v2\/posts\/154626"}],"collection":[{"href":"https:\/\/www.tgrthaber.com\/mavikadin\/wp-json\/wp\/v2\/posts"}],"about":[{"href":"https:\/\/www.tgrthaber.com\/mavikadin\/wp-json\/wp\/v2\/types\/post"}],"author":[{"embeddable":true,"href":"https:\/\/www.tgrthaber.com\/mavikadin\/wp-json\/wp\/v2\/users\/27"}],"replies":[{"embeddable":true,"href":"https:\/\/www.tgrthaber.com\/mavikadin\/wp-json\/wp\/v2\/comments?post=154626"}],"version-history":[{"count":3,"href":"https:\/\/www.tgrthaber.com\/mavikadin\/wp-json\/wp\/v2\/posts\/154626\/revisions"}],"predecessor-version":[{"id":154636,"href":"https:\/\/www.tgrthaber.com\/mavikadin\/wp-json\/wp\/v2\/posts\/154626\/revisions\/154636"}],"wp:featuredmedia":[{"embeddable":true,"href":"https:\/\/www.tgrthaber.com\/mavikadin\/wp-json\/wp\/v2\/media\/154632"}],"wp:attachment":[{"href":"https:\/\/www.tgrthaber.com\/mavikadin\/wp-json\/wp\/v2\/media?parent=154626"}],"wp:term":[{"taxonomy":"category","embeddable":true,"href":"https:\/\/www.tgrthaber.com\/mavikadin\/wp-json\/wp\/v2\/categories?post=154626"},{"taxonomy":"post_tag","embeddable":true,"href":"https:\/\/www.tgrthaber.com\/mavikadin\/wp-json\/wp\/v2\/tags?post=154626"}],"curies":[{"name":"wp","href":"https:\/\/api.w.org\/{rel}","templated":true}]}}