{"id":154655,"date":"2025-03-30T11:05:11","date_gmt":"2025-03-30T08:05:11","guid":{"rendered":"https:\/\/www.tgrthaber.com\/mavikadin\/?p=154655"},"modified":"2025-03-30T11:05:11","modified_gmt":"2025-03-30T08:05:11","slug":"gulsim-ali-katildigi-bir-programdaki-halleri-ile-sosyal-medyada-gundem-oldu","status":"publish","type":"post","link":"https:\/\/www.tgrthaber.com\/mavikadin\/gulsim-ali-katildigi-bir-programdaki-halleri-ile-sosyal-medyada-gundem-oldu\/","title":{"rendered":"G\u00fclsim Ali kat\u0131ld\u0131\u011f\u0131 bir programdaki halleri ile sosyal medyada g\u00fcndem oldu!"},"content":{"rendered":"<p>G\u00fczel oyuncu G\u00fclsim Ali, kat\u0131ld\u0131\u011f\u0131 bir televizyon program\u0131ndaki halleri ile sosyal medyada g\u00fcndem oldu. Ali, programda senden daha iyi oyuncu oldu\u011funu d\u00fc\u015f\u00fcnd\u00fc\u011f\u00fcn ismi duyana kadar sessiz kal sorusuna ad\u0131 okunan \u00fcnl\u00fc isimleri duyunca verdi\u011fi tepkiler insanlar\u0131n g\u00f6z\u00fcnden ka\u00e7mad\u0131.<\/p>\n<h3>G\u00dcLS\u0130M AL\u0130, KATILDI\u011eI B\u0130R PROGRAMDAK\u0130 HALLER\u0130 \u0130LE SOSYAL MEDYADA G\u00dcNDEM OLDU<\/h3>\n<p>Gen\u00e7 oyuncu G\u00fclsim Ali, oyunculu\u011funun yan\u0131 s\u0131ra sosyal medyada da g\u00fcndem olmaya devam ediyor. Televizyon da yay\u0131nlanan bir programda ona sorulan bir soru \u00fczerine verdi\u011fi tepkiler sosyal medyada konu\u015fulan konular aras\u0131nda yerini ald\u0131. Sunucunun Ali\u2019ye sordu\u011fu \u201cSenden daha iyi oyuncu oldu\u011funu d\u00fc\u015f\u00fcnd\u00fc\u011f\u00fcn ismi duyana kadar sessiz kal\u201d ak\u0131m\u0131nda ismi ge\u00e7en \u00fcnl\u00fcleri duyunca verdi\u011fi tepkiler g\u00f6zlerden ka\u00e7mad\u0131.<\/p>\n<p><img loading=\"lazy\" decoding=\"async\" class=\"alignnone wp-image-154657\" src=\"https:\/\/www.tgrthaber.com\/mavikadin\/wp-content\/uploads\/haber-gorselleri-fotoshop-2025-03-30T110243.757-1024x576.jpg\" alt=\"G\u00fclsim Ali kat\u0131ld\u0131\u011f\u0131 bir programdaki halleri ile sosyal medyada g\u00fcndem oldu!\" width=\"1208\" height=\"680\" title=\"\" srcset=\"https:\/\/www.tgrthaber.com\/mavikadin\/wp-content\/uploads\/haber-gorselleri-fotoshop-2025-03-30T110243.757-1024x576.jpg 1024w, https:\/\/www.tgrthaber.com\/mavikadin\/wp-content\/uploads\/haber-gorselleri-fotoshop-2025-03-30T110243.757-300x169.jpg 300w, https:\/\/www.tgrthaber.com\/mavikadin\/wp-content\/uploads\/haber-gorselleri-fotoshop-2025-03-30T110243.757-768x432.jpg 768w, https:\/\/www.tgrthaber.com\/mavikadin\/wp-content\/uploads\/haber-gorselleri-fotoshop-2025-03-30T110243.757-1536x864.jpg 1536w, https:\/\/www.tgrthaber.com\/mavikadin\/wp-content\/uploads\/haber-gorselleri-fotoshop-2025-03-30T110243.757.jpg 1600w\" sizes=\"(max-width: 1208px) 100vw, 1208px\" \/><\/p>\n<hr \/>\n<p>\u0130smi okunan \u00fcnl\u00fclerin birka\u00e7\u0131n\u0131n arkada\u015f\u0131 oldu\u011funu s\u00f6yleyen Ali, yetenekli oyuncular\u0131n adlar\u0131n\u0131 duyunca onlara kar\u015f\u0131 olan sevgisini dile getirdi. \u0130smi okunan \u00fcnl\u00fclerden baz\u0131lar\u0131 ise \u015funlard\u0131, \u00d6zge Ya\u011f\u0131z, Afra Sara\u00e7o\u011flu, Hafsanur Sancaktutan, Alina Boz, Beren Saat, Burcu \u00d6zbek, Rabia Soyt\u00fcrk, \u00d6zg\u00fc Namal ve Tuba B\u00fcy\u00fck\u00fcst\u00fcn gibi \u00fcnl\u00fc isimler Ali\u2019ye soruldu.<\/p>\n<p><img loading=\"lazy\" decoding=\"async\" class=\"alignnone wp-image-154659\" src=\"https:\/\/www.tgrthaber.com\/mavikadin\/wp-content\/uploads\/haber-gorselleri-fotoshop-2025-03-30T110201.461-1024x576.jpg\" alt=\"G\u00fclsim Ali kat\u0131ld\u0131\u011f\u0131 bir programdaki halleri ile sosyal medyada g\u00fcndem oldu!\" width=\"1208\" height=\"680\" title=\"\" srcset=\"https:\/\/www.tgrthaber.com\/mavikadin\/wp-content\/uploads\/haber-gorselleri-fotoshop-2025-03-30T110201.461-1024x576.jpg 1024w, https:\/\/www.tgrthaber.com\/mavikadin\/wp-content\/uploads\/haber-gorselleri-fotoshop-2025-03-30T110201.461-300x169.jpg 300w, https:\/\/www.tgrthaber.com\/mavikadin\/wp-content\/uploads\/haber-gorselleri-fotoshop-2025-03-30T110201.461-768x432.jpg 768w, https:\/\/www.tgrthaber.com\/mavikadin\/wp-content\/uploads\/haber-gorselleri-fotoshop-2025-03-30T110201.461-1536x864.jpg 1536w, https:\/\/www.tgrthaber.com\/mavikadin\/wp-content\/uploads\/haber-gorselleri-fotoshop-2025-03-30T110201.461.jpg 1600w\" sizes=\"(max-width: 1208px) 100vw, 1208px\" \/><\/p>\n<hr \/>\n<p>Bu isimler kar\u015f\u0131s\u0131nda verdi\u011fi tepkiler program sonras\u0131 \u00e7ok konu\u015fuldu. Baz\u0131 isimleri duyunca o ki\u015filere kar\u015f\u0131 hayranl\u0131\u011f\u0131 oldu\u011funu ve o insan\u0131n her i\u015fini takip etti\u011fini de s\u00f6zlerine ekledi. \u00d6zge Namal bu isimlerden biri oldu. \u00d6zge Namal\u2019\u0131n oynad\u0131\u011f\u0131 \u2018K\u0131z\u0131l Goncalar\u2019 dizisini hi\u00e7bir \u015fekilde ka\u00e7\u0131rmad\u0131\u011f\u0131n\u0131, e\u011fer ka\u00e7\u0131rd\u0131ysa da internetten tekrar izledi\u011fini s\u00f6yledi.<\/p>\n<p><img loading=\"lazy\" decoding=\"async\" class=\"alignnone wp-image-154660\" src=\"https:\/\/www.tgrthaber.com\/mavikadin\/wp-content\/uploads\/haber-gorselleri-fotoshop-2025-03-30T110353.435-1024x576.jpg\" alt=\"G\u00fclsim Ali kat\u0131ld\u0131\u011f\u0131 bir programdaki halleri ile sosyal medyada g\u00fcndem oldu!\" width=\"1208\" height=\"680\" title=\"\" srcset=\"https:\/\/www.tgrthaber.com\/mavikadin\/wp-content\/uploads\/haber-gorselleri-fotoshop-2025-03-30T110353.435-1024x576.jpg 1024w, https:\/\/www.tgrthaber.com\/mavikadin\/wp-content\/uploads\/haber-gorselleri-fotoshop-2025-03-30T110353.435-300x169.jpg 300w, https:\/\/www.tgrthaber.com\/mavikadin\/wp-content\/uploads\/haber-gorselleri-fotoshop-2025-03-30T110353.435-768x432.jpg 768w, https:\/\/www.tgrthaber.com\/mavikadin\/wp-content\/uploads\/haber-gorselleri-fotoshop-2025-03-30T110353.435-1536x864.jpg 1536w, https:\/\/www.tgrthaber.com\/mavikadin\/wp-content\/uploads\/haber-gorselleri-fotoshop-2025-03-30T110353.435.jpg 1600w\" sizes=\"(max-width: 1208px) 100vw, 1208px\" \/><\/p>\n<hr \/>\n<h3>G\u00dcLS\u0130M AL\u0130 K\u0130MD\u0130R<\/h3>\n<p>Ba\u015far\u0131l\u0131 oyuncu G\u00fclsim Ali \u0130lhan, 24 Eyl\u00fcl 1995\u2019te Bulgaristan\u2019da d\u00fcnyaya geldi. Oyunculuk ser\u00fcvenine T\u00fcrkiye\u2019de ba\u015flad\u0131. G\u00fczelli\u011fi ve yetene\u011fi sayesinde k\u0131sa s\u00fcrede dikkat \u00e7eken \u0130lhan, bir\u00e7ok \u00f6nemli projede yer ald\u0131. B\u00fcy\u00fck \u00e7\u0131k\u0131\u015f\u0131n\u0131 \u201cG\u00f6n\u00fcl Da\u011f\u0131\u201d dizisindeki Dilek karakteriyle yakalad\u0131. Bu dizi hem hikayesi hem de oyunculuk performanslar\u0131yla b\u00fcy\u00fck ilgi g\u00f6rd\u00fc. Son olarak \u201cAl Sancak\u201d dizisinde rol alan \u0130lhan, aksiyon dolu sahneleriyle be\u011feni toplad\u0131.<\/p>\n","protected":false},"excerpt":{"rendered":"<p>G\u00fczel oyuncu G\u00fclsim Ali, kat\u0131ld\u0131\u011f\u0131 bir televizyon program\u0131ndaki halleri ile sosyal medyada g\u00fcndem oldu.<\/p>\n","protected":false},"author":34,"featured_media":154658,"comment_status":"closed","ping_status":"closed","sticky":false,"template":"","format":"standard","meta":{"rank_math_lock_modified_date":false,"footnotes":""},"categories":[76],"tags":[11850,2581,133,2411,3668,3568],"class_list":["post-154655","post","type-post","status-publish","format-standard","has-post-thumbnail","hentry","category-magazin","tag-gulsim-ali","tag-hafsanur-sancaktutan","tag-magazin","tag-ozge-yagiz","tag-ozgu-namal","tag-tuba-buyukustun"],"_links":{"self":[{"href":"https:\/\/www.tgrthaber.com\/mavikadin\/wp-json\/wp\/v2\/posts\/154655"}],"collection":[{"href":"https:\/\/www.tgrthaber.com\/mavikadin\/wp-json\/wp\/v2\/posts"}],"about":[{"href":"https:\/\/www.tgrthaber.com\/mavikadin\/wp-json\/wp\/v2\/types\/post"}],"author":[{"embeddable":true,"href":"https:\/\/www.tgrthaber.com\/mavikadin\/wp-json\/wp\/v2\/users\/34"}],"replies":[{"embeddable":true,"href":"https:\/\/www.tgrthaber.com\/mavikadin\/wp-json\/wp\/v2\/comments?post=154655"}],"version-history":[{"count":2,"href":"https:\/\/www.tgrthaber.com\/mavikadin\/wp-json\/wp\/v2\/posts\/154655\/revisions"}],"predecessor-version":[{"id":154663,"href":"https:\/\/www.tgrthaber.com\/mavikadin\/wp-json\/wp\/v2\/posts\/154655\/revisions\/154663"}],"wp:featuredmedia":[{"embeddable":true,"href":"https:\/\/www.tgrthaber.com\/mavikadin\/wp-json\/wp\/v2\/media\/154658"}],"wp:attachment":[{"href":"https:\/\/www.tgrthaber.com\/mavikadin\/wp-json\/wp\/v2\/media?parent=154655"}],"wp:term":[{"taxonomy":"category","embeddable":true,"href":"https:\/\/www.tgrthaber.com\/mavikadin\/wp-json\/wp\/v2\/categories?post=154655"},{"taxonomy":"post_tag","embeddable":true,"href":"https:\/\/www.tgrthaber.com\/mavikadin\/wp-json\/wp\/v2\/tags?post=154655"}],"curies":[{"name":"wp","href":"https:\/\/api.w.org\/{rel}","templated":true}]}}