{"id":154674,"date":"2025-03-30T12:16:06","date_gmt":"2025-03-30T09:16:06","guid":{"rendered":"https:\/\/www.tgrthaber.com\/mavikadin\/?p=154674"},"modified":"2025-09-18T16:13:46","modified_gmt":"2025-09-18T13:13:46","slug":"deren-ve-derin-talunun-buyuk-dedesi-turk-edebiyatina-damga-vuran-meshur-yazar-cikti-iste-defne-samyelinin-eski-esinin-ailesi","status":"publish","type":"post","link":"https:\/\/www.tgrthaber.com\/mavikadin\/deren-ve-derin-talunun-buyuk-dedesi-turk-edebiyatina-damga-vuran-meshur-yazar-cikti-iste-defne-samyelinin-eski-esinin-ailesi\/","title":{"rendered":"Deren ve Derin Talu&#8217;nun b\u00fcy\u00fck dedesi T\u00fcrk edebiyat\u0131na damga vuran me\u015fhur yazar \u00e7\u0131kt\u0131! \u0130\u015fte Defne Samyeli&#8217;nin eski e\u015finin ailesi"},"content":{"rendered":"<p>Magazin d\u00fcnyas\u0131nda s\u0131k\u00e7a konu\u015fulan isimlerden biri olan Defne Samyeli\u2019nin k\u0131zlar\u0131 Deren ve Derin Talu hem g\u00fczellikleriyle hem de sosyal medya payla\u015f\u0131mlar\u0131yla g\u00fcndemden d\u00fc\u015fm\u00fcyor. Ancak bu kez Talu karde\u015fler, bamba\u015fka bir konu ile g\u00fcndeme geldi. Son iddialara g\u00f6re, onlar\u0131n b\u00fcy\u00fck dedesi T\u00fcrk edebiyat\u0131na damga vuran \u00fcnl\u00fc bir yazar \u00e7\u0131kt\u0131. \u0130\u015fte Defne Samyeli&#8217;nin eski e\u015finin ailesini sizler i\u00e7in ara\u015ft\u0131rd\u0131k\u2026<\/p>\n<h3>DEREN VE DER\u0130N TALU&#8217;NUN B\u00dcY\u00dcK DEDES\u0130 T\u00dcRK EDEB\u0130YATINA DAMGA VURAN ME\u015eHUR YAZAR \u00c7IKTI<\/h3>\n<p>Son g\u00fcnlerde ortaya \u00e7\u0131kan bir bilgi magazin d\u00fcnyas\u0131na bomba gibi d\u00fc\u015ft\u00fc. Deren ve Derin Talu\u2019nun b\u00fcy\u00fck dedesi, T\u00fcrk edebiyat\u0131nda \u00f6nemli bir yere sahip olan me\u015fhur bir yazar \u00e7\u0131kt\u0131. K\u0131zlar\u0131n dedeleri T\u00fcrk edebiyat\u0131n\u0131n \u00fcnl\u00fc isimlerinden Recaizade Mahmut Ekrem&#8217;in torunu, Abidin Pa\u015fa torunlar\u0131ndan Feriha Han\u0131mefendi\u2019nin ve Gazeteci Erc\u00fcment Ekrem Talu&#8217;nun o\u011fludur.<\/p>\n<p><img loading=\"lazy\" decoding=\"async\" class=\"alignnone wp-image-154683\" src=\"https:\/\/www.tgrthaber.com\/mavikadin\/wp-content\/uploads\/haber-gorselleri-fotoshop-2025-03-30T121313.596-1024x576.jpg\" alt=\"Deren ve Derin Talu&#039;nun b\u00fcy\u00fck dedesi T\u00fcrk edebiyat\u0131na damga vuran me\u015fhur yazar \u00e7\u0131kt\u0131! \u0130\u015fte Defne Samyeli&#039;nin eski e\u015finin ailesi \" width=\"1208\" height=\"680\" title=\"\" srcset=\"https:\/\/www.tgrthaber.com\/mavikadin\/wp-content\/uploads\/haber-gorselleri-fotoshop-2025-03-30T121313.596-1024x576.jpg 1024w, https:\/\/www.tgrthaber.com\/mavikadin\/wp-content\/uploads\/haber-gorselleri-fotoshop-2025-03-30T121313.596-300x169.jpg 300w, https:\/\/www.tgrthaber.com\/mavikadin\/wp-content\/uploads\/haber-gorselleri-fotoshop-2025-03-30T121313.596-768x432.jpg 768w, https:\/\/www.tgrthaber.com\/mavikadin\/wp-content\/uploads\/haber-gorselleri-fotoshop-2025-03-30T121313.596-1536x864.jpg 1536w, https:\/\/www.tgrthaber.com\/mavikadin\/wp-content\/uploads\/haber-gorselleri-fotoshop-2025-03-30T121313.596.jpg 1600w\" sizes=\"(max-width: 1208px) 100vw, 1208px\" \/><\/p>\n<hr \/>\n<p>\u0130talya&#8217;da bankac\u0131l\u0131k e\u011fitimi g\u00f6ren Talu, sporla da ilgilenmi\u015ftir. Futbol bran\u015f\u0131 ile spor yazarl\u0131\u011f\u0131 yapm\u0131\u015f, T\u00fcrkiye&#8217;de ilk spor spikerlerinden birisi olarak tan\u0131nm\u0131\u015ft\u0131r. K\u00f6kl\u00fc bir aile ge\u00e7mi\u015fine sahip olan Talu ailesinin sanata ve edebiyata olan ilgisi, bu durumu g\u00fc\u00e7lendiriyor. 26 Mart 1963 y\u0131l\u0131nda vefat etmi\u015ftir.<\/p>\n<h3><img loading=\"lazy\" decoding=\"async\" class=\"alignnone wp-image-154685\" src=\"https:\/\/www.tgrthaber.com\/mavikadin\/wp-content\/uploads\/haber-gorselleri-fotoshop-2025-03-30T121132.853-1024x576.jpg\" alt=\"Deren ve Derin Talu&#039;nun b\u00fcy\u00fck dedesi T\u00fcrk edebiyat\u0131na damga vuran me\u015fhur yazar \u00e7\u0131kt\u0131! \u0130\u015fte Defne Samyeli&#039;nin eski e\u015finin ailesi \" width=\"1208\" height=\"680\" title=\"\" srcset=\"https:\/\/www.tgrthaber.com\/mavikadin\/wp-content\/uploads\/haber-gorselleri-fotoshop-2025-03-30T121132.853-1024x576.jpg 1024w, https:\/\/www.tgrthaber.com\/mavikadin\/wp-content\/uploads\/haber-gorselleri-fotoshop-2025-03-30T121132.853-300x169.jpg 300w, https:\/\/www.tgrthaber.com\/mavikadin\/wp-content\/uploads\/haber-gorselleri-fotoshop-2025-03-30T121132.853-768x432.jpg 768w, https:\/\/www.tgrthaber.com\/mavikadin\/wp-content\/uploads\/haber-gorselleri-fotoshop-2025-03-30T121132.853-1536x864.jpg 1536w, https:\/\/www.tgrthaber.com\/mavikadin\/wp-content\/uploads\/haber-gorselleri-fotoshop-2025-03-30T121132.853.jpg 1600w\" sizes=\"(max-width: 1208px) 100vw, 1208px\" \/><\/h3>\n<hr \/>\n<h3>EREN TALU K\u0130MD\u0130R<\/h3>\n<p>Deren ve Derin Talu\u2019nun babas\u0131 olan Eren Talu, T\u00fcrkiye\u2019nin sayg\u0131n mimarlar\u0131ndan biri olarak tan\u0131n\u0131yor. 1960 do\u011fumlu olan Talu, Galatasaray Lisesi\u2019nden mezun olduktan sonra G\u00fczel Sanatlar Akademisi\u2019nde e\u011fitim alarak mimarl\u0131k kariyerine ad\u0131m att\u0131.<\/p>\n<p><img loading=\"lazy\" decoding=\"async\" class=\"alignnone wp-image-154686\" src=\"https:\/\/www.tgrthaber.com\/mavikadin\/wp-content\/uploads\/haber-gorselleri-fotoshop-2025-03-30T121115.494-1024x576.jpg\" alt=\"Deren ve Derin Talu&#039;nun b\u00fcy\u00fck dedesi T\u00fcrk edebiyat\u0131na damga vuran me\u015fhur yazar \u00e7\u0131kt\u0131! \u0130\u015fte Defne Samyeli&#039;nin eski e\u015finin ailesi \" width=\"1208\" height=\"680\" title=\"\" srcset=\"https:\/\/www.tgrthaber.com\/mavikadin\/wp-content\/uploads\/haber-gorselleri-fotoshop-2025-03-30T121115.494-1024x576.jpg 1024w, https:\/\/www.tgrthaber.com\/mavikadin\/wp-content\/uploads\/haber-gorselleri-fotoshop-2025-03-30T121115.494-300x169.jpg 300w, https:\/\/www.tgrthaber.com\/mavikadin\/wp-content\/uploads\/haber-gorselleri-fotoshop-2025-03-30T121115.494-768x432.jpg 768w, https:\/\/www.tgrthaber.com\/mavikadin\/wp-content\/uploads\/haber-gorselleri-fotoshop-2025-03-30T121115.494-1536x864.jpg 1536w, https:\/\/www.tgrthaber.com\/mavikadin\/wp-content\/uploads\/haber-gorselleri-fotoshop-2025-03-30T121115.494.jpg 1600w\" sizes=\"(max-width: 1208px) 100vw, 1208px\" \/><\/p>\n<hr \/>\n<p>Modern ve sade tasar\u0131mlar\u0131yla bilinen Talu, \u201cWhites\u201d lakab\u0131yla an\u0131l\u0131yor. Y\u0131llarca mimari alanda \u00f6nemli projelere imza atan Talu, zaman zaman magazin g\u00fcndemine de d\u00fc\u015f\u00fcyor. \u00d6zellikle Defne Samyeli ile olmu\u015f olan evlili\u011fi ve bu evlilikten d\u00fcnyaya gelen k\u0131zlar\u0131 Deren ve Derin Talu sayesinde s\u0131k\u00e7a konu\u015fulan isimler aras\u0131nda yer al\u0131yor. K\u0131zlar\u0131n\u0131n sosyal medyada g\u00fcndem olmas\u0131 babalar\u0131n\u0131n da merak edilmesine neden oluyor.<\/p>\n","protected":false},"excerpt":{"rendered":"<p>Defne Samyeli\u2019nin k\u0131zlar\u0131 Deren ve Derin Talu hem g\u00fczellikleriyle hem de sosyal medya payla\u015f\u0131mlar\u0131yla g\u00fcndemden d\u00fc\u015fm\u00fcyor<\/p>\n","protected":false},"author":34,"featured_media":154684,"comment_status":"closed","ping_status":"closed","sticky":false,"template":"","format":"standard","meta":{"rank_math_lock_modified_date":false,"footnotes":""},"categories":[76],"tags":[15580,16027,16028,15581,16029,16026],"class_list":["post-154674","post","type-post","status-publish","format-standard","has-post-thumbnail","hentry","category-magazin","tag-defne-samyeli","tag-deren-talu","tag-deren-ve-derin-talunun-dedeleri","tag-derin-talu","tag-ekrem-talu","tag-eren-talu"],"_links":{"self":[{"href":"https:\/\/www.tgrthaber.com\/mavikadin\/wp-json\/wp\/v2\/posts\/154674"}],"collection":[{"href":"https:\/\/www.tgrthaber.com\/mavikadin\/wp-json\/wp\/v2\/posts"}],"about":[{"href":"https:\/\/www.tgrthaber.com\/mavikadin\/wp-json\/wp\/v2\/types\/post"}],"author":[{"embeddable":true,"href":"https:\/\/www.tgrthaber.com\/mavikadin\/wp-json\/wp\/v2\/users\/34"}],"replies":[{"embeddable":true,"href":"https:\/\/www.tgrthaber.com\/mavikadin\/wp-json\/wp\/v2\/comments?post=154674"}],"version-history":[{"count":1,"href":"https:\/\/www.tgrthaber.com\/mavikadin\/wp-json\/wp\/v2\/posts\/154674\/revisions"}],"predecessor-version":[{"id":154687,"href":"https:\/\/www.tgrthaber.com\/mavikadin\/wp-json\/wp\/v2\/posts\/154674\/revisions\/154687"}],"wp:featuredmedia":[{"embeddable":true,"href":"https:\/\/www.tgrthaber.com\/mavikadin\/wp-json\/wp\/v2\/media\/154684"}],"wp:attachment":[{"href":"https:\/\/www.tgrthaber.com\/mavikadin\/wp-json\/wp\/v2\/media?parent=154674"}],"wp:term":[{"taxonomy":"category","embeddable":true,"href":"https:\/\/www.tgrthaber.com\/mavikadin\/wp-json\/wp\/v2\/categories?post=154674"},{"taxonomy":"post_tag","embeddable":true,"href":"https:\/\/www.tgrthaber.com\/mavikadin\/wp-json\/wp\/v2\/tags?post=154674"}],"curies":[{"name":"wp","href":"https:\/\/api.w.org\/{rel}","templated":true}]}}