{"id":154675,"date":"2025-03-30T11:55:40","date_gmt":"2025-03-30T08:55:40","guid":{"rendered":"https:\/\/www.tgrthaber.com\/mavikadin\/?p=154675"},"modified":"2025-03-30T11:55:41","modified_gmt":"2025-03-30T08:55:41","slug":"pelin-akilden-bosanma-iddialarini-hakli-cikaran-hareket-ayrilik-dedikodulari-bu-kez-dogrulandi","status":"publish","type":"post","link":"https:\/\/www.tgrthaber.com\/mavikadin\/pelin-akilden-bosanma-iddialarini-hakli-cikaran-hareket-ayrilik-dedikodulari-bu-kez-dogrulandi\/","title":{"rendered":"Pelin Akil\u2019den bo\u015fanma iddialar\u0131n\u0131 hakl\u0131 \u00e7\u0131karan hareket! Ayr\u0131l\u0131k dedikodular\u0131 bu kez do\u011fruland\u0131"},"content":{"rendered":"<p>Son d\u00f6nemlerin en \u00e7ok konu\u015fulan \u00e7iftleri aras\u0131nda yer alan An\u0131l Altan ve Pelin Akil, bo\u015fanma iddialar\u0131yla g\u00fcndemden d\u00fc\u015fm\u00fcyor. S\u0131k s\u0131k ayr\u0131l\u0131k dedikodular\u0131yla g\u00fcndeme gelen \u00e7iftin ayr\u0131 eve \u00e7\u0131kt\u0131klar\u0131 ve bo\u015fanacaklar\u0131 konu\u015fuluyordu. An\u0131l Altan ve Pelin Akil \u00e7ifti, bo\u015fanma iddialar\u0131n\u0131 g\u00fc\u00e7lendirmeye devam ediyor. Bu kez ayr\u0131l\u0131k dedikodular\u0131n\u0131 g\u00fc\u00e7lendiren taraf Pelin Akil oldu. Pelin Akil\u2019den bo\u015fanma iddialar\u0131n\u0131 hakl\u0131 \u00e7\u0131karan hareket geldi. Peki, ayr\u0131l\u0131k dedikodular\u0131 bu kez do\u011fruland\u0131 m\u0131? \u0130\u015fte Pelin Akil\u2019den dikkat \u00e7eken bo\u015fanma a\u00e7\u0131klamas\u0131\u2026<\/p>\n<h3>PEL\u0130N AK\u0130L\u2019DEN BO\u015eANMA \u0130DD\u0130ALARINI HAKLI \u00c7IKARAN HAREKET!<\/h3>\n<p>Son zamanlarda bo\u015fanma iddialar\u0131yla s\u0131k s\u0131k magazin d\u00fcnyas\u0131n\u0131n g\u00fcndemine gelen Pelin Akil ve An\u0131l Altan \u00e7ifti, rol ald\u0131klar\u0131 \u201cArka S\u0131radakiler\u201d dizisinin setinde tan\u0131\u015fm\u0131\u015f ve 2016 y\u0131l\u0131nda d\u00fcnyaevine girmi\u015fti. \u00dcnl\u00fc \u00e7ift, evliliklerini 2019 y\u0131l\u0131nda kucaklar\u0131na ald\u0131klar\u0131 ikiz k\u0131zlar\u0131 Alin ve Lina ile ta\u00e7land\u0131rm\u0131\u015ft\u0131.<\/p>\n<p><img loading=\"lazy\" decoding=\"async\" class=\"alignnone wp-image-154677\" src=\"https:\/\/www.tgrthaber.com\/mavikadin\/wp-content\/uploads\/Pelin-Akil-1-1024x576.jpg\" alt=\"Pelin Akil\u2019den bo\u015fanma iddialar\u0131n\u0131 hakl\u0131 \u00e7\u0131karan hareket! Ayr\u0131l\u0131k dedikodular\u0131 bu kez do\u011fruland\u0131\" width=\"1208\" height=\"680\" title=\"\" srcset=\"https:\/\/www.tgrthaber.com\/mavikadin\/wp-content\/uploads\/Pelin-Akil-1-1024x576.jpg 1024w, https:\/\/www.tgrthaber.com\/mavikadin\/wp-content\/uploads\/Pelin-Akil-1-300x169.jpg 300w, https:\/\/www.tgrthaber.com\/mavikadin\/wp-content\/uploads\/Pelin-Akil-1-768x432.jpg 768w, https:\/\/www.tgrthaber.com\/mavikadin\/wp-content\/uploads\/Pelin-Akil-1-1536x864.jpg 1536w, https:\/\/www.tgrthaber.com\/mavikadin\/wp-content\/uploads\/Pelin-Akil-1.jpg 1600w\" sizes=\"(max-width: 1208px) 100vw, 1208px\" \/><\/p>\n<hr \/>\n<p>Uzun s\u00fcredir mutlu beraberliklerine devam eden \u00fcnl\u00fc \u00e7ift, magazin d\u00fcnyas\u0131n\u0131n en sevilen \u00e7iftleri aras\u0131nda yer al\u0131yordu. Sosyal medya hesaplar\u0131ndan yapt\u0131klar\u0131 payla\u015f\u0131mlarla mutlu evliliklerinden s\u0131k s\u0131k s\u00f6z ettiren \u00e7iftin, bo\u015fanacaklar\u0131 iddias\u0131 uzun s\u00fcredir g\u00fcndemden d\u00fc\u015fm\u00fcyor. Bu kez ayr\u0131l\u0131k dedikodular\u0131n\u0131 g\u00fc\u00e7lendiren taraf Pelin Akil oldu. Pelin Akil\u2019den bo\u015fanma iddialar\u0131n\u0131 hakl\u0131 \u00e7\u0131karan hareket geldi.<\/p>\n<h3>AYRILIK DED\u0130KODULARI BU KEZ DO\u011eRULANDI!<\/h3>\n<p>Uzun bir s\u00fcredir bo\u015fanma iddialar\u0131yla g\u00fcndemden d\u00fc\u015fmeyen \u00fcnl\u00fc \u00e7iftten Pelin Akil, ge\u00e7ti\u011fimiz g\u00fcn Ni\u015fanta\u015f\u0131\u2019nda objektiflere yans\u0131d\u0131. Evliliklerini kurtarmaya \u00e7al\u0131\u015ft\u0131klar\u0131 ifade eden \u00fcnl\u00fc oyuncu, gazetecileri kar\u015f\u0131s\u0131nda g\u00f6r\u00fcnce k\u0131sa s\u00fcreli bir \u015fa\u015fk\u0131nl\u0131k ya\u015fad\u0131.<\/p>\n<p><img loading=\"lazy\" decoding=\"async\" class=\"alignnone wp-image-154678\" src=\"https:\/\/www.tgrthaber.com\/mavikadin\/wp-content\/uploads\/Pelin-Akil-2-1024x576.jpg\" alt=\"Pelin Akil\u2019den bo\u015fanma iddialar\u0131n\u0131 hakl\u0131 \u00e7\u0131karan hareket! Ayr\u0131l\u0131k dedikodular\u0131 bu kez do\u011fruland\u0131\" width=\"1208\" height=\"680\" title=\"\" srcset=\"https:\/\/www.tgrthaber.com\/mavikadin\/wp-content\/uploads\/Pelin-Akil-2-1024x576.jpg 1024w, https:\/\/www.tgrthaber.com\/mavikadin\/wp-content\/uploads\/Pelin-Akil-2-300x169.jpg 300w, https:\/\/www.tgrthaber.com\/mavikadin\/wp-content\/uploads\/Pelin-Akil-2-768x432.jpg 768w, https:\/\/www.tgrthaber.com\/mavikadin\/wp-content\/uploads\/Pelin-Akil-2-1536x864.jpg 1536w, https:\/\/www.tgrthaber.com\/mavikadin\/wp-content\/uploads\/Pelin-Akil-2.jpg 1600w\" sizes=\"(max-width: 1208px) 100vw, 1208px\" \/><\/p>\n<hr \/>\n<p>An\u0131l Altan ve Pelin Akil \u00e7ifti, bo\u015fanma iddialar\u0131n\u0131 g\u00fc\u00e7lendirmeye devam ediyor. Parma\u011f\u0131ndaki alyans\u0131n\u0131 \u00e7\u0131kard\u0131\u011f\u0131 g\u00f6zlerden ka\u00e7mayan \u00fcnl\u00fc oyuncu evliliklerinde krizin halen devam etti\u011fine ve ayr\u0131l\u0131k dedikodular\u0131n\u0131n bu kez do\u011fruland\u0131\u011f\u0131na i\u015faret etti. E\u015fiyle ilgili sorulara ka\u00e7amak cevaplar verdi.<\/p>\n<p><img loading=\"lazy\" decoding=\"async\" class=\"alignnone wp-image-154680\" src=\"https:\/\/www.tgrthaber.com\/mavikadin\/wp-content\/uploads\/Pelin-Akil-5-1024x576.jpg\" alt=\"Pelin Akil\u2019den bo\u015fanma iddialar\u0131n\u0131 hakl\u0131 \u00e7\u0131karan hareket! Ayr\u0131l\u0131k dedikodular\u0131 bu kez do\u011fruland\u0131\" width=\"1208\" height=\"680\" title=\"\" srcset=\"https:\/\/www.tgrthaber.com\/mavikadin\/wp-content\/uploads\/Pelin-Akil-5-1024x576.jpg 1024w, https:\/\/www.tgrthaber.com\/mavikadin\/wp-content\/uploads\/Pelin-Akil-5-300x169.jpg 300w, https:\/\/www.tgrthaber.com\/mavikadin\/wp-content\/uploads\/Pelin-Akil-5-768x432.jpg 768w, https:\/\/www.tgrthaber.com\/mavikadin\/wp-content\/uploads\/Pelin-Akil-5-1536x864.jpg 1536w, https:\/\/www.tgrthaber.com\/mavikadin\/wp-content\/uploads\/Pelin-Akil-5.jpg 1600w\" sizes=\"(max-width: 1208px) 100vw, 1208px\" \/><\/p>\n<hr \/>\n<h3>\u201c\u00c7OCUKLARIMIZ VAR KONU\u015eMAYI UYGUN BULMUYORUZ\u201d<\/h3>\n<p>Son zamanlarda bo\u015fanma iddialar\u0131yla s\u0131k s\u0131k g\u00fcndeme gelen Pelin Akil ve An\u0131l Altan \u00e7iftinin evliliklerindeki kriz devam ediyor. Evliliklerindeki kriz git gide b\u00fcy\u00fcyen \u00e7iften son a\u00e7\u0131klama Pelin Akil\u2019den geldi. Akil, bo\u015fanma iddialar\u0131 kar\u015f\u0131s\u0131nda bak\u0131n neler s\u00f6yledi\u2026<\/p>\n<p><img loading=\"lazy\" decoding=\"async\" class=\"alignnone wp-image-154679\" src=\"https:\/\/www.tgrthaber.com\/mavikadin\/wp-content\/uploads\/Pelin-Akil-3-1024x576.jpg\" alt=\"Pelin Akil\u2019den bo\u015fanma iddialar\u0131n\u0131 hakl\u0131 \u00e7\u0131karan hareket! Ayr\u0131l\u0131k dedikodular\u0131 bu kez do\u011fruland\u0131\" width=\"1208\" height=\"680\" title=\"\" srcset=\"https:\/\/www.tgrthaber.com\/mavikadin\/wp-content\/uploads\/Pelin-Akil-3-1024x576.jpg 1024w, https:\/\/www.tgrthaber.com\/mavikadin\/wp-content\/uploads\/Pelin-Akil-3-300x169.jpg 300w, https:\/\/www.tgrthaber.com\/mavikadin\/wp-content\/uploads\/Pelin-Akil-3-768x432.jpg 768w, https:\/\/www.tgrthaber.com\/mavikadin\/wp-content\/uploads\/Pelin-Akil-3-1536x864.jpg 1536w, https:\/\/www.tgrthaber.com\/mavikadin\/wp-content\/uploads\/Pelin-Akil-3.jpg 1600w\" sizes=\"(max-width: 1208px) 100vw, 1208px\" \/><\/p>\n<hr \/>\n<p>\u201c\u0130\u015f toplant\u0131s\u0131na gidiyoruz. Biraz ge\u00e7 kald\u0131k da kusura bakmay\u0131n. \u00d6zel hayat\u0131m\u0131zla ilgili konu\u015fmak istemiyoruz \u00e7ok fazla. \u00c7ocuklar\u0131m\u0131z var konu\u015fmay\u0131 uygun bulmuyoruz. Bir \u015fey s\u00f6ylemek istemiyorum te\u015fekk\u00fcrler.\u201d<\/p>\n","protected":false},"excerpt":{"rendered":"<p>Pelin Akil ve An\u0131l Altan \u00e7ifti magazin d\u00fcnyas\u0131n\u0131n g\u00fcndeminden bir an olsun d\u00fc\u015fm\u00fcyor. Son zamanlarda ayr\u0131l\u0131k iddialar\u0131yla s\u0131k s\u0131k g\u00fcndeme gelen \u00e7iftten Pelin Akil, bo\u015fanma dedikodular\u0131 hakk\u0131nda konu\u015ftu. Pelin Akil\u2019den bo\u015fanma iddialar\u0131n\u0131 hakl\u0131 \u00e7\u0131karan hareket geldi. Peki, ayr\u0131l\u0131k dedikodular\u0131 bu kez do\u011fruland\u0131 m\u0131? \u0130\u015fte ayr\u0131nt\u0131lar\u2026 <\/p>\n","protected":false},"author":26,"featured_media":154676,"comment_status":"closed","ping_status":"closed","sticky":false,"template":"","format":"standard","meta":{"rank_math_lock_modified_date":false,"footnotes":""},"categories":[76],"tags":[3497,13872,2507,14347],"class_list":["post-154675","post","type-post","status-publish","format-standard","has-post-thumbnail","hentry","category-magazin","tag-anil-altan","tag-anil-altan-pelin-akil-bosanma","tag-pelin-akil","tag-pelin-akil-anil-altan-bosanma"],"_links":{"self":[{"href":"https:\/\/www.tgrthaber.com\/mavikadin\/wp-json\/wp\/v2\/posts\/154675"}],"collection":[{"href":"https:\/\/www.tgrthaber.com\/mavikadin\/wp-json\/wp\/v2\/posts"}],"about":[{"href":"https:\/\/www.tgrthaber.com\/mavikadin\/wp-json\/wp\/v2\/types\/post"}],"author":[{"embeddable":true,"href":"https:\/\/www.tgrthaber.com\/mavikadin\/wp-json\/wp\/v2\/users\/26"}],"replies":[{"embeddable":true,"href":"https:\/\/www.tgrthaber.com\/mavikadin\/wp-json\/wp\/v2\/comments?post=154675"}],"version-history":[{"count":2,"href":"https:\/\/www.tgrthaber.com\/mavikadin\/wp-json\/wp\/v2\/posts\/154675\/revisions"}],"predecessor-version":[{"id":154682,"href":"https:\/\/www.tgrthaber.com\/mavikadin\/wp-json\/wp\/v2\/posts\/154675\/revisions\/154682"}],"wp:featuredmedia":[{"embeddable":true,"href":"https:\/\/www.tgrthaber.com\/mavikadin\/wp-json\/wp\/v2\/media\/154676"}],"wp:attachment":[{"href":"https:\/\/www.tgrthaber.com\/mavikadin\/wp-json\/wp\/v2\/media?parent=154675"}],"wp:term":[{"taxonomy":"category","embeddable":true,"href":"https:\/\/www.tgrthaber.com\/mavikadin\/wp-json\/wp\/v2\/categories?post=154675"},{"taxonomy":"post_tag","embeddable":true,"href":"https:\/\/www.tgrthaber.com\/mavikadin\/wp-json\/wp\/v2\/tags?post=154675"}],"curies":[{"name":"wp","href":"https:\/\/api.w.org\/{rel}","templated":true}]}}