{"id":154689,"date":"2025-03-30T12:40:25","date_gmt":"2025-03-30T09:40:25","guid":{"rendered":"https:\/\/www.tgrthaber.com\/mavikadin\/?p=154689"},"modified":"2025-03-30T12:44:02","modified_gmt":"2025-03-30T09:44:02","slug":"gonul-yazar-oldu-iddialari-sosyal-medyayi-salladi-gonul-yazara-ne-oldu","status":"publish","type":"post","link":"https:\/\/www.tgrthaber.com\/mavikadin\/gonul-yazar-oldu-iddialari-sosyal-medyayi-salladi-gonul-yazara-ne-oldu\/","title":{"rendered":"\u201cG\u00f6n\u00fcl Yazar \u00f6ld\u00fc\u201d iddialar\u0131 sosyal medyay\u0131 sallad\u0131! G\u00f6n\u00fcl Yazar\u2019a ne oldu?"},"content":{"rendered":"<p>T\u00fcrk m\u00fczik tarihinde yer alan en uzun soluklu isimlerden biri olan G\u00f6n\u00fcl Yazar, son d\u00f6nemlerde \u00f6ld\u00fc iddialar\u0131yla s\u0131k s\u0131k g\u00fcndeme geliyor. T\u00fcrk Sanat M\u00fczi\u011fi\u2019nin usta isimlerinden Yazar\u2019\u0131n sa\u011fl\u0131k durumuyla ilgili \u00e7e\u015fitli spek\u00fclasyonlar ve as\u0131ls\u0131z iddialar sosyal medyada g\u00fcndeme gelmeye devam ediyor. Usta sanat\u00e7\u0131 Yazar\u2019a ne oldu\u011fu ise sevilenleri taraf\u0131ndan merak ediliyor. Peki, G\u00f6n\u00fcl Yazar\u2019a ne oldu? \u0130\u015fte G\u00f6n\u00fcl Yazar hakk\u0131nda g\u00fcncel bilgiler\u2026<\/p>\n<h3>\u201cG\u00d6N\u00dcL YAZAR \u00d6LD\u00dc\u201d \u0130DD\u0130ALARI SOSYAL MEDYAYI SALLADI!<\/h3>\n<p>T\u00fcrk sanat m\u00fczi\u011finin sevilen isimlerinden G\u00f6n\u00fcl Yazar, sosyal medyan\u0131n g\u00fcndeminden d\u00fc\u015fmek bilmiyor. S\u0131k s\u0131k \u00f6ld\u00fc iddialar\u0131yla g\u00fcndeme gelen usta sanat\u00e7\u0131, sosyal medyay\u0131 sallamaya devam ediyor. Bir\u00e7ok sosyal medya kullan\u0131c\u0131s\u0131n\u0131n \u00e7e\u015fitli iddialar\u0131yla kar\u015f\u0131 kar\u015f\u0131ya kalan Yazar\u2019a ne oldu\u011fu ise merakla ara\u015ft\u0131r\u0131l\u0131yor.<\/p>\n<p><img loading=\"lazy\" decoding=\"async\" class=\"alignnone wp-image-154693\" src=\"https:\/\/www.tgrthaber.com\/mavikadin\/wp-content\/uploads\/Gonul-Yazar-5-1024x576.jpg\" alt=\"\u201cG\u00f6n\u00fcl Yazar \u00f6ld\u00fc\u201d iddialar\u0131 sosyal medyay\u0131 sallad\u0131! G\u00f6n\u00fcl Yazar\u2019a ne oldu?\" width=\"1208\" height=\"680\" title=\"\" srcset=\"https:\/\/www.tgrthaber.com\/mavikadin\/wp-content\/uploads\/Gonul-Yazar-5-1024x576.jpg 1024w, https:\/\/www.tgrthaber.com\/mavikadin\/wp-content\/uploads\/Gonul-Yazar-5-300x169.jpg 300w, https:\/\/www.tgrthaber.com\/mavikadin\/wp-content\/uploads\/Gonul-Yazar-5-768x432.jpg 768w, https:\/\/www.tgrthaber.com\/mavikadin\/wp-content\/uploads\/Gonul-Yazar-5-1536x864.jpg 1536w, https:\/\/www.tgrthaber.com\/mavikadin\/wp-content\/uploads\/Gonul-Yazar-5.jpg 1600w\" sizes=\"(max-width: 1208px) 100vw, 1208px\" \/><\/p>\n<hr \/>\n<h3>SA\u011eLIK DURUMU HAKKINDA A\u00c7IKLAMA YAPMI\u015eTI!<\/h3>\n<p>Ge\u00e7ti\u011fimiz y\u0131l rahats\u0131zlanarak hastaneye kald\u0131r\u0131lm\u0131\u015f ve baca\u011f\u0131nda p\u0131ht\u0131 att\u0131\u011f\u0131 \u00f6\u011frenilmi\u015fti. Hastaneye kald\u0131r\u0131ld\u0131\u011f\u0131 d\u00f6nem tedavisine i\u011fne ve ila\u00e7la devam eden Yazar\u2019\u0131n sa\u011fl\u0131k sorunlar\u0131 nedeniyle \u00f6ld\u00fc\u011f\u00fc iddia edilmi\u015fti. Ancak Yazar, bu s\u00f6ylentilere a\u00e7\u0131kl\u0131k getirmi\u015f ve sa\u011fl\u0131k durumunun iyi oldu\u011funu dile getirmi\u015fti.<\/p>\n<p><img loading=\"lazy\" decoding=\"async\" class=\"alignnone wp-image-154695\" src=\"https:\/\/www.tgrthaber.com\/mavikadin\/wp-content\/uploads\/Gonul-Yazar-3-1-1024x576.jpg\" alt=\"\u201cG\u00f6n\u00fcl Yazar \u00f6ld\u00fc\u201d iddialar\u0131 sosyal medyay\u0131 sallad\u0131! G\u00f6n\u00fcl Yazar\u2019a ne oldu?\" width=\"1208\" height=\"680\" title=\"\" srcset=\"https:\/\/www.tgrthaber.com\/mavikadin\/wp-content\/uploads\/Gonul-Yazar-3-1-1024x576.jpg 1024w, https:\/\/www.tgrthaber.com\/mavikadin\/wp-content\/uploads\/Gonul-Yazar-3-1-300x169.jpg 300w, https:\/\/www.tgrthaber.com\/mavikadin\/wp-content\/uploads\/Gonul-Yazar-3-1-768x432.jpg 768w, https:\/\/www.tgrthaber.com\/mavikadin\/wp-content\/uploads\/Gonul-Yazar-3-1-1536x864.jpg 1536w, https:\/\/www.tgrthaber.com\/mavikadin\/wp-content\/uploads\/Gonul-Yazar-3-1.jpg 1600w\" sizes=\"(max-width: 1208px) 100vw, 1208px\" \/><\/p>\n<hr \/>\n<p>Endi\u015fe edilecek bir durumun olmad\u0131\u011f\u0131n\u0131 belirten G\u00f6n\u00fcl Yazar, a\u00e7\u0131klamalar\u0131nda \u015fu ifadelere yer vermi\u015fti: \u201cBu olay 4-5 ay \u00f6nce ya\u015fand\u0131. Evimdeyim, iyiyim. P\u0131ht\u0131 \u00e7oktan da\u011f\u0131ld\u0131. \u00c7ok iyiyim merak etmeyin l\u00fctfen. Arkada\u015fa anlatt\u0131m, o yeni sanm\u0131\u015f. Kabahati yok. Doktorlar 6 ay sonra gel, g\u00f6relim dedi\u201d<\/p>\n<h3>N\u0130\u015eANTA\u015eI\u2019NDA G\u00d6R\u00dcNT\u00dcLENM\u0130\u015eT\u0130!<\/h3>\n<p>Sa\u011fl\u0131k sorunlar\u0131 nedeniyle s\u0131k s\u0131k g\u00fcndeme gelen G\u00f6n\u00fcl Yazar\u2019\u0131n, daha \u00f6nce de tek g\u00f6z\u00fcn\u00fc kaybetti\u011fi y\u00f6n\u00fcnde iddialar ortaya at\u0131lm\u0131\u015ft\u0131. Sanat\u00e7\u0131, bu iddialara cevap vererek, ge\u00e7irdi\u011fi operasyon sonras\u0131nda sa\u011fl\u0131\u011f\u0131na kavu\u015ftu\u011funu ve \u201cyeniden do\u011fdu\u011funu\u201d dile getirmi\u015fti. Yazar, bu iddialara cevap vererek, ge\u00e7irdi\u011fi operasyon sonras\u0131nda sa\u011fl\u0131\u011f\u0131na kavu\u015ftu\u011funu ifade etmi\u015fti.<\/p>\n<p><img loading=\"lazy\" decoding=\"async\" class=\"alignnone wp-image-154696\" src=\"https:\/\/www.tgrthaber.com\/mavikadin\/wp-content\/uploads\/Gonul-Yazar-4-1024x576.jpg\" alt=\"\u201cG\u00f6n\u00fcl Yazar \u00f6ld\u00fc\u201d iddialar\u0131 sosyal medyay\u0131 sallad\u0131! G\u00f6n\u00fcl Yazar\u2019a ne oldu?\" width=\"1208\" height=\"680\" title=\"\" srcset=\"https:\/\/www.tgrthaber.com\/mavikadin\/wp-content\/uploads\/Gonul-Yazar-4-1024x576.jpg 1024w, https:\/\/www.tgrthaber.com\/mavikadin\/wp-content\/uploads\/Gonul-Yazar-4-300x169.jpg 300w, https:\/\/www.tgrthaber.com\/mavikadin\/wp-content\/uploads\/Gonul-Yazar-4-768x432.jpg 768w, https:\/\/www.tgrthaber.com\/mavikadin\/wp-content\/uploads\/Gonul-Yazar-4-1536x864.jpg 1536w, https:\/\/www.tgrthaber.com\/mavikadin\/wp-content\/uploads\/Gonul-Yazar-4.jpg 1600w\" sizes=\"(max-width: 1208px) 100vw, 1208px\" \/><\/p>\n<hr \/>\n<p>Usta sanat\u00e7\u0131 G\u00f6n\u00fcl Yazar, ge\u00e7ti\u011fimiz ay ak\u015fam saatlerinde aylar sonra objektiflere tak\u0131lm\u0131\u015ft\u0131. Yazar, bas\u0131n mensuplar\u0131n\u0131n kendisini g\u00f6r\u00fcnt\u00fclemesi \u00fczerine el sallam\u0131\u015ft\u0131. Aylar sonra g\u00f6r\u00fcnt\u00fclenen Yazar, Ni\u015fanta\u015f\u0131\u2019nda bir ma\u011fazan\u0131n \u00f6n\u00fcnde giyim \u00fcr\u00fcnleri bakarken bas\u0131n mensuplar\u0131n\u0131n kameralar\u0131na yans\u0131m\u0131\u015ft\u0131. Uzun bir aran\u0131n ard\u0131ndan g\u00f6r\u00fcnt\u00fclenen Yazar\u2019\u0131n sa\u011fl\u0131\u011f\u0131n\u0131n yerinde oldu\u011fu dikkatlerden ka\u00e7mad\u0131.<\/p>\n<h3>G\u00d6N\u00dcL YAZAR\u2019A NE OLDU?<\/h3>\n<p>G\u00f6n\u00fcl Yazar\u2019\u0131n sa\u011fl\u0131k durumuyla ilgili \u00e7e\u015fitli spek\u00fclasyonlar ve as\u0131ls\u0131z iddialar sosyal medyada g\u00fcndeme gelmeye devam ediyor. Bu iddialar aras\u0131nda usta sanat\u00e7\u0131n\u0131n hastaneye kald\u0131r\u0131ld\u0131\u011f\u0131 ve sa\u011fl\u0131k sorunlar\u0131 ya\u015fad\u0131\u011f\u0131 y\u00f6n\u00fcnde haberler de yer al\u0131yor.<\/p>\n<p><img loading=\"lazy\" decoding=\"async\" class=\"alignnone wp-image-154697\" src=\"https:\/\/www.tgrthaber.com\/mavikadin\/wp-content\/uploads\/Gonul-Yazar-5-1-1024x576.jpg\" alt=\"\u201cG\u00f6n\u00fcl Yazar \u00f6ld\u00fc\u201d iddialar\u0131 sosyal medyay\u0131 sallad\u0131! G\u00f6n\u00fcl Yazar\u2019a ne oldu?\" width=\"1208\" height=\"680\" title=\"\" srcset=\"https:\/\/www.tgrthaber.com\/mavikadin\/wp-content\/uploads\/Gonul-Yazar-5-1-1024x576.jpg 1024w, https:\/\/www.tgrthaber.com\/mavikadin\/wp-content\/uploads\/Gonul-Yazar-5-1-300x169.jpg 300w, https:\/\/www.tgrthaber.com\/mavikadin\/wp-content\/uploads\/Gonul-Yazar-5-1-768x432.jpg 768w, https:\/\/www.tgrthaber.com\/mavikadin\/wp-content\/uploads\/Gonul-Yazar-5-1-1536x864.jpg 1536w, https:\/\/www.tgrthaber.com\/mavikadin\/wp-content\/uploads\/Gonul-Yazar-5-1.jpg 1600w\" sizes=\"(max-width: 1208px) 100vw, 1208px\" \/><\/p>\n<hr \/>\n<p>En son ge\u00e7ti\u011fimiz ay Ni\u015fanta\u015f\u0131\u2019nda g\u00f6r\u00fcnt\u00fclenen G\u00f6n\u00fcl Yazar\u2019\u0131n son olarak sa\u011fl\u0131k durumunun iyi oldu\u011fu biliniyordu. Bas\u0131n mensuplar\u0131na g\u00f6r\u00fcnt\u00fc veren Yazar\u2019\u0131n keyfi de olduk\u00e7a yerindeydi. S\u0131k s\u0131k \u201c\u00f6ld\u00fc\u201d dedikodular\u0131yla g\u00fcndeme gelen Yazar\u2019\u0131n g\u00fcncel sa\u011fl\u0131k durumu hakk\u0131nda net bir bilgi bulunmuyor. Fakat orta at\u0131lan iddialar \u00f6ncekiler gibi as\u0131ls\u0131z oldu\u011fu d\u00fc\u015f\u00fcn\u00fcl\u00fcyor.<\/p>\n","protected":false},"excerpt":{"rendered":"<p>T\u00fcrk sanat m\u00fczi\u011finin sevilen isimlerinden G\u00f6n\u00fcl Yazar, son zamanlarda sosyal medyada ortaya at\u0131lan \u201cG\u00f6n\u00fcl Yazar \u00f6ld\u00fc\u201d iddialar\u0131yla g\u00fcndeme geliyor. Usta sanat\u00e7\u0131 G\u00f6n\u00fcl Yazar\u2019a ne oldu\u011fu ise merakla ara\u015ft\u0131r\u0131l\u0131yor. Peki, G\u00f6n\u00fcl Yazar\u2019a ne oldu? \u0130\u015fte detaylar\u2026 <\/p>\n","protected":false},"author":26,"featured_media":154692,"comment_status":"closed","ping_status":"closed","sticky":false,"template":"","format":"standard","meta":{"rank_math_lock_modified_date":false,"footnotes":""},"categories":[76],"tags":[10596,16031,9956,16030],"class_list":["post-154689","post","type-post","status-publish","format-standard","has-post-thumbnail","hentry","category-magazin","tag-gonul-yazar","tag-gonul-yazar-oldu-mu","tag-gonul-yazar-sag-mi","tag-gonul-yazara-ne-oldu"],"_links":{"self":[{"href":"https:\/\/www.tgrthaber.com\/mavikadin\/wp-json\/wp\/v2\/posts\/154689"}],"collection":[{"href":"https:\/\/www.tgrthaber.com\/mavikadin\/wp-json\/wp\/v2\/posts"}],"about":[{"href":"https:\/\/www.tgrthaber.com\/mavikadin\/wp-json\/wp\/v2\/types\/post"}],"author":[{"embeddable":true,"href":"https:\/\/www.tgrthaber.com\/mavikadin\/wp-json\/wp\/v2\/users\/26"}],"replies":[{"embeddable":true,"href":"https:\/\/www.tgrthaber.com\/mavikadin\/wp-json\/wp\/v2\/comments?post=154689"}],"version-history":[{"count":3,"href":"https:\/\/www.tgrthaber.com\/mavikadin\/wp-json\/wp\/v2\/posts\/154689\/revisions"}],"predecessor-version":[{"id":154698,"href":"https:\/\/www.tgrthaber.com\/mavikadin\/wp-json\/wp\/v2\/posts\/154689\/revisions\/154698"}],"wp:featuredmedia":[{"embeddable":true,"href":"https:\/\/www.tgrthaber.com\/mavikadin\/wp-json\/wp\/v2\/media\/154692"}],"wp:attachment":[{"href":"https:\/\/www.tgrthaber.com\/mavikadin\/wp-json\/wp\/v2\/media?parent=154689"}],"wp:term":[{"taxonomy":"category","embeddable":true,"href":"https:\/\/www.tgrthaber.com\/mavikadin\/wp-json\/wp\/v2\/categories?post=154689"},{"taxonomy":"post_tag","embeddable":true,"href":"https:\/\/www.tgrthaber.com\/mavikadin\/wp-json\/wp\/v2\/tags?post=154689"}],"curies":[{"name":"wp","href":"https:\/\/api.w.org\/{rel}","templated":true}]}}