{"id":154706,"date":"2025-03-30T13:43:31","date_gmt":"2025-03-30T10:43:31","guid":{"rendered":"https:\/\/www.tgrthaber.com\/mavikadin\/?p=154706"},"modified":"2025-03-30T13:43:31","modified_gmt":"2025-03-30T10:43:31","slug":"uzun-suredir-paylasim-yapmayan-yasemin-sakallioglundan-kotu-haber-geldi","status":"publish","type":"post","link":"https:\/\/www.tgrthaber.com\/mavikadin\/uzun-suredir-paylasim-yapmayan-yasemin-sakallioglundan-kotu-haber-geldi\/","title":{"rendered":"Uzun s\u00fcredir payla\u015f\u0131m yapmayan Yasemin Sakall\u0131o\u011flu\u2019ndan k\u00f6t\u00fc haber geldi!"},"content":{"rendered":"<p>Uzun s\u00fcredir payla\u015f\u0131m yapmayan Yasemin Sakall\u0131o\u011flu\u2019ndan k\u00f6t\u00fc haber geldi. Sosyal medyadaki videolar\u0131yla \u00fcnlenen komedyen Sakall\u0131o\u011flu\u2019nun g\u00fcnlerdir neden payla\u015f\u0131m yapmad\u0131\u011f\u0131 ortaya \u00e7\u0131kt\u0131. Sosyal medyada yapt\u0131\u011f\u0131 payla\u015f\u0131mlarla ad\u0131ndan s\u0131k s\u0131k s\u00f6z ettiren Yasemin Sakall\u0131o\u011flu, uzun bir s\u00fcredir sosyal medya hesab\u0131ndan payla\u015f\u0131m yapm\u0131yordu. Neden payla\u015f\u0131m yapmad\u0131\u011f\u0131n\u0131 a\u00e7\u0131klayan Sakall\u0131o\u011flu, k\u00f6t\u00fc haberi sevenleriyle ve takip\u00e7ileriyle payla\u015ft\u0131. \u0130\u015fte Sakall\u0131o\u011flu\u2019ndan gelen k\u00f6t\u00fc haber\u2026<\/p>\n<h3>YASEM\u0130N SAKALLIO\u011eLU\u2019NDAN K\u00d6T\u00dc HABER GELD\u0130!<\/h3>\n<p>Sosyal medya payla\u015f\u0131mlar\u0131yla ad\u0131ndan s\u0131k s\u0131k s\u00f6z ettiren Yasemin Sakall\u0131o\u011flu, ba\u015far\u0131l\u0131 komedyen ki\u015fili\u011fiyle tan\u0131n\u0131yor. Sosyal medya hesaplar\u0131n\u0131 aktif olarak kullanan Sakall\u0131o\u011flu\u2019nden g\u00fcnlerdir payla\u015f\u0131m gelmiyordu. Uzun s\u00fcredir sosyal medyadan uzak olan Sakall\u0131o\u011flu\u2019nun neden payla\u015f\u0131m yapmad\u0131\u011f\u0131 ortaya \u00e7\u0131kt\u0131.<\/p>\n<p><img loading=\"lazy\" decoding=\"async\" class=\"alignnone wp-image-154708\" src=\"https:\/\/www.tgrthaber.com\/mavikadin\/wp-content\/uploads\/Yasemin-Sakallioglu-5-1024x576.jpg\" alt=\"Uzun s\u00fcredir payla\u015f\u0131m yapmayan Yasemin Sakall\u0131o\u011flu\u2019ndan k\u00f6t\u00fc haber geldi! \" width=\"1208\" height=\"680\" title=\"\" srcset=\"https:\/\/www.tgrthaber.com\/mavikadin\/wp-content\/uploads\/Yasemin-Sakallioglu-5-1024x576.jpg 1024w, https:\/\/www.tgrthaber.com\/mavikadin\/wp-content\/uploads\/Yasemin-Sakallioglu-5-300x169.jpg 300w, https:\/\/www.tgrthaber.com\/mavikadin\/wp-content\/uploads\/Yasemin-Sakallioglu-5-768x432.jpg 768w, https:\/\/www.tgrthaber.com\/mavikadin\/wp-content\/uploads\/Yasemin-Sakallioglu-5-1536x864.jpg 1536w, https:\/\/www.tgrthaber.com\/mavikadin\/wp-content\/uploads\/Yasemin-Sakallioglu-5.jpg 1600w\" sizes=\"(max-width: 1208px) 100vw, 1208px\" \/><\/p>\n<hr \/>\n<p>2021 y\u0131l\u0131nda Burak Y\u0131rtar ile d\u00fcnyaevine giren Yasemin Sakall\u0131o\u011flu, sosyal medya hesab\u0131ndan payla\u015ft\u0131\u011f\u0131 komik videolarla sevilen \u00fcnl\u00fc komedyenler aras\u0131nda yer al\u0131yor. G\u00fcnlerdir sosyal medya hesab\u0131ndan herhangi bir payla\u015f\u0131m yapmayan Sakall\u0131o\u011flu, takip\u00e7ilerini de merakta b\u0131rakm\u0131\u015ft\u0131. \u00dcnl\u00fc komedyen neden payla\u015f\u0131m yapmad\u0131\u011f\u0131n\u0131 a\u00e7\u0131klad\u0131. Sevenlerini merakta b\u0131rakan Sakall\u0131o\u011flu, k\u00f6t\u00fc haberi takip\u00e7ileriyle payla\u015ft\u0131.<\/p>\n<p><img loading=\"lazy\" decoding=\"async\" class=\"alignnone wp-image-154709\" src=\"https:\/\/www.tgrthaber.com\/mavikadin\/wp-content\/uploads\/Yasemin-Sakallioglu-4-1024x576.jpg\" alt=\"Uzun s\u00fcredir payla\u015f\u0131m yapmayan Yasemin Sakall\u0131o\u011flu\u2019ndan k\u00f6t\u00fc haber geldi! \" width=\"1208\" height=\"680\" title=\"\" srcset=\"https:\/\/www.tgrthaber.com\/mavikadin\/wp-content\/uploads\/Yasemin-Sakallioglu-4-1024x576.jpg 1024w, https:\/\/www.tgrthaber.com\/mavikadin\/wp-content\/uploads\/Yasemin-Sakallioglu-4-300x169.jpg 300w, https:\/\/www.tgrthaber.com\/mavikadin\/wp-content\/uploads\/Yasemin-Sakallioglu-4-768x432.jpg 768w, https:\/\/www.tgrthaber.com\/mavikadin\/wp-content\/uploads\/Yasemin-Sakallioglu-4-1536x864.jpg 1536w, https:\/\/www.tgrthaber.com\/mavikadin\/wp-content\/uploads\/Yasemin-Sakallioglu-4.jpg 1600w\" sizes=\"(max-width: 1208px) 100vw, 1208px\" \/><\/p>\n<hr \/>\n<h3>TAK\u0130P\u00c7\u0130LER\u0130N\u0130 MERAKTA BIRAKTI!<\/h3>\n<p>Sosyal medyay\u0131 aktif olarak kullanan \u00fcnl\u00fc komedyen Yasemin Sakall\u0131o\u011flu, yapt\u0131\u011f\u0131 payla\u015f\u0131mlarla takip\u00e7ilerini g\u00fcld\u00fcrmeye devam ediyor. Sosyal medyan\u0131n sevilen isimleri aras\u0131nda yer alan Sakall\u0131o\u011flu\u2019nun, g\u00fcnlerdir hikaye ve payla\u015f\u0131m yapmamas\u0131 sevenlerini endi\u015felendirdi.<\/p>\n<p><img loading=\"lazy\" decoding=\"async\" class=\"alignnone wp-image-154710\" src=\"https:\/\/www.tgrthaber.com\/mavikadin\/wp-content\/uploads\/Yasemin-Sakallioglu-2-1-1024x576.jpg\" alt=\"Uzun s\u00fcredir payla\u015f\u0131m yapmayan Yasemin Sakall\u0131o\u011flu\u2019ndan k\u00f6t\u00fc haber geldi! \" width=\"1208\" height=\"680\" title=\"\" srcset=\"https:\/\/www.tgrthaber.com\/mavikadin\/wp-content\/uploads\/Yasemin-Sakallioglu-2-1-1024x576.jpg 1024w, https:\/\/www.tgrthaber.com\/mavikadin\/wp-content\/uploads\/Yasemin-Sakallioglu-2-1-300x169.jpg 300w, https:\/\/www.tgrthaber.com\/mavikadin\/wp-content\/uploads\/Yasemin-Sakallioglu-2-1-768x432.jpg 768w, https:\/\/www.tgrthaber.com\/mavikadin\/wp-content\/uploads\/Yasemin-Sakallioglu-2-1-1536x864.jpg 1536w, https:\/\/www.tgrthaber.com\/mavikadin\/wp-content\/uploads\/Yasemin-Sakallioglu-2-1.jpg 1600w\" sizes=\"(max-width: 1208px) 100vw, 1208px\" \/><\/p>\n<hr \/>\n<p>\u00d6zellikle bayram payla\u015f\u0131mlar\u0131yla herkesi g\u00fcld\u00fcren Yasemin Sakall\u0131o\u011flu\u2019nun uzun s\u00fcredir payla\u015f\u0131m yapmamas\u0131 takip\u00e7ilerinin dikkatlerinden ka\u00e7mad\u0131. Instagram hesab\u0131ndan neden payla\u015f\u0131m yapmad\u0131\u011f\u0131na ili\u015fkin a\u00e7\u0131klama yapan komedyen, kal\u0131nvalidesinin sa\u011fl\u0131k durumunun k\u00f6t\u00fc oldu\u011funu duyurdu.<\/p>\n<h3>\u201c\u00dcST \u00dcSTE GEL\u0130YOR K\u00d6T\u00dc \u015eEYLER\u201d<\/h3>\n<p>Uzun s\u00fcredir sosyal medya hesab\u0131ndan payla\u015f\u0131m yapmayan Yasemin Sakall\u0131o\u011flu, neden payla\u015f\u0131m yapmad\u0131\u011f\u0131na dair a\u00e7\u0131klama yapt\u0131. Sakall\u0131o\u011flu, yay\u0131nlad\u0131\u011f\u0131 mesaj\u0131nda son birka\u00e7 g\u00fcnd\u00fcr zor g\u00fcnler ge\u00e7irdi\u011fini belirtti.<\/p>\n<p><img loading=\"lazy\" decoding=\"async\" class=\"alignnone wp-image-154711\" src=\"https:\/\/www.tgrthaber.com\/mavikadin\/wp-content\/uploads\/Yasemin-Sakallioglu-1-1-1024x576.jpg\" alt=\"Uzun s\u00fcredir payla\u015f\u0131m yapmayan Yasemin Sakall\u0131o\u011flu\u2019ndan k\u00f6t\u00fc haber geldi! \" width=\"1208\" height=\"680\" title=\"\" srcset=\"https:\/\/www.tgrthaber.com\/mavikadin\/wp-content\/uploads\/Yasemin-Sakallioglu-1-1-1024x576.jpg 1024w, https:\/\/www.tgrthaber.com\/mavikadin\/wp-content\/uploads\/Yasemin-Sakallioglu-1-1-300x169.jpg 300w, https:\/\/www.tgrthaber.com\/mavikadin\/wp-content\/uploads\/Yasemin-Sakallioglu-1-1-768x432.jpg 768w, https:\/\/www.tgrthaber.com\/mavikadin\/wp-content\/uploads\/Yasemin-Sakallioglu-1-1-1536x864.jpg 1536w, https:\/\/www.tgrthaber.com\/mavikadin\/wp-content\/uploads\/Yasemin-Sakallioglu-1-1.jpg 1600w\" sizes=\"(max-width: 1208px) 100vw, 1208px\" \/><\/p>\n<hr \/>\n<p>Yasemin Sakall\u0131o\u011flu, Instagram hesab\u0131ndan yapt\u0131\u011f\u0131 a\u00e7\u0131klamada kay\u0131nvalidesinin fel\u00e7 ge\u00e7irdi\u011fini a\u00e7\u0131klayarak \u015fu ifadeleri kulland\u0131:<\/p>\n<p>\u201cBenim komik, tatl\u0131 kay\u0131nvalidemin beynine p\u0131ht\u0131 att\u0131 ve maalesef fel\u00e7 oldu, e\u015fimin yan\u0131nda olmaya \u00e7al\u0131\u015f\u0131yorum. Hayat san\u0131r\u0131m bazen b\u00f6yle bir yer. \u00dcst \u00fcste geliyor k\u00f6t\u00fc \u015feyler. O y\u00fczden yar\u0131n aile b\u00fcy\u00fcklerinize sar\u0131l\u0131n. Hayat neler getirir hi\u00e7 bilinmiyor. Bizim aileye de, bekleyen herkese de sa\u011fl\u0131k s\u0131hhat nasip olsun.\u201d<\/p>\n","protected":false},"excerpt":{"rendered":"<p>Sosyal medyada yapt\u0131\u011f\u0131 payla\u015f\u0131mlarla ad\u0131ndan s\u0131k s\u0131k s\u00f6z ettiren Yasemin Sakall\u0131o\u011flu, uzun bir s\u00fcredir sosyal medya hesab\u0131ndan payla\u015f\u0131m yapm\u0131yordu. \u00dcnl\u00fc komedyen neden payla\u015f\u0131m yapmad\u0131\u011f\u0131n\u0131 a\u00e7\u0131klad\u0131. Takip\u00e7ilerini merakta b\u0131rakan Sakall\u0131o\u011flu, k\u00f6t\u00fc haberi sevenleriyle payla\u015ft\u0131. \u0130\u015fte Sakall\u0131o\u011flu\u2019ndan gelen k\u00f6t\u00fc haber\u2026 <\/p>\n","protected":false},"author":26,"featured_media":154707,"comment_status":"closed","ping_status":"closed","sticky":false,"template":"","format":"standard","meta":{"rank_math_lock_modified_date":false,"footnotes":""},"categories":[76],"tags":[4707,3725,9952,16033,16032],"class_list":["post-154706","post","type-post","status-publish","format-standard","has-post-thumbnail","hentry","category-magazin","tag-burak-yirtar","tag-yasemin-sakallioglu","tag-yasemin-sakallioglu-esi","tag-yasemin-sakallioglu-kayinvalidesi","tag-yasemin-sakallioglu-kotu-haber"],"_links":{"self":[{"href":"https:\/\/www.tgrthaber.com\/mavikadin\/wp-json\/wp\/v2\/posts\/154706"}],"collection":[{"href":"https:\/\/www.tgrthaber.com\/mavikadin\/wp-json\/wp\/v2\/posts"}],"about":[{"href":"https:\/\/www.tgrthaber.com\/mavikadin\/wp-json\/wp\/v2\/types\/post"}],"author":[{"embeddable":true,"href":"https:\/\/www.tgrthaber.com\/mavikadin\/wp-json\/wp\/v2\/users\/26"}],"replies":[{"embeddable":true,"href":"https:\/\/www.tgrthaber.com\/mavikadin\/wp-json\/wp\/v2\/comments?post=154706"}],"version-history":[{"count":2,"href":"https:\/\/www.tgrthaber.com\/mavikadin\/wp-json\/wp\/v2\/posts\/154706\/revisions"}],"predecessor-version":[{"id":154713,"href":"https:\/\/www.tgrthaber.com\/mavikadin\/wp-json\/wp\/v2\/posts\/154706\/revisions\/154713"}],"wp:featuredmedia":[{"embeddable":true,"href":"https:\/\/www.tgrthaber.com\/mavikadin\/wp-json\/wp\/v2\/media\/154707"}],"wp:attachment":[{"href":"https:\/\/www.tgrthaber.com\/mavikadin\/wp-json\/wp\/v2\/media?parent=154706"}],"wp:term":[{"taxonomy":"category","embeddable":true,"href":"https:\/\/www.tgrthaber.com\/mavikadin\/wp-json\/wp\/v2\/categories?post=154706"},{"taxonomy":"post_tag","embeddable":true,"href":"https:\/\/www.tgrthaber.com\/mavikadin\/wp-json\/wp\/v2\/tags?post=154706"}],"curies":[{"name":"wp","href":"https:\/\/api.w.org\/{rel}","templated":true}]}}