{"id":154714,"date":"2025-03-30T13:57:10","date_gmt":"2025-03-30T10:57:10","guid":{"rendered":"https:\/\/www.tgrthaber.com\/mavikadin\/?p=154714"},"modified":"2025-03-30T13:58:45","modified_gmt":"2025-03-30T10:58:45","slug":"zembilli-dizisinin-yapimcisi-sureyya-onaldan-final-aciklamasi-geldi","status":"publish","type":"post","link":"https:\/\/www.tgrthaber.com\/mavikadin\/zembilli-dizisinin-yapimcisi-sureyya-onaldan-final-aciklamasi-geldi\/","title":{"rendered":"Zembilli dizisinin yap\u0131mc\u0131s\u0131 S\u00fcreyya \u00d6nal\u2019dan final a\u00e7\u0131klamas\u0131 geldi!"},"content":{"rendered":"<p>ATV ekranlar\u0131nda seyirci ile bulu\u015fan Zembilli dizisi final haberi ile sevenlerini \u00fczm\u00fc\u015ft\u00fc. Dizi, ge\u00e7ti\u011fimiz 13. b\u00f6l\u00fcm\u00fc ile final yapt\u0131. Final b\u00f6l\u00fcm\u00fc sonras\u0131 dizinin yap\u0131mc\u0131s\u0131 S\u00fcreyya Ya\u015far \u00d6nal\u2019dan a\u00e7\u0131klama geldi.<\/p>\n<h3>ZEMB\u0130LL\u0130 D\u0130Z\u0130S\u0130N\u0130N YAPIMCISI S\u00dcREYYA \u00d6NAL\u2019DAN F\u0130NAL A\u00c7IKLAMASI GELD\u0130<\/h3>\n<p>Ekranlar\u0131n yeni dizisi olan Zembilli, final karar\u0131 almas\u0131 sonras\u0131 izleyicilerini \u00fczm\u00fc\u015ft\u00fc. 13 b\u00f6l\u00fcm\u00fc ile cuma ak\u015fam\u0131 gelen dizi final yapt\u0131. Dizinin yap\u0131mc\u0131s\u0131 S\u00fcreyya Ya\u015far \u00d6nal\u2019dan final sonras\u0131 a\u00e7\u0131klama geldi. \u00d6nal, ATV kanal\u0131na, oyuncular\u0131na, y\u00f6netmenlerine ve senaristlerine \u00dcs Yap\u0131m ailesi olarak te\u015fekk\u00fcrlerini iletti. Dizinin bitmesine \u00fcz\u00fclen sevenleri i\u00e7in \u201cZembilli\u2019ye sahip \u00e7\u0131kmam\u0131z\u0131n en \u00f6nemli sebebi s\u0131cak, samimi, bize eski bizi hat\u0131rlatan bir dizi diyerek yay\u0131na girdi\u011fi ilk g\u00fcnden itibaren Zembilli\u2019yi destekleyen, bitmesin diye mesaj ya\u011fmuruna tutan, sosyal medyada kampanyalar yapan pek de\u011ferli izleyicilerimize \u015f\u00fckranlar\u0131m\u0131 sunuyorum.\u201d \u0130fadelerini sosyal medyas\u0131ndan payla\u015ft\u0131.<\/p>\n<p><img loading=\"lazy\" decoding=\"async\" class=\"alignnone wp-image-154717\" src=\"https:\/\/www.tgrthaber.com\/mavikadin\/wp-content\/uploads\/haber-gorselleri-fotoshop-2025-03-30T135226.918-1024x576.jpg\" alt=\"Zembilli dizisinin yap\u0131mc\u0131s\u0131 S\u00fcreyya \u00d6nal\u2019dan final a\u00e7\u0131klamas\u0131 geldi!\" width=\"1208\" height=\"680\" title=\"\" srcset=\"https:\/\/www.tgrthaber.com\/mavikadin\/wp-content\/uploads\/haber-gorselleri-fotoshop-2025-03-30T135226.918-1024x576.jpg 1024w, https:\/\/www.tgrthaber.com\/mavikadin\/wp-content\/uploads\/haber-gorselleri-fotoshop-2025-03-30T135226.918-300x169.jpg 300w, https:\/\/www.tgrthaber.com\/mavikadin\/wp-content\/uploads\/haber-gorselleri-fotoshop-2025-03-30T135226.918-768x432.jpg 768w, https:\/\/www.tgrthaber.com\/mavikadin\/wp-content\/uploads\/haber-gorselleri-fotoshop-2025-03-30T135226.918-1536x864.jpg 1536w, https:\/\/www.tgrthaber.com\/mavikadin\/wp-content\/uploads\/haber-gorselleri-fotoshop-2025-03-30T135226.918.jpg 1600w\" sizes=\"(max-width: 1208px) 100vw, 1208px\" \/><\/p>\n<hr \/>\n<p>S\u00fcreyya Ya\u015far \u00d6nal s\u00f6zlerine ek olarak \u201cZembilli\u2018de hikayelerin bitmedi\u011fi gibi \u00dcs Yap\u0131m\u2019da da hikayeler hi\u00e7 bitmez. Biz hikayelerimizi anlatmaya devam edece\u011fiz. Yeni hikayelerde g\u00f6r\u00fc\u015fmek \u00fczere\u201d diyerek yeni projelerle seyirci kar\u015f\u0131s\u0131na \u00e7\u0131kaca\u011f\u0131n\u0131 belirtti.<\/p>\n<h3><img loading=\"lazy\" decoding=\"async\" class=\"alignnone wp-image-154718\" src=\"https:\/\/www.tgrthaber.com\/mavikadin\/wp-content\/uploads\/haber-gorselleri-fotoshop-2025-03-30T135220.558-1024x576.jpg\" alt=\"Zembilli dizisinin yap\u0131mc\u0131s\u0131 S\u00fcreyya \u00d6nal\u2019dan final a\u00e7\u0131klamas\u0131 geldi!\" width=\"1208\" height=\"680\" title=\"\" srcset=\"https:\/\/www.tgrthaber.com\/mavikadin\/wp-content\/uploads\/haber-gorselleri-fotoshop-2025-03-30T135220.558-1024x576.jpg 1024w, https:\/\/www.tgrthaber.com\/mavikadin\/wp-content\/uploads\/haber-gorselleri-fotoshop-2025-03-30T135220.558-300x169.jpg 300w, https:\/\/www.tgrthaber.com\/mavikadin\/wp-content\/uploads\/haber-gorselleri-fotoshop-2025-03-30T135220.558-768x432.jpg 768w, https:\/\/www.tgrthaber.com\/mavikadin\/wp-content\/uploads\/haber-gorselleri-fotoshop-2025-03-30T135220.558-1536x864.jpg 1536w, https:\/\/www.tgrthaber.com\/mavikadin\/wp-content\/uploads\/haber-gorselleri-fotoshop-2025-03-30T135220.558.jpg 1600w\" sizes=\"(max-width: 1208px) 100vw, 1208px\" \/><\/h3>\n<hr \/>\n<h3>ZEMB\u0130LL\u0130 F\u0130NAL B\u00d6L\u00dcM\u00dcNDE NELER OLDU<\/h3>\n<p>Final b\u00f6l\u00fcm\u00fcnde, Nuran\u2019\u0131n gidi\u015fi Kadir\u2019e b\u00fcy\u00fck bir y\u0131k\u0131m ya\u015fatm\u0131\u015f ve Kadir i\u00e7inde bulundu\u011fu bu s\u00fcre\u00e7te durumu kabullenmekte zorland\u0131. \u00c2dem ve Fidan\u2019\u0131n d\u00fc\u011f\u00fcn\u00fc ger\u00e7ekle\u015fti. \u015e\u00fckran abisinin borcu y\u00fcz\u00fcnden ya\u015fad\u0131\u011f\u0131 haciz karar\u0131n\u0131n \u00fcz\u00fcnt\u00fcs\u00fcn\u00fc ya\u015fad\u0131.<\/p>\n<p><img loading=\"lazy\" decoding=\"async\" class=\"alignnone wp-image-154720\" src=\"https:\/\/www.tgrthaber.com\/mavikadin\/wp-content\/uploads\/haber-gorselleri-fotoshop-2025-03-30T135213.709-1024x576.jpg\" alt=\"Zembilli dizisinin yap\u0131mc\u0131s\u0131 S\u00fcreyya \u00d6nal\u2019dan final a\u00e7\u0131klamas\u0131 geldi!\" width=\"1208\" height=\"680\" title=\"\" srcset=\"https:\/\/www.tgrthaber.com\/mavikadin\/wp-content\/uploads\/haber-gorselleri-fotoshop-2025-03-30T135213.709-1024x576.jpg 1024w, https:\/\/www.tgrthaber.com\/mavikadin\/wp-content\/uploads\/haber-gorselleri-fotoshop-2025-03-30T135213.709-300x169.jpg 300w, https:\/\/www.tgrthaber.com\/mavikadin\/wp-content\/uploads\/haber-gorselleri-fotoshop-2025-03-30T135213.709-768x432.jpg 768w, https:\/\/www.tgrthaber.com\/mavikadin\/wp-content\/uploads\/haber-gorselleri-fotoshop-2025-03-30T135213.709-1536x864.jpg 1536w, https:\/\/www.tgrthaber.com\/mavikadin\/wp-content\/uploads\/haber-gorselleri-fotoshop-2025-03-30T135213.709.jpg 1600w\" sizes=\"(max-width: 1208px) 100vw, 1208px\" \/><\/p>\n<hr \/>\n<p>Kadir ve \u0130shak\u2019\u0131n ramazan davulcusu olarak bah\u015fi\u015f toplarken onlar\u0131 bekleyen bir s\u00fcrpriz vard\u0131r. Kadir, davulunu al\u0131p Refik\u2019in evine y\u00f6nelir ve Nuran\u2019la son bir kez konu\u015fmak istedi fakat Nuran ise Kadir\u2019e kesin karar\u0131n\u0131 a\u00e7\u0131klar. Vahit ise b\u00fcy\u00fck g\u00fcn gelmi\u015f, imaml\u0131k s\u0131nav\u0131 girdi ve sonucunu merakla beklemeye ba\u015flad\u0131. Tar\u0131k ve Kadir ise \u00c2dem ve Fidan\u2019\u0131n d\u00fc\u011f\u00fcn\u00fcnde Nuran\u2019\u0131 tekrar ka\u00e7\u0131rma olay\u0131na girdi.<\/p>\n","protected":false},"excerpt":{"rendered":"<p>ATV ekranlar\u0131nda seyirci ile bulu\u015fan Zembilli dizisi final haberi ile sevenlerini \u00fczm\u00fc\u015ft\u00fc. Dizi, ge\u00e7ti\u011fimiz 13. b\u00f6l\u00fcm\u00fc ile final yapt\u0131. Final b\u00f6l\u00fcm\u00fc sonras\u0131 dizinin yap\u0131mc\u0131s\u0131 S\u00fcreyya Ya\u015far \u00d6nal\u2019dan a\u00e7\u0131klama geldi.<\/p>\n","protected":false},"author":34,"featured_media":154716,"comment_status":"closed","ping_status":"closed","sticky":false,"template":"","format":"standard","meta":{"rank_math_lock_modified_date":false,"footnotes":""},"categories":[602],"tags":[16037,16038,4317,5497,15157],"class_list":["post-154714","post","type-post","status-publish","format-standard","has-post-thumbnail","hentry","category-diziler","tag-us-yapim","tag-yapimci-sureyya-yasar-onal","tag-zembilli","tag-zembilli-dizi","tag-zembilli-final"],"_links":{"self":[{"href":"https:\/\/www.tgrthaber.com\/mavikadin\/wp-json\/wp\/v2\/posts\/154714"}],"collection":[{"href":"https:\/\/www.tgrthaber.com\/mavikadin\/wp-json\/wp\/v2\/posts"}],"about":[{"href":"https:\/\/www.tgrthaber.com\/mavikadin\/wp-json\/wp\/v2\/types\/post"}],"author":[{"embeddable":true,"href":"https:\/\/www.tgrthaber.com\/mavikadin\/wp-json\/wp\/v2\/users\/34"}],"replies":[{"embeddable":true,"href":"https:\/\/www.tgrthaber.com\/mavikadin\/wp-json\/wp\/v2\/comments?post=154714"}],"version-history":[{"count":3,"href":"https:\/\/www.tgrthaber.com\/mavikadin\/wp-json\/wp\/v2\/posts\/154714\/revisions"}],"predecessor-version":[{"id":154728,"href":"https:\/\/www.tgrthaber.com\/mavikadin\/wp-json\/wp\/v2\/posts\/154714\/revisions\/154728"}],"wp:featuredmedia":[{"embeddable":true,"href":"https:\/\/www.tgrthaber.com\/mavikadin\/wp-json\/wp\/v2\/media\/154716"}],"wp:attachment":[{"href":"https:\/\/www.tgrthaber.com\/mavikadin\/wp-json\/wp\/v2\/media?parent=154714"}],"wp:term":[{"taxonomy":"category","embeddable":true,"href":"https:\/\/www.tgrthaber.com\/mavikadin\/wp-json\/wp\/v2\/categories?post=154714"},{"taxonomy":"post_tag","embeddable":true,"href":"https:\/\/www.tgrthaber.com\/mavikadin\/wp-json\/wp\/v2\/tags?post=154714"}],"curies":[{"name":"wp","href":"https:\/\/api.w.org\/{rel}","templated":true}]}}