{"id":154736,"date":"2025-03-30T14:38:18","date_gmt":"2025-03-30T11:38:18","guid":{"rendered":"https:\/\/www.tgrthaber.com\/mavikadin\/?p=154736"},"modified":"2025-03-30T14:38:18","modified_gmt":"2025-03-30T11:38:18","slug":"uzak-sehir-in-naresi-sahra-sas-sosyal-medyayi-salliyor-yaptigi-paylasimlar-gundem-oldu","status":"publish","type":"post","link":"https:\/\/www.tgrthaber.com\/mavikadin\/uzak-sehir-in-naresi-sahra-sas-sosyal-medyayi-salliyor-yaptigi-paylasimlar-gundem-oldu\/","title":{"rendered":"Uzak \u015eehir \u2019in Nare\u2019si Sahra \u015ea\u015f sosyal medyay\u0131 sall\u0131yor! Yapt\u0131\u011f\u0131 payla\u015f\u0131mlar g\u00fcndem oldu"},"content":{"rendered":"<p>Son d\u00f6nemde sosyal medyan\u0131n en \u00e7ok konu\u015fulan isimlerinden biri haline gelen oyuncu Sahra \u015ea\u015f, payla\u015f\u0131mlar\u0131yla ad\u0131ndan s\u00f6z ettiriyor. Kanal D ekranlar\u0131nda seyirci ile bulu\u015fan Uzak \u015eehir dizisinde Nare karakterini oynayan ba\u015far\u0131l\u0131 oyuncu, \u00f6zellikle Instagram\u2019daki 394 bin takip\u00e7ili hesab\u0131ndan yapt\u0131\u011f\u0131 dikkat \u00e7ekici g\u00f6nderilerle b\u00fcy\u00fck be\u011feni topluyor. Gerek rol ald\u0131\u011f\u0131 projelerle gerekse ki\u015fisel ya\u015fam\u0131na dair samimi payla\u015f\u0131mlar\u0131yla takip\u00e7ileriyle g\u00fc\u00e7l\u00fc bir ba\u011f kurmay\u0131 ba\u015faran \u015ea\u015f, g\u00fcndemin en pop\u00fcler isimlerinden biri haline geldi.<\/p>\n<h3>UZAK \u015eEH\u0130R \u2019\u0130N NARE\u2019S\u0130 SAHRA \u015eA\u015e SOSYAL MEDYAYI SALLIYOR<\/h3>\n<p>Kanal D ekranlar\u0131n\u0131n sevilen dizisi Uzak \u015eehir \u2018in sevilen karakterlerinden olan Nare\u2019yi oynayan Sahra \u015ea\u015f, sosyal medyada aktif olarak i\u00e7erik \u00fcretmeye devam ediyor. \u00d6zellikle son d\u00f6nemde Instagram\u2019da yapt\u0131\u011f\u0131 payla\u015f\u0131mlar b\u00fcy\u00fck ilgi g\u00f6rd\u00fc.<\/p>\n<p><img loading=\"lazy\" decoding=\"async\" class=\"alignnone wp-image-154738\" src=\"https:\/\/www.tgrthaber.com\/mavikadin\/wp-content\/uploads\/haber-gorselleri-fotoshop-2025-03-30T143025.539-1024x576.jpg\" alt=\"Uzak \u015eehir \u2019in Nare\u2019si Sahra \u015ea\u015f sosyal medyay\u0131 sall\u0131yor! Yapt\u0131\u011f\u0131 payla\u015f\u0131mlar g\u00fcndem oldu\" width=\"1208\" height=\"680\" title=\"\" srcset=\"https:\/\/www.tgrthaber.com\/mavikadin\/wp-content\/uploads\/haber-gorselleri-fotoshop-2025-03-30T143025.539-1024x576.jpg 1024w, https:\/\/www.tgrthaber.com\/mavikadin\/wp-content\/uploads\/haber-gorselleri-fotoshop-2025-03-30T143025.539-300x169.jpg 300w, https:\/\/www.tgrthaber.com\/mavikadin\/wp-content\/uploads\/haber-gorselleri-fotoshop-2025-03-30T143025.539-768x432.jpg 768w, https:\/\/www.tgrthaber.com\/mavikadin\/wp-content\/uploads\/haber-gorselleri-fotoshop-2025-03-30T143025.539-1536x864.jpg 1536w, https:\/\/www.tgrthaber.com\/mavikadin\/wp-content\/uploads\/haber-gorselleri-fotoshop-2025-03-30T143025.539.jpg 1600w\" sizes=\"(max-width: 1208px) 100vw, 1208px\" \/><\/p>\n<hr \/>\n<p>Bunun yan\u0131 s\u0131ra, rol ald\u0131\u011f\u0131 \u201cUzak \u015eehir\u201d dizisindeki Nare karakterine dair yapt\u0131\u011f\u0131 payla\u015f\u0131mlar da hayranlar\u0131ndan b\u00fcy\u00fck ilgi g\u00f6r\u00fcyor. Dizinin s\u0131k\u0131 takip\u00e7ileri, oyunculu\u011funu \u00f6vg\u00fcyle kar\u015f\u0131layarak, onun performans\u0131ndan \u00e7ok etkilendiklerini belirtiyor. Sahra \u015ea\u015f, payla\u015f\u0131mlar\u0131nda s\u0131k s\u0131k projeleriyle ilgili i\u00e7erikler yay\u0131nlayarak hayranlar\u0131n\u0131 bilgilendirmeyi de ihmal etmiyor.<\/p>\n<h3><img loading=\"lazy\" decoding=\"async\" class=\"alignnone wp-image-154740\" src=\"https:\/\/www.tgrthaber.com\/mavikadin\/wp-content\/uploads\/haber-gorselleri-fotoshop-2025-03-30T142938.570-1024x576.jpg\" alt=\"Uzak \u015eehir \u2019in Nare\u2019si Sahra \u015ea\u015f sosyal medyay\u0131 sall\u0131yor! Yapt\u0131\u011f\u0131 payla\u015f\u0131mlar g\u00fcndem oldu\" width=\"1208\" height=\"680\" title=\"\" srcset=\"https:\/\/www.tgrthaber.com\/mavikadin\/wp-content\/uploads\/haber-gorselleri-fotoshop-2025-03-30T142938.570-1024x576.jpg 1024w, https:\/\/www.tgrthaber.com\/mavikadin\/wp-content\/uploads\/haber-gorselleri-fotoshop-2025-03-30T142938.570-300x169.jpg 300w, https:\/\/www.tgrthaber.com\/mavikadin\/wp-content\/uploads\/haber-gorselleri-fotoshop-2025-03-30T142938.570-768x432.jpg 768w, https:\/\/www.tgrthaber.com\/mavikadin\/wp-content\/uploads\/haber-gorselleri-fotoshop-2025-03-30T142938.570-1536x864.jpg 1536w, https:\/\/www.tgrthaber.com\/mavikadin\/wp-content\/uploads\/haber-gorselleri-fotoshop-2025-03-30T142938.570.jpg 1600w\" sizes=\"(max-width: 1208px) 100vw, 1208px\" \/><\/h3>\n<hr \/>\n<h3>YAPTI\u011eI PAYLA\u015eIMLAR G\u00dcNDEM OLDU<\/h3>\n<p>Sahra \u015ea\u015f\u2019\u0131n Instagram hesab\u0131nda yapt\u0131\u011f\u0131 her payla\u015f\u0131m, dakikalar i\u00e7inde binlerce be\u011feni ve yorum al\u0131yor. \u00d6zellikle takip\u00e7ileri onun do\u011fall\u0131\u011f\u0131n\u0131 ve samimi tarz\u0131n\u0131 \u00e7ok seviyor. Oyuncunun g\u00fcnl\u00fck ya\u015fam\u0131na dair payla\u015ft\u0131\u011f\u0131 foto\u011fraflar, video i\u00e7erikleri ve hikayeler b\u00fcy\u00fck ilgi g\u00f6r\u00fcyor.<\/p>\n<p><img loading=\"lazy\" decoding=\"async\" class=\"alignnone wp-image-154743\" src=\"https:\/\/www.tgrthaber.com\/mavikadin\/wp-content\/uploads\/haber-gorselleri-fotoshop-2025-03-30T143247.581-1024x576.jpg\" alt=\"Uzak \u015eehir \u2019in Nare\u2019si Sahra \u015ea\u015f sosyal medyay\u0131 sall\u0131yor! Yapt\u0131\u011f\u0131 payla\u015f\u0131mlar g\u00fcndem oldu\" width=\"1208\" height=\"680\" title=\"\" srcset=\"https:\/\/www.tgrthaber.com\/mavikadin\/wp-content\/uploads\/haber-gorselleri-fotoshop-2025-03-30T143247.581-1024x576.jpg 1024w, https:\/\/www.tgrthaber.com\/mavikadin\/wp-content\/uploads\/haber-gorselleri-fotoshop-2025-03-30T143247.581-300x169.jpg 300w, https:\/\/www.tgrthaber.com\/mavikadin\/wp-content\/uploads\/haber-gorselleri-fotoshop-2025-03-30T143247.581-768x432.jpg 768w, https:\/\/www.tgrthaber.com\/mavikadin\/wp-content\/uploads\/haber-gorselleri-fotoshop-2025-03-30T143247.581-1536x864.jpg 1536w, https:\/\/www.tgrthaber.com\/mavikadin\/wp-content\/uploads\/haber-gorselleri-fotoshop-2025-03-30T143247.581.jpg 1600w\" sizes=\"(max-width: 1208px) 100vw, 1208px\" \/><\/p>\n<hr \/>\n<p>Sahra \u015ea\u015f, sosyal medyadaki etkinli\u011fiyle oyunculuk kariyerine de olumlu katk\u0131larda bulunuyor. Payla\u015f\u0131mlar\u0131yla geni\u015f kitlelere ula\u015fan ba\u015far\u0131l\u0131 oyuncu, sadece oyunculuk performans\u0131yla de\u011fil, ayn\u0131 zamanda ki\u015fisel tarz\u0131 ve samimi payla\u015f\u0131mlar\u0131yla da dikkat \u00e7ekiyor.<\/p>\n<p><img loading=\"lazy\" decoding=\"async\" class=\"alignnone wp-image-154739\" src=\"https:\/\/www.tgrthaber.com\/mavikadin\/wp-content\/uploads\/haber-gorselleri-fotoshop-2025-03-30T143009.532-1024x576.jpg\" alt=\"Uzak \u015eehir \u2019in Nare\u2019si Sahra \u015ea\u015f sosyal medyay\u0131 sall\u0131yor! Yapt\u0131\u011f\u0131 payla\u015f\u0131mlar g\u00fcndem oldu\" width=\"1208\" height=\"680\" title=\"\" srcset=\"https:\/\/www.tgrthaber.com\/mavikadin\/wp-content\/uploads\/haber-gorselleri-fotoshop-2025-03-30T143009.532-1024x576.jpg 1024w, https:\/\/www.tgrthaber.com\/mavikadin\/wp-content\/uploads\/haber-gorselleri-fotoshop-2025-03-30T143009.532-300x169.jpg 300w, https:\/\/www.tgrthaber.com\/mavikadin\/wp-content\/uploads\/haber-gorselleri-fotoshop-2025-03-30T143009.532-768x432.jpg 768w, https:\/\/www.tgrthaber.com\/mavikadin\/wp-content\/uploads\/haber-gorselleri-fotoshop-2025-03-30T143009.532-1536x864.jpg 1536w, https:\/\/www.tgrthaber.com\/mavikadin\/wp-content\/uploads\/haber-gorselleri-fotoshop-2025-03-30T143009.532.jpg 1600w\" sizes=\"(max-width: 1208px) 100vw, 1208px\" \/><\/p>\n<hr \/>\n<p>Son d\u00f6nemde bir\u00e7ok oyuncunun sosyal medya kullan\u0131m\u0131n\u0131 art\u0131rarak hayranlar\u0131yla daha yak\u0131n bir ili\u015fki kurdu\u011fu biliniyor. Sahra \u015ea\u015f da bu trendin \u00f6nemli isimlerinden biri olarak \u00f6ne \u00e7\u0131k\u0131yor. \u00d6zellikle Instagram\u2019da yapt\u0131\u011f\u0131 i\u00e7erikler, onun hayranlar\u0131yla do\u011frudan ileti\u015fim kurmas\u0131n\u0131 sa\u011fl\u0131yor.<\/p>\n","protected":false},"excerpt":{"rendered":"<p>Son d\u00f6nemde sosyal medyan\u0131n en \u00e7ok konu\u015fulan isimlerinden biri haline gelen oyuncu Sahra \u015ea\u015f, payla\u015f\u0131mlar\u0131yla ad\u0131ndan s\u00f6z ettiriyor.<\/p>\n","protected":false},"author":34,"featured_media":154741,"comment_status":"closed","ping_status":"closed","sticky":false,"template":"","format":"standard","meta":{"rank_math_lock_modified_date":false,"footnotes":""},"categories":[602],"tags":[12493,12175,2879,2293,9049],"class_list":["post-154736","post","type-post","status-publish","format-standard","has-post-thumbnail","hentry","category-diziler","tag-dizi-haberler","tag-magazin-haberi","tag-sahra-sas","tag-uzak-sehir","tag-uzak-sehir-nare"],"_links":{"self":[{"href":"https:\/\/www.tgrthaber.com\/mavikadin\/wp-json\/wp\/v2\/posts\/154736"}],"collection":[{"href":"https:\/\/www.tgrthaber.com\/mavikadin\/wp-json\/wp\/v2\/posts"}],"about":[{"href":"https:\/\/www.tgrthaber.com\/mavikadin\/wp-json\/wp\/v2\/types\/post"}],"author":[{"embeddable":true,"href":"https:\/\/www.tgrthaber.com\/mavikadin\/wp-json\/wp\/v2\/users\/34"}],"replies":[{"embeddable":true,"href":"https:\/\/www.tgrthaber.com\/mavikadin\/wp-json\/wp\/v2\/comments?post=154736"}],"version-history":[{"count":1,"href":"https:\/\/www.tgrthaber.com\/mavikadin\/wp-json\/wp\/v2\/posts\/154736\/revisions"}],"predecessor-version":[{"id":154747,"href":"https:\/\/www.tgrthaber.com\/mavikadin\/wp-json\/wp\/v2\/posts\/154736\/revisions\/154747"}],"wp:featuredmedia":[{"embeddable":true,"href":"https:\/\/www.tgrthaber.com\/mavikadin\/wp-json\/wp\/v2\/media\/154741"}],"wp:attachment":[{"href":"https:\/\/www.tgrthaber.com\/mavikadin\/wp-json\/wp\/v2\/media?parent=154736"}],"wp:term":[{"taxonomy":"category","embeddable":true,"href":"https:\/\/www.tgrthaber.com\/mavikadin\/wp-json\/wp\/v2\/categories?post=154736"},{"taxonomy":"post_tag","embeddable":true,"href":"https:\/\/www.tgrthaber.com\/mavikadin\/wp-json\/wp\/v2\/tags?post=154736"}],"curies":[{"name":"wp","href":"https:\/\/api.w.org\/{rel}","templated":true}]}}