{"id":154744,"date":"2025-03-30T14:40:09","date_gmt":"2025-03-30T11:40:09","guid":{"rendered":"https:\/\/www.tgrthaber.com\/mavikadin\/?p=154744"},"modified":"2025-03-30T14:40:09","modified_gmt":"2025-03-30T11:40:09","slug":"unlu-komedyen-yasemin-sakallioglu-kimdir-yasemin-sakallioglu-kac-yasinda-kiminle-evli","status":"publish","type":"post","link":"https:\/\/www.tgrthaber.com\/mavikadin\/unlu-komedyen-yasemin-sakallioglu-kimdir-yasemin-sakallioglu-kac-yasinda-kiminle-evli\/","title":{"rendered":"\u00dcnl\u00fc komedyen Yasemin Sakall\u0131o\u011flu kimdir? Yasemin Sakall\u0131o\u011flu ka\u00e7 ya\u015f\u0131nda, kiminle evli?"},"content":{"rendered":"<p>Sosyal medyadan yapt\u0131\u011f\u0131 payla\u015f\u0131mlarla b\u00fcy\u00fck bir \u00fcn kazanan ve \u015fimdilerde \u00fcnl\u00fc bir komedyen olan Yasemin Sakall\u0131o\u011flu\u2019nun kim oldu\u011fu merak ediliyor. Sosyal medya payla\u015f\u0131mlar\u0131yla takip\u00e7ilerini s\u0131k s\u0131k g\u00fcld\u00fcren Sakall\u0131o\u011flu, son g\u00fcnlerde payla\u015f\u0131m yapmamas\u0131yla dikkat \u00e7ekmi\u015fti. Sakall\u0131o\u011flu\u2019ndan neden payla\u015f\u0131m yapmad\u0131\u011f\u0131na ili\u015fkin a\u00e7\u0131klama geldi. Peki, Yasemin Sakall\u0131o\u011flu kimdir? Yasemin Sakall\u0131o\u011flu ka\u00e7 ya\u015f\u0131nda, kiminle evli? Yasemin Sakall\u0131o\u011flu hakk\u0131nda merak edilenleri sizin i\u00e7in ara\u015ft\u0131rd\u0131k. \u0130\u015fte Yasemin Sakall\u0131o\u011flu hakk\u0131nda bilinmeyenler\u2026<\/p>\n<h3>YASEM\u0130N SAKALLIO\u011eLU K\u0130MD\u0130R?<\/h3>\n<p>Sosyal medya hesab\u0131ndan yapt\u0131\u011f\u0131 e\u011flenceli payla\u015f\u0131mlarla ad\u0131ndan s\u00f6z ettiren Yasemin Sakall\u0131o\u011flu, 22 Nisan 1988 tarihinde \u0130stanbul\u2019da d\u00fcnyaya geldi. Kariyerine komedyen, senarist, yazar ve oyuncu olarak devam eden Sakall\u0131o\u011flu, Sakaryal\u0131 bir baba ve Rize \u0130kizdereli bir annenin \u00e7ocu\u011fu olarak d\u00fcnyaya geldi.<\/p>\n<p><img loading=\"lazy\" decoding=\"async\" class=\"alignnone wp-image-154746\" src=\"https:\/\/www.tgrthaber.com\/mavikadin\/wp-content\/uploads\/Yasemin-Sakallioglu-2-2-1024x576.jpg\" alt=\"\u00dcnl\u00fc komedyen Yasemin Sakall\u0131o\u011flu kimdir? Yasemin Sakall\u0131o\u011flu ka\u00e7 ya\u015f\u0131nda, kiminle evli?\" width=\"1208\" height=\"680\" title=\"\" srcset=\"https:\/\/www.tgrthaber.com\/mavikadin\/wp-content\/uploads\/Yasemin-Sakallioglu-2-2-1024x576.jpg 1024w, https:\/\/www.tgrthaber.com\/mavikadin\/wp-content\/uploads\/Yasemin-Sakallioglu-2-2-300x169.jpg 300w, https:\/\/www.tgrthaber.com\/mavikadin\/wp-content\/uploads\/Yasemin-Sakallioglu-2-2-768x432.jpg 768w, https:\/\/www.tgrthaber.com\/mavikadin\/wp-content\/uploads\/Yasemin-Sakallioglu-2-2-1536x864.jpg 1536w, https:\/\/www.tgrthaber.com\/mavikadin\/wp-content\/uploads\/Yasemin-Sakallioglu-2-2.jpg 1600w\" sizes=\"(max-width: 1208px) 100vw, 1208px\" \/><\/p>\n<hr \/>\n<p>\u0130lkokul, ortaokul ve lise e\u011fitimini ba\u015far\u0131yla tamamlayan Yasemin Sakall\u0131o\u011flu, y\u00fcksek\u00f6\u011frenimini 2019 y\u0131l\u0131nda \u0130stanbul Ayd\u0131n \u00dcniversitesi G\u00fczel Sanatlar Fak\u00fcltesi&#8217;nde Drama ve Oyunculuk b\u00f6l\u00fcm\u00fcnde tamamlad\u0131. Samimi tav\u0131rlar\u0131, esprili bak\u0131\u015f a\u00e7\u0131s\u0131 ve g\u00fc\u00e7l\u00fc sahne enerjisiyle sevdiklerini g\u00fcld\u00fcren Sakall\u0131o\u011flu, sosyal medya payla\u015f\u0131mlar\u0131yla da dikkatleri \u00fczerine \u00e7ekiyor.<\/p>\n<h3>YASEM\u0130N SAKALLIO\u011eLU NASIL \u00dcNL\u00dc OLDU?<\/h3>\n<p>Sosyal medyada payla\u015ft\u0131\u011f\u0131 k\u0131sa videolarla b\u00fcy\u00fck bir \u00e7\u0131k\u0131\u015f yakalayan Yasemin Sakall\u0131o\u011flu, \u00f6zellikle 2014 y\u0131l\u0131nda e\u011flence ama\u00e7l\u0131 annesinin taklitlerini yaparak sosyal medyaya y\u00fcklemesiyle tan\u0131nmaya ba\u015fland\u0131. Anne taklitleriyle geni\u015f bir kitleye ula\u015fan Sakall\u0131o\u011flu, daha sonra dizi ve sinema d\u00fcnyas\u0131na ad\u0131m att\u0131.<\/p>\n<p><img loading=\"lazy\" decoding=\"async\" class=\"alignnone wp-image-154748\" src=\"https:\/\/www.tgrthaber.com\/mavikadin\/wp-content\/uploads\/Yasemin-Sakallioglu-3-1024x576.jpg\" alt=\"\u00dcnl\u00fc komedyen Yasemin Sakall\u0131o\u011flu kimdir? Yasemin Sakall\u0131o\u011flu ka\u00e7 ya\u015f\u0131nda, kiminle evli?\" width=\"1208\" height=\"680\" title=\"\" srcset=\"https:\/\/www.tgrthaber.com\/mavikadin\/wp-content\/uploads\/Yasemin-Sakallioglu-3-1024x576.jpg 1024w, https:\/\/www.tgrthaber.com\/mavikadin\/wp-content\/uploads\/Yasemin-Sakallioglu-3-300x169.jpg 300w, https:\/\/www.tgrthaber.com\/mavikadin\/wp-content\/uploads\/Yasemin-Sakallioglu-3-768x432.jpg 768w, https:\/\/www.tgrthaber.com\/mavikadin\/wp-content\/uploads\/Yasemin-Sakallioglu-3-1536x864.jpg 1536w, https:\/\/www.tgrthaber.com\/mavikadin\/wp-content\/uploads\/Yasemin-Sakallioglu-3.jpg 1600w\" sizes=\"(max-width: 1208px) 100vw, 1208px\" \/><\/p>\n<hr \/>\n<p>Belirli bir kitleye ula\u015ft\u0131ktan sonra s\u0131k s\u0131k ad\u0131ndan s\u00f6z ettirmeye devam eden Yasemin Sakall\u0131o\u011flu, ilk profesyonel oyunculuk kariyerini \u201cBizum Hoca\u201d isimli sinema filmiyle ger\u00e7ekle\u015ftirdi. Daha sonra \u201cE\u015fk\u0131ya D\u00fcnyaya H\u00fck\u00fcmdar Olmaz\u201d, \u201cJet Sosyete\u201d ve \u201cBahar\u201d gibi dizilerde rol alan Sakall\u0131o\u011flu, 2020 y\u0131l\u0131nda senaryosunu kendi yazd\u0131\u011f\u0131 ve ba\u015frol\u00fcnde oynad\u0131\u011f\u0131 \u201cZengo\u201d filmiyle ba\u015far\u0131s\u0131n\u0131 art\u0131rd\u0131.<\/p>\n<h3>YASEM\u0130N SAKALLIO\u011eLU KA\u00c7 YA\u015eINDA?<\/h3>\n<p>\u015eimdilerde 36 ya\u015f\u0131nda olan ba\u015far\u0131l\u0131 komedyen Yasemin Sakall\u0131o\u011flu, as\u0131l \u00e7\u0131k\u0131\u015f\u0131n\u0131 stand-up g\u00f6sterileriyle ger\u00e7ekle\u015ftirdi. Sakall\u0131o\u011flu\u2019nun en \u00e7ok parlad\u0131\u011f\u0131 alan \u201cDo\u011fru Koca Nas\u0131l Se\u00e7ilir\u201d adl\u0131 stand-up g\u00f6sterileri oldu. T\u00fcrkiye\u2019nin d\u00f6rt bir yan\u0131nda sahne alarak salonlar\u0131 dolduran Sakall\u0131o\u011flu, enerjisiyle seyircileri kahkahalara bo\u011fmaya devam ediyor.<\/p>\n<p><img loading=\"lazy\" decoding=\"async\" class=\"alignnone wp-image-154749\" src=\"https:\/\/www.tgrthaber.com\/mavikadin\/wp-content\/uploads\/Yasemin-Sakallioglu-5-1-1024x576.jpg\" alt=\"\u00dcnl\u00fc komedyen Yasemin Sakall\u0131o\u011flu kimdir? Yasemin Sakall\u0131o\u011flu ka\u00e7 ya\u015f\u0131nda, kiminle evli?\" width=\"1208\" height=\"680\" title=\"\" srcset=\"https:\/\/www.tgrthaber.com\/mavikadin\/wp-content\/uploads\/Yasemin-Sakallioglu-5-1-1024x576.jpg 1024w, https:\/\/www.tgrthaber.com\/mavikadin\/wp-content\/uploads\/Yasemin-Sakallioglu-5-1-300x169.jpg 300w, https:\/\/www.tgrthaber.com\/mavikadin\/wp-content\/uploads\/Yasemin-Sakallioglu-5-1-768x432.jpg 768w, https:\/\/www.tgrthaber.com\/mavikadin\/wp-content\/uploads\/Yasemin-Sakallioglu-5-1-1536x864.jpg 1536w, https:\/\/www.tgrthaber.com\/mavikadin\/wp-content\/uploads\/Yasemin-Sakallioglu-5-1.jpg 1600w\" sizes=\"(max-width: 1208px) 100vw, 1208px\" \/><\/p>\n<hr \/>\n<p>Yasemin Sakall\u0131o\u011flu, \u00dclker Sport Arena&#8217;da stand-up g\u00f6sterisi yapan ilk komedyendir. Ayn\u0131 zamanda Sakall\u0131o\u011flu, Harbiye A\u00e7\u0131k Hava Tiyatrosu&#8217;nda sahne alan ilk kad\u0131n komedyen unvan\u0131n\u0131 ta\u015f\u0131maktad\u0131r.<\/p>\n<p><img loading=\"lazy\" decoding=\"async\" class=\"alignnone wp-image-154750\" src=\"https:\/\/www.tgrthaber.com\/mavikadin\/wp-content\/uploads\/Yasemin-Sakallioglu-4-1-1024x576.jpg\" alt=\"\u00dcnl\u00fc komedyen Yasemin Sakall\u0131o\u011flu kimdir? Yasemin Sakall\u0131o\u011flu ka\u00e7 ya\u015f\u0131nda, kiminle evli?\" width=\"1208\" height=\"680\" title=\"\" srcset=\"https:\/\/www.tgrthaber.com\/mavikadin\/wp-content\/uploads\/Yasemin-Sakallioglu-4-1-1024x576.jpg 1024w, https:\/\/www.tgrthaber.com\/mavikadin\/wp-content\/uploads\/Yasemin-Sakallioglu-4-1-300x169.jpg 300w, https:\/\/www.tgrthaber.com\/mavikadin\/wp-content\/uploads\/Yasemin-Sakallioglu-4-1-768x432.jpg 768w, https:\/\/www.tgrthaber.com\/mavikadin\/wp-content\/uploads\/Yasemin-Sakallioglu-4-1-1536x864.jpg 1536w, https:\/\/www.tgrthaber.com\/mavikadin\/wp-content\/uploads\/Yasemin-Sakallioglu-4-1.jpg 1600w\" sizes=\"(max-width: 1208px) 100vw, 1208px\" \/><\/p>\n<hr \/>\n<h3>YASEM\u0130N SAKALLIO\u011eLU K\u0130M\u0130NLE EVL\u0130?<\/h3>\n<p>Ba\u015far\u0131l\u0131 komedyen ki\u015fili\u011fi kadar \u00f6zel hayat\u0131yla da dikkatleri \u00fczerine \u00e7eken Yasemin Sakall\u0131o\u011flu, 2021 y\u0131l\u0131nda Burak Y\u0131rtar ile d\u00fcnyaevine girdi. 2021 y\u0131l\u0131ndan bu yana mutlu bir evlilik s\u00fcrd\u00fcren Sakall\u0131o\u011flu, Y\u0131rtar ile uzun s\u00fcredir beraberliklerini devam ettiriyor.<\/p>\n","protected":false},"excerpt":{"rendered":"<p>Sosyal medya payla\u015f\u0131mlar\u0131yla ad\u0131ndan s\u0131k s\u0131k s\u00f6z ettiren Yasemin Sakall\u0131o\u011flu, son g\u00fcnlerde aktif olarak payla\u015f\u0131m yapm\u0131yordu. Sakall\u0131o\u011flu\u2019nun payla\u015f\u0131m yapmamas\u0131 ise dikkatlerden ka\u00e7mad\u0131. \u00dcnl\u00fc oyuncu neden payla\u015f\u0131m yapmad\u0131\u011f\u0131n\u0131 a\u00e7\u0131klad\u0131. Bunun \u00fczerine Yasemin Sakall\u0131o\u011flu\u2019nun kim oldu\u011fu merak edildi. Peki, Yasemin Sakall\u0131o\u011flu kimdir? Yasemin Sakall\u0131o\u011flu ka\u00e7 ya\u015f\u0131nda, kiminle evli? \u0130\u015fte detaylar\u2026 <\/p>\n","protected":false},"author":26,"featured_media":154745,"comment_status":"closed","ping_status":"closed","sticky":false,"template":"","format":"standard","meta":{"rank_math_lock_modified_date":false,"footnotes":""},"categories":[491],"tags":[3725,9952,9953],"class_list":["post-154744","post","type-post","status-publish","format-standard","has-post-thumbnail","hentry","category-biyografi","tag-yasemin-sakallioglu","tag-yasemin-sakallioglu-esi","tag-yasemin-sakallioglu-kimdir"],"_links":{"self":[{"href":"https:\/\/www.tgrthaber.com\/mavikadin\/wp-json\/wp\/v2\/posts\/154744"}],"collection":[{"href":"https:\/\/www.tgrthaber.com\/mavikadin\/wp-json\/wp\/v2\/posts"}],"about":[{"href":"https:\/\/www.tgrthaber.com\/mavikadin\/wp-json\/wp\/v2\/types\/post"}],"author":[{"embeddable":true,"href":"https:\/\/www.tgrthaber.com\/mavikadin\/wp-json\/wp\/v2\/users\/26"}],"replies":[{"embeddable":true,"href":"https:\/\/www.tgrthaber.com\/mavikadin\/wp-json\/wp\/v2\/comments?post=154744"}],"version-history":[{"count":2,"href":"https:\/\/www.tgrthaber.com\/mavikadin\/wp-json\/wp\/v2\/posts\/154744\/revisions"}],"predecessor-version":[{"id":154752,"href":"https:\/\/www.tgrthaber.com\/mavikadin\/wp-json\/wp\/v2\/posts\/154744\/revisions\/154752"}],"wp:featuredmedia":[{"embeddable":true,"href":"https:\/\/www.tgrthaber.com\/mavikadin\/wp-json\/wp\/v2\/media\/154745"}],"wp:attachment":[{"href":"https:\/\/www.tgrthaber.com\/mavikadin\/wp-json\/wp\/v2\/media?parent=154744"}],"wp:term":[{"taxonomy":"category","embeddable":true,"href":"https:\/\/www.tgrthaber.com\/mavikadin\/wp-json\/wp\/v2\/categories?post=154744"},{"taxonomy":"post_tag","embeddable":true,"href":"https:\/\/www.tgrthaber.com\/mavikadin\/wp-json\/wp\/v2\/tags?post=154744"}],"curies":[{"name":"wp","href":"https:\/\/api.w.org\/{rel}","templated":true}]}}