{"id":154761,"date":"2025-03-30T15:16:26","date_gmt":"2025-03-30T12:16:26","guid":{"rendered":"https:\/\/www.tgrthaber.com\/mavikadin\/?p=154761"},"modified":"2025-03-30T15:16:26","modified_gmt":"2025-03-30T12:16:26","slug":"uzak-sehir-dizisinin-gozde-isimleri-yine-zirvede-sinem-unsal-ve-ozan-akbaba-yakistirmasi","status":"publish","type":"post","link":"https:\/\/www.tgrthaber.com\/mavikadin\/uzak-sehir-dizisinin-gozde-isimleri-yine-zirvede-sinem-unsal-ve-ozan-akbaba-yakistirmasi\/","title":{"rendered":"&#8216;Uzak \u015eehir&#8217; dizisinin g\u00f6zde isimleri yine zirvede! Sinem \u00dcnsal ve Ozan Akbaba yak\u0131\u015ft\u0131rmas\u0131"},"content":{"rendered":"<p>Her Pazartesi ak\u015famlar\u0131 Kanal D ekranlar\u0131nda saat 20.00&#8217;da ekrana verilen Uzak \u015eehir dizisi yay\u0131nland\u0131\u011f\u0131 ilk b\u00f6l\u00fcmden itibaren izleyici kitlesi taraf\u0131ndan olduk\u00e7a geni\u015f ve yo\u011fun bir ilgi ile kar\u015f\u0131land\u0131. Dizide &#8216;Alya ve &#8216;Cihan&#8217; karakterleri ile izleyiciyi kendilerine tutsak eden oyuncu Sinem \u00dcnsal ile Ozan Akbaba, dizideki \u00fcst\u00fcn oyunculuk kabiliyetleri ile her izleyeni ekrana ba\u011fl\u0131yor.<\/p>\n<p>\u0130zlenme rekorlar\u0131 k\u0131rarak reytingden reytinge ko\u015fan Kanal D&#8217;nin iddial\u0131 dizisi Uzak \u015eehir, aktif TV izleyicisi bir yana \u00f6zellikle de sosyal medyada da en \u00e7ok konu\u015fulan ve takip edilen dizilerde zirveye ula\u015f\u0131yor.<\/p>\n<p>Her karakterin farkl\u0131 bir hikayesinin oldu\u011fu ve bu hikayelerle de izleyicinin ilgi oda\u011f\u0131 olan &#8216;Uzak \u015eehir&#8217;de oyuncu Sinem \u00dcnsal ile Ozan Akbaba&#8217;n\u0131n dizi i\u00e7erisindeki birbiri ile olan uyumu, diyaloglar\u0131 ve yak\u0131\u015ft\u0131r\u0131lmas\u0131 g\u00fcndemden d\u00fc\u015fm\u00fcyor.<\/p>\n<h3>UZAK \u015eEH\u0130R D\u0130Z\u0130S\u0130NDEK\u0130 &#8216;A\u015eK SAHNELER\u0130&#8217; SOSYAL MEDYANIN D\u0130L\u0130NDE!<\/h3>\n<p>Dizide ara ara verilen a\u015fk sahneleri ile izleyiciyi ekran ba\u015f\u0131na toplamay\u0131 ba\u015faran Uzak \u015eehir dizisinde her hafta bir bir reyting rekorlar\u0131 k\u0131r\u0131l\u0131yor.<\/p>\n<p><img loading=\"lazy\" decoding=\"async\" class=\"alignnone wp-image-154772\" src=\"https:\/\/www.tgrthaber.com\/mavikadin\/wp-content\/uploads\/36-8.png\" alt=\"\" width=\"1208\" height=\"646\" title=\"\" srcset=\"https:\/\/www.tgrthaber.com\/mavikadin\/wp-content\/uploads\/36-8.png 937w, https:\/\/www.tgrthaber.com\/mavikadin\/wp-content\/uploads\/36-8-300x160.png 300w, https:\/\/www.tgrthaber.com\/mavikadin\/wp-content\/uploads\/36-8-768x411.png 768w\" sizes=\"(max-width: 1208px) 100vw, 1208px\" \/><\/p>\n<hr \/>\n<p>Dizide f\u0131rt\u0131nal\u0131 ve b\u00fcy\u00fck \u00e7\u0131kmazlar ya\u015fayan a\u015f\u0131klar\u0131n ini\u015fli \u00e7\u0131k\u0131\u015fl\u0131 halleri sosyal medyada b\u00fcy\u00fck ilgi g\u00f6r\u00fcyor. Dizinin yay\u0131nlanan son yeni b\u00f6l\u00fcmlerinde bir t\u00fcrl\u00fc\u00a0 kavu\u015famayan Atakan \u00d6zkaya (Kaya) ile Dilin D\u00f6\u011fer\u2019in (Zerrin) fanlar\u0131 dizide de olsa a\u015f\u0131klar\u0131n kavu\u015fabilmesi i\u00e7in t\u00fcrl\u00fc t\u00fcrl\u00fc sayfalar a\u00e7arak \u00fcnl\u00fc ikilinin aras\u0131n\u0131 bulmaya \u00e7al\u0131\u015f\u0131yor.<\/p>\n<h3>&#8216;ALYA \u0130LE C\u0130HAN&#8217; SOSYAL MEDYADA Y\u0130NE G\u00dcNDEMDE!<\/h3>\n<p>Uzak \u015eehir\u2019 dizisinin sosyal medyada en \u00e7ok konu\u015fulan ba\u015frol \u00e7iftleri olan S\u0130nem \u00dcnsal ile Ozan Akbaba, her hafta sosyal medyada TT olmay\u0131 ba\u015far\u0131yor.<\/p>\n<p><img loading=\"lazy\" decoding=\"async\" class=\"alignnone wp-image-154521\" src=\"https:\/\/www.tgrthaber.com\/mavikadin\/wp-content\/uploads\/673320a0f072a7bd36dcc2cb.webp\" alt=\"\" width=\"1208\" height=\"805\" title=\"\" srcset=\"https:\/\/www.tgrthaber.com\/mavikadin\/wp-content\/uploads\/673320a0f072a7bd36dcc2cb.webp 1200w, https:\/\/www.tgrthaber.com\/mavikadin\/wp-content\/uploads\/673320a0f072a7bd36dcc2cb-300x200.webp 300w, https:\/\/www.tgrthaber.com\/mavikadin\/wp-content\/uploads\/673320a0f072a7bd36dcc2cb-1024x683.webp 1024w, https:\/\/www.tgrthaber.com\/mavikadin\/wp-content\/uploads\/673320a0f072a7bd36dcc2cb-768x512.webp 768w\" sizes=\"(max-width: 1208px) 100vw, 1208px\" \/><\/p>\n<hr \/>\n<p>Dizide i\u00e7 d\u00fcnyalar\u0131nda ya\u015fay\u0131p birbirlerine kar\u015f\u0131 hissettiklerini bunu bir t\u00fcrl\u00fc kendilerine itiraf edemeyen Alya ile Cihan karakteri i\u00e7in sosyal medya bir kez daha y\u0131k\u0131ld\u0131.<\/p>\n<p>X hesab\u0131ndan onlarca at\u0131lan yeni tweet dizide Alya karakterini oynayan Sinem \u00dcnsal ile Cihan karakterini ba\u015far\u0131l\u0131 bir \u015fekilde ekrana ta\u015f\u0131yan Ozan Akbaba&#8217;y\u0131 konu\u015fuyor.<\/p>\n<p><img loading=\"lazy\" decoding=\"async\" class=\"alignnone wp-image-154519\" src=\"https:\/\/www.tgrthaber.com\/mavikadin\/wp-content\/uploads\/672dde50e661a4be48baa4dc.webp\" alt=\"\" width=\"1208\" height=\"634\" title=\"\" srcset=\"https:\/\/www.tgrthaber.com\/mavikadin\/wp-content\/uploads\/672dde50e661a4be48baa4dc.webp 1200w, https:\/\/www.tgrthaber.com\/mavikadin\/wp-content\/uploads\/672dde50e661a4be48baa4dc-300x158.webp 300w, https:\/\/www.tgrthaber.com\/mavikadin\/wp-content\/uploads\/672dde50e661a4be48baa4dc-1024x538.webp 1024w, https:\/\/www.tgrthaber.com\/mavikadin\/wp-content\/uploads\/672dde50e661a4be48baa4dc-768x403.webp 768w\" sizes=\"(max-width: 1208px) 100vw, 1208px\" \/><\/p>\n<hr \/>\n<p>\u00dcnl\u00fc ikilinin dizide rol gere\u011fi birbirlerine olan yakla\u015f\u0131mlar\u0131, ekip uyumu ve yan yana olduklar\u0131 fiziksel g\u00f6r\u00fcnt\u00fcleri fanlar\u0131n\u0131 heyecanland\u0131r\u0131yor.<\/p>\n","protected":false},"excerpt":{"rendered":"<p>Kanal D&#8217;nin rekortmen dizisi &#8216;Uzak \u015eehir&#8217; de birbirlerine \u00e7ok yak\u0131\u015ft\u0131r\u0131lan Alya ve Cihan karakterlerini oynayan Sinem \u00dcnsal ve Ozan Akbaba sosyal medyada yine g\u00fcndem oldu.<\/p>\n","protected":false},"author":27,"featured_media":148302,"comment_status":"closed","ping_status":"closed","sticky":false,"template":"","format":"standard","meta":{"rank_math_lock_modified_date":false,"footnotes":""},"categories":[602],"tags":[2295,2294,2293],"class_list":["post-154761","post","type-post","status-publish","format-standard","has-post-thumbnail","hentry","category-diziler","tag-ozan-akbaba","tag-sinem-unsal","tag-uzak-sehir"],"_links":{"self":[{"href":"https:\/\/www.tgrthaber.com\/mavikadin\/wp-json\/wp\/v2\/posts\/154761"}],"collection":[{"href":"https:\/\/www.tgrthaber.com\/mavikadin\/wp-json\/wp\/v2\/posts"}],"about":[{"href":"https:\/\/www.tgrthaber.com\/mavikadin\/wp-json\/wp\/v2\/types\/post"}],"author":[{"embeddable":true,"href":"https:\/\/www.tgrthaber.com\/mavikadin\/wp-json\/wp\/v2\/users\/27"}],"replies":[{"embeddable":true,"href":"https:\/\/www.tgrthaber.com\/mavikadin\/wp-json\/wp\/v2\/comments?post=154761"}],"version-history":[{"count":2,"href":"https:\/\/www.tgrthaber.com\/mavikadin\/wp-json\/wp\/v2\/posts\/154761\/revisions"}],"predecessor-version":[{"id":154776,"href":"https:\/\/www.tgrthaber.com\/mavikadin\/wp-json\/wp\/v2\/posts\/154761\/revisions\/154776"}],"wp:featuredmedia":[{"embeddable":true,"href":"https:\/\/www.tgrthaber.com\/mavikadin\/wp-json\/wp\/v2\/media\/148302"}],"wp:attachment":[{"href":"https:\/\/www.tgrthaber.com\/mavikadin\/wp-json\/wp\/v2\/media?parent=154761"}],"wp:term":[{"taxonomy":"category","embeddable":true,"href":"https:\/\/www.tgrthaber.com\/mavikadin\/wp-json\/wp\/v2\/categories?post=154761"},{"taxonomy":"post_tag","embeddable":true,"href":"https:\/\/www.tgrthaber.com\/mavikadin\/wp-json\/wp\/v2\/tags?post=154761"}],"curies":[{"name":"wp","href":"https:\/\/api.w.org\/{rel}","templated":true}]}}