{"id":154779,"date":"2025-03-30T15:49:39","date_gmt":"2025-03-30T12:49:39","guid":{"rendered":"https:\/\/www.tgrthaber.com\/mavikadin\/?p=154779"},"modified":"2025-03-30T15:49:40","modified_gmt":"2025-03-30T12:49:40","slug":"dogukan-mancodan-duygulandiran-bayram-aciklamasi-babamla-hic-bayram-anim-yok","status":"publish","type":"post","link":"https:\/\/www.tgrthaber.com\/mavikadin\/dogukan-mancodan-duygulandiran-bayram-aciklamasi-babamla-hic-bayram-anim-yok\/","title":{"rendered":"Do\u011fukan Man\u00e7o\u2019dan duyguland\u0131ran bayram a\u00e7\u0131klamas\u0131! \u201cBabamla hi\u00e7 bayram an\u0131m yok\u201d"},"content":{"rendered":"<p>T\u00fcrk rock m\u00fczi\u011fin sevilen isimlerinden Bar\u0131\u015f Man\u00e7o\u2019nun o\u011flu Do\u011fukan Man\u00e7o, yapt\u0131\u011f\u0131 duygusal bayram a\u00e7\u0131klamas\u0131yla herkesi derin bir h\u00fczne bo\u011fdu. Babas\u0131yla hi\u00e7 bayram an\u0131s\u0131 olmad\u0131\u011f\u0131n\u0131 a\u00e7\u0131klayan Do\u011fukan Man\u00e7o, \u201cBabam hep bir i\u015f program\u0131nda oldu\u011fundan bayram g\u00fcnlerini evde annemizle ge\u00e7irirdik. Babamla herhangi bayram an\u0131m\u0131z yok. Bayramlar\u0131 babam\u0131zdan ayr\u0131 kal\u0131rd\u0131k.\u201d ifadelerini kulland\u0131. \u0130\u015fte Do\u011fukan Man\u00e7o\u2019dan dikkat \u00e7eken a\u00e7\u0131klamalar\u2026<\/p>\n<h3>DO\u011eUKAN MAN\u00c7O\u2019DAN DUYGULANDIRAN BAYRAM A\u00c7IKLAMASI!<\/h3>\n<p>T\u00fcrk rock m\u00fczi\u011fin usta isimlerinden Bar\u0131\u015f Man\u00e7o\u2019nun o\u011flu Do\u011fukan Man\u00e7o, H\u00fclya Ko\u00e7yi\u011fit\u2019in TRT 2\u2019de sundu\u011fu \u201cFilm Gibi Hayatlar\u201d program\u0131na konuk oldu. Konuk oldu\u011fu programda dikkat \u00e7eken a\u00e7\u0131klamalarda bulunan Do\u011fukan Man\u00e7o, duyguland\u0131ran bayram a\u00e7\u0131klamas\u0131yla herkesi derin bir h\u00fczne bo\u011fdu.<\/p>\n<p><img loading=\"lazy\" decoding=\"async\" class=\"alignnone wp-image-154786\" src=\"https:\/\/www.tgrthaber.com\/mavikadin\/wp-content\/uploads\/Dogukan-Manco-2-1024x576.jpg\" alt=\"Do\u011fukan Man\u00e7o\u2019dan duyguland\u0131ran bayram a\u00e7\u0131klamas\u0131! \u201cBabamla hi\u00e7 bayram an\u0131m yok\u201d\" width=\"1208\" height=\"680\" title=\"\" srcset=\"https:\/\/www.tgrthaber.com\/mavikadin\/wp-content\/uploads\/Dogukan-Manco-2-1024x576.jpg 1024w, https:\/\/www.tgrthaber.com\/mavikadin\/wp-content\/uploads\/Dogukan-Manco-2-300x169.jpg 300w, https:\/\/www.tgrthaber.com\/mavikadin\/wp-content\/uploads\/Dogukan-Manco-2-768x432.jpg 768w, https:\/\/www.tgrthaber.com\/mavikadin\/wp-content\/uploads\/Dogukan-Manco-2-1536x864.jpg 1536w, https:\/\/www.tgrthaber.com\/mavikadin\/wp-content\/uploads\/Dogukan-Manco-2.jpg 1600w\" sizes=\"(max-width: 1208px) 100vw, 1208px\" \/><\/p>\n<hr \/>\n<p>Do\u011fukan Man\u00e7o, kendisine babas\u0131 Bar\u0131\u015f Man\u00e7o ile bayram an\u0131lar\u0131 sorulmas\u0131 \u00fczerine \u015fu \u015fekilde cevap verdi: \u201cSize g\u00fczel bir bayram an\u0131s\u0131 anlatmak isterdim ama babam\u0131n i\u015f hayat\u0131 sebebiyle \u00f6yle bir an\u0131m\u0131z ne yaz\u0131k ki olmad\u0131. Genelde babam bir i\u015f program\u0131nda oldu\u011fundan bayram g\u00fcnlerini evde annemizle ge\u00e7irirdik. O y\u00fczden anlatacak bir bayram an\u0131m yok. Bayramlar\u0131 babam\u0131zdan ayr\u0131 kal\u0131rd\u0131k. Bu benim i\u00e7in \u00e7ok h\u00fcz\u00fcnl\u00fc asl\u0131nda. Babam\u0131z\u0131 televizyondan izlerdik.\u201d<\/p>\n<p><img loading=\"lazy\" decoding=\"async\" class=\"alignnone wp-image-154791\" src=\"https:\/\/www.tgrthaber.com\/mavikadin\/wp-content\/uploads\/Dogukan-Manco-3-1024x576.jpg\" alt=\"Do\u011fukan Man\u00e7o\u2019dan duyguland\u0131ran bayram a\u00e7\u0131klamas\u0131! \u201cBabamla hi\u00e7 bayram an\u0131m yok\u201d\" width=\"1208\" height=\"680\" title=\"\" srcset=\"https:\/\/www.tgrthaber.com\/mavikadin\/wp-content\/uploads\/Dogukan-Manco-3-1024x576.jpg 1024w, https:\/\/www.tgrthaber.com\/mavikadin\/wp-content\/uploads\/Dogukan-Manco-3-300x169.jpg 300w, https:\/\/www.tgrthaber.com\/mavikadin\/wp-content\/uploads\/Dogukan-Manco-3-768x432.jpg 768w, https:\/\/www.tgrthaber.com\/mavikadin\/wp-content\/uploads\/Dogukan-Manco-3-1536x864.jpg 1536w, https:\/\/www.tgrthaber.com\/mavikadin\/wp-content\/uploads\/Dogukan-Manco-3.jpg 1600w\" sizes=\"(max-width: 1208px) 100vw, 1208px\" \/><\/p>\n<hr \/>\n<h3>\u201cBABAM HEP, K\u00dcLT\u00dcR\u00dcM\u00dcZE A\u0130T OLAN \u015eEYLER\u0130 HARMANLADI\u201d<\/h3>\n<p>T\u00fcrk rock m\u00fczi\u011fin sevilen ismi Bar\u0131\u015f Man\u00e7o hakk\u0131nda da \u00e7e\u015fitli a\u00e7\u0131klamalarda bulunan Do\u011fukan Man\u00e7o, babas\u0131n\u0131n \u00fclkeye b\u00fcy\u00fck katk\u0131lar sundu\u011funu ve bir k\u00fclt\u00fcr\u00fc devam ettirmek istedi\u011fini dile getirdi.<\/p>\n<p><img loading=\"lazy\" decoding=\"async\" class=\"alignnone wp-image-154785\" src=\"https:\/\/www.tgrthaber.com\/mavikadin\/wp-content\/uploads\/Dogukan-Manco-1-1024x576.jpg\" alt=\"Do\u011fukan Man\u00e7o\u2019dan duyguland\u0131ran bayram a\u00e7\u0131klamas\u0131! \u201cBabamla hi\u00e7 bayram an\u0131m yok\u201d\" width=\"1208\" height=\"680\" title=\"\" srcset=\"https:\/\/www.tgrthaber.com\/mavikadin\/wp-content\/uploads\/Dogukan-Manco-1-1024x576.jpg 1024w, https:\/\/www.tgrthaber.com\/mavikadin\/wp-content\/uploads\/Dogukan-Manco-1-300x169.jpg 300w, https:\/\/www.tgrthaber.com\/mavikadin\/wp-content\/uploads\/Dogukan-Manco-1-768x432.jpg 768w, https:\/\/www.tgrthaber.com\/mavikadin\/wp-content\/uploads\/Dogukan-Manco-1-1536x864.jpg 1536w, https:\/\/www.tgrthaber.com\/mavikadin\/wp-content\/uploads\/Dogukan-Manco-1.jpg 1600w\" sizes=\"(max-width: 1208px) 100vw, 1208px\" \/><\/p>\n<hr \/>\n<p>Do\u011fukan Man\u00e7o a\u00e7\u0131klamalar\u0131nda: \u201cBabam hep, k\u00fclt\u00fcr\u00fcm\u00fcze ait olan \u015feyleri harmanlad\u0131. O da bir nevi gen\u00e7li\u011fe hitabe asl\u0131nda. \u2018Bak\u0131n ge\u00e7mi\u015finiz bu, gelece\u011fimiz bu\u2019 diyor \u015fark\u0131lar\u0131nda. Bug\u00fcn bir bayram g\u00fcn\u00fcnde daha onun eserlerini nesillere aktarmaya devam ediyoruz.\u201d ifadelerine yer verdi.<\/p>\n<h3>\u201cBABAMA DA K\u00dcSM\u00dc\u015eT\u00dcM\u201d<\/h3>\n<p>1 \u015eubat 1999 tarihinde hayat\u0131n\u0131 kaybeden usta sanat\u00e7\u0131 Bar\u0131\u015f Man\u00e7o, vefat\u0131yla sevenlerini derin bir h\u00fczne bo\u011fmu\u015ftu. Babas\u0131n\u0131 kaybettikten sonra m\u00fczi\u011fe k\u00fcst\u00fc\u011f\u00fcn\u00fc ve yurt d\u0131\u015f\u0131na gitti\u011fini ifade eden Do\u011fukan Man\u00e7o, \u015fu ifadeleri kulland\u0131:<\/p>\n<p><img loading=\"lazy\" decoding=\"async\" class=\"alignnone wp-image-154787\" src=\"https:\/\/www.tgrthaber.com\/mavikadin\/wp-content\/uploads\/Dogukan-Manco-4-1024x576.jpg\" alt=\"Do\u011fukan Man\u00e7o\u2019dan duyguland\u0131ran bayram a\u00e7\u0131klamas\u0131! \u201cBabamla hi\u00e7 bayram an\u0131m yok\u201d\" width=\"1208\" height=\"680\" title=\"\" srcset=\"https:\/\/www.tgrthaber.com\/mavikadin\/wp-content\/uploads\/Dogukan-Manco-4-1024x576.jpg 1024w, https:\/\/www.tgrthaber.com\/mavikadin\/wp-content\/uploads\/Dogukan-Manco-4-300x169.jpg 300w, https:\/\/www.tgrthaber.com\/mavikadin\/wp-content\/uploads\/Dogukan-Manco-4-768x432.jpg 768w, https:\/\/www.tgrthaber.com\/mavikadin\/wp-content\/uploads\/Dogukan-Manco-4-1536x864.jpg 1536w, https:\/\/www.tgrthaber.com\/mavikadin\/wp-content\/uploads\/Dogukan-Manco-4.jpg 1600w\" sizes=\"(max-width: 1208px) 100vw, 1208px\" \/><\/p>\n<hr \/>\n<p>\u201cSonra dedim ki Do\u011fukan, i\u00e7inde yar\u0131m kalan ne varsa devam et. 2007&#8217;den sonra m\u00fczik hayat\u0131ma yeniden devam ettim. Babama da k\u00fcsm\u00fc\u015ft\u00fcm, beni b\u0131rak\u0131p gitti\u011fi i\u00e7in. Onunla da bar\u0131\u015ft\u0131ktan sonra &#8216;Ben babam\u0131n \u015fark\u0131lar\u0131yla ilerleyece\u011fim&#8217; dedim.\u201d<\/p>\n<h3>\u201cG\u00dcN\u00dcM\u00dcZ RAP\u00c7\u0130LER\u0130 RAP M\u00dcZ\u0130K YAPMIYOR\u201d<\/h3>\n<p>G\u00fcn\u00fcm\u00fcz rap m\u00fczi\u011fiyle ilgili de \u00e7e\u015fitli a\u00e7\u0131klamalarda bulunan Do\u011fukan Man\u00e7o, \u015fu ifadeleri kulland\u0131:<\/p>\n<p><img loading=\"lazy\" decoding=\"async\" class=\"alignnone wp-image-154790\" src=\"https:\/\/www.tgrthaber.com\/mavikadin\/wp-content\/uploads\/Dogukan-Manco-5-1024x576.jpg\" alt=\"Do\u011fukan Man\u00e7o\u2019dan duyguland\u0131ran bayram a\u00e7\u0131klamas\u0131! \u201cBabamla hi\u00e7 bayram an\u0131m yok\u201d\" width=\"1208\" height=\"680\" title=\"\" srcset=\"https:\/\/www.tgrthaber.com\/mavikadin\/wp-content\/uploads\/Dogukan-Manco-5-1024x576.jpg 1024w, https:\/\/www.tgrthaber.com\/mavikadin\/wp-content\/uploads\/Dogukan-Manco-5-300x169.jpg 300w, https:\/\/www.tgrthaber.com\/mavikadin\/wp-content\/uploads\/Dogukan-Manco-5-768x432.jpg 768w, https:\/\/www.tgrthaber.com\/mavikadin\/wp-content\/uploads\/Dogukan-Manco-5-1536x864.jpg 1536w, https:\/\/www.tgrthaber.com\/mavikadin\/wp-content\/uploads\/Dogukan-Manco-5.jpg 1600w\" sizes=\"(max-width: 1208px) 100vw, 1208px\" \/><\/p>\n<hr \/>\n<p>\u201cBazen ben de g\u00fcn\u00fcm\u00fcz m\u00fczi\u011fini yapsam, daha \u00e7ok ka\u015fem olsa diye d\u00fc\u015f\u00fcn\u00fcyorum, zaten yapsam yaparm\u0131\u015f\u0131m ama yapamad\u0131m, oraya gidemedim. G\u00fcn\u00fcm\u00fcz rap\u00e7ileri rap m\u00fczik yapm\u0131yor. Bir kere zaten yap\u0131l\u0131\u015f amac\u0131n\u0131n \u00e7ok tersinde gidiyor. Rap m\u00fczik dedi\u011fimiz, ritmik \u015fiirdir. \u0130syan olsun, ac\u0131 olsun, bir \u015fey anlat\u0131r size. Geldi\u011fimiz noktada, birka\u00e7 kafiyeli s\u00f6z\u00fcn pe\u015f pe\u015fe okunmas\u0131ndan ibaret olmaya ba\u015flad\u0131.\u201d<\/p>\n","protected":false},"excerpt":{"rendered":"<p>T\u00fcrk rock m\u00fczi\u011fin usta isimlerinden Bar\u0131\u015f Man\u00e7o\u2019nun o\u011flu Do\u011fukan Man\u00e7o\u2019dan duyguland\u0131ran bayram a\u00e7\u0131klamas\u0131 geldi. Bak\u0131n Do\u011fukan Man\u00e7o, merhum babas\u0131 hakk\u0131nda neler s\u00f6yledi. \u0130\u015fte Do\u011fukan Man\u00e7o\u2019dan duyguland\u0131ran bayram a\u00e7\u0131klamas\u0131\u2026<\/p>\n","protected":false},"author":26,"featured_media":154784,"comment_status":"closed","ping_status":"closed","sticky":false,"template":"","format":"standard","meta":{"rank_math_lock_modified_date":false,"footnotes":""},"categories":[76],"tags":[2630,2631,16049,133,2218],"class_list":["post-154779","post","type-post","status-publish","format-standard","has-post-thumbnail","hentry","category-magazin","tag-baris-manco","tag-dogukan-manco","tag-dogukan-manco-bayram-aciklamasi","tag-magazin","tag-magazin-haberleri"],"_links":{"self":[{"href":"https:\/\/www.tgrthaber.com\/mavikadin\/wp-json\/wp\/v2\/posts\/154779"}],"collection":[{"href":"https:\/\/www.tgrthaber.com\/mavikadin\/wp-json\/wp\/v2\/posts"}],"about":[{"href":"https:\/\/www.tgrthaber.com\/mavikadin\/wp-json\/wp\/v2\/types\/post"}],"author":[{"embeddable":true,"href":"https:\/\/www.tgrthaber.com\/mavikadin\/wp-json\/wp\/v2\/users\/26"}],"replies":[{"embeddable":true,"href":"https:\/\/www.tgrthaber.com\/mavikadin\/wp-json\/wp\/v2\/comments?post=154779"}],"version-history":[{"count":2,"href":"https:\/\/www.tgrthaber.com\/mavikadin\/wp-json\/wp\/v2\/posts\/154779\/revisions"}],"predecessor-version":[{"id":154793,"href":"https:\/\/www.tgrthaber.com\/mavikadin\/wp-json\/wp\/v2\/posts\/154779\/revisions\/154793"}],"wp:featuredmedia":[{"embeddable":true,"href":"https:\/\/www.tgrthaber.com\/mavikadin\/wp-json\/wp\/v2\/media\/154784"}],"wp:attachment":[{"href":"https:\/\/www.tgrthaber.com\/mavikadin\/wp-json\/wp\/v2\/media?parent=154779"}],"wp:term":[{"taxonomy":"category","embeddable":true,"href":"https:\/\/www.tgrthaber.com\/mavikadin\/wp-json\/wp\/v2\/categories?post=154779"},{"taxonomy":"post_tag","embeddable":true,"href":"https:\/\/www.tgrthaber.com\/mavikadin\/wp-json\/wp\/v2\/tags?post=154779"}],"curies":[{"name":"wp","href":"https:\/\/api.w.org\/{rel}","templated":true}]}}