{"id":154822,"date":"2025-03-30T18:01:24","date_gmt":"2025-03-30T15:01:24","guid":{"rendered":"https:\/\/www.tgrthaber.com\/mavikadin\/?p=154822"},"modified":"2025-03-30T18:01:24","modified_gmt":"2025-03-30T15:01:24","slug":"cocuklar-duymasinin-selcuk-beyi-mehmet-aufdan-sok-sozler-dizi-sektorune-giris-sureci","status":"publish","type":"post","link":"https:\/\/www.tgrthaber.com\/mavikadin\/cocuklar-duymasinin-selcuk-beyi-mehmet-aufdan-sok-sozler-dizi-sektorune-giris-sureci\/","title":{"rendered":"\u00c7ocuklar Duymas\u0131n&#8217;\u0131n Sel\u00e7uk Bey&#8217;i Mehmet Auf&#8217;dan \u015fok s\u00f6zler! Dizi sekt\u00f6r\u00fcne giri\u015f s\u00fcreci"},"content":{"rendered":"<p>T\u00fcrk televizyon tarihinin unutulmaz yap\u0131mlar\u0131ndan biri olan \u00c7ocuklar Duymas\u0131n, y\u0131llarca ekranlarda yer alarak geni\u015f bir izleyici kitlesine ula\u015fmay\u0131 ba\u015fard\u0131. Dizinin sevilen karakterlerinden biri olan Sel\u00e7uk Bey\u2019i oynayan Mehmet Auf, Habert\u00fcrk\u2019e verdi\u011fi \u00f6zel r\u00f6portajda dizinin ba\u015far\u0131s\u0131n\u0131 ve izleyiciyle kurduklar\u0131 g\u00fc\u00e7l\u00fc ba\u011f\u0131 anlatt\u0131. Auf\u2019a g\u00f6re dizinin en b\u00fcy\u00fck g\u00fcc\u00fc, herkesin hayat\u0131na dokunabilmesi oldu.<\/p>\n<h3>\u00c7OCUKLAR DUYMASIN&#8217;IN SEL\u00c7UK BEY&#8217;\u0130 MEHMET AUF&#8217;DAN \u015eOK S\u00d6ZLER<\/h3>\n<p>Bir d\u00f6nemin unutulmaz yap\u0131mlar\u0131ndan olan \u2018\u00c7ocuklar Duymas\u0131n\u2019 dizisinin Sel\u00e7uk Bey\u2019i Mehmet Auf, dizisinin sadece bir komedi yap\u0131m\u0131 olmad\u0131\u011f\u0131n\u0131, asl\u0131nda bir\u00e7ok sosyal mesaj bar\u0131nd\u0131ran ve izleyicilere ayna tutan bir yap\u0131m oldu\u011funu vurgulad\u0131. 2002 ve 2009 y\u0131llar\u0131 aras\u0131nda yay\u0131nlanan dizi ilk d\u00f6nemlerinde fazlas\u0131yla ilgi g\u00f6rm\u00fc\u015ft\u00fc.<\/p>\n<p><img loading=\"lazy\" decoding=\"async\" class=\"alignnone wp-image-154838\" src=\"https:\/\/www.tgrthaber.com\/mavikadin\/wp-content\/uploads\/haber-gorselleri-fotoshop-2025-03-30T175918.066-1024x576.jpg\" alt=\"\u00c7ocuklar Duymas\u0131n&#039;\u0131n Sel\u00e7uk Bey&#039;i Mehmet Auf&#039;dan \u015fok s\u00f6zler! Dizi sekt\u00f6r\u00fcne giri\u015f s\u00fcreci\" width=\"1208\" height=\"680\" title=\"\" srcset=\"https:\/\/www.tgrthaber.com\/mavikadin\/wp-content\/uploads\/haber-gorselleri-fotoshop-2025-03-30T175918.066-1024x576.jpg 1024w, https:\/\/www.tgrthaber.com\/mavikadin\/wp-content\/uploads\/haber-gorselleri-fotoshop-2025-03-30T175918.066-300x169.jpg 300w, https:\/\/www.tgrthaber.com\/mavikadin\/wp-content\/uploads\/haber-gorselleri-fotoshop-2025-03-30T175918.066-768x432.jpg 768w, https:\/\/www.tgrthaber.com\/mavikadin\/wp-content\/uploads\/haber-gorselleri-fotoshop-2025-03-30T175918.066-1536x864.jpg 1536w, https:\/\/www.tgrthaber.com\/mavikadin\/wp-content\/uploads\/haber-gorselleri-fotoshop-2025-03-30T175918.066.jpg 1600w\" sizes=\"(max-width: 1208px) 100vw, 1208px\" \/><\/p>\n<hr \/>\n<p>Dizinin karakterleri, T\u00fcrkiye\u2019nin farkl\u0131 kesimlerinden insanlar\u0131 yans\u0131tt\u0131\u011f\u0131 i\u00e7in izleyiciler kendilerinden bir par\u00e7a buldu. Bu da onlar\u0131 diziye daha \u00e7ok ba\u011flad\u0131. Auf, bu durumu \u015fu s\u00f6zlerle a\u00e7\u0131klad\u0131. \u201cBiz bir ailenin i\u00e7inden \u00e7\u0131kan meseleleri anlat\u0131rken asl\u0131nda herkesin ailesinden bir kesit sunduk. Haluk\u2019un babacan tav\u0131rlar\u0131, Meltem\u2019in modern duru\u015fu, \u00c7ayc\u0131 H\u00fcseyin\u2019in sempatikli\u011fi, Dominant Teyze\u2019nin g\u00fc\u00e7l\u00fc kad\u0131n fig\u00fcr\u00fc\u2026 T\u00fcm bunlar toplumun i\u00e7inden \u00e7\u0131km\u0131\u015f karakterlerdi ve izleyiciler onlar\u0131 \u00e7ok sevdi.\u201d S\u00f6zlerini kulland\u0131.<\/p>\n<p><img loading=\"lazy\" decoding=\"async\" class=\"alignnone wp-image-154842\" src=\"https:\/\/www.tgrthaber.com\/mavikadin\/wp-content\/uploads\/haber-gorselleri-fotoshop-2025-03-30T175844.816-1024x576.jpg\" alt=\"\u00c7ocuklar Duymas\u0131n&#039;\u0131n Sel\u00e7uk Bey&#039;i Mehmet Auf&#039;dan \u015fok s\u00f6zler! Dizi sekt\u00f6r\u00fcne giri\u015f s\u00fcreci\" width=\"1208\" height=\"680\" title=\"\" srcset=\"https:\/\/www.tgrthaber.com\/mavikadin\/wp-content\/uploads\/haber-gorselleri-fotoshop-2025-03-30T175844.816-1024x576.jpg 1024w, https:\/\/www.tgrthaber.com\/mavikadin\/wp-content\/uploads\/haber-gorselleri-fotoshop-2025-03-30T175844.816-300x169.jpg 300w, https:\/\/www.tgrthaber.com\/mavikadin\/wp-content\/uploads\/haber-gorselleri-fotoshop-2025-03-30T175844.816-768x432.jpg 768w, https:\/\/www.tgrthaber.com\/mavikadin\/wp-content\/uploads\/haber-gorselleri-fotoshop-2025-03-30T175844.816-1536x864.jpg 1536w, https:\/\/www.tgrthaber.com\/mavikadin\/wp-content\/uploads\/haber-gorselleri-fotoshop-2025-03-30T175844.816.jpg 1600w\" sizes=\"(max-width: 1208px) 100vw, 1208px\" \/><\/p>\n<hr \/>\n<p>\u00c7ocuklar Duymas\u0131n dizisinde Sel\u00e7uk Bey olarak tan\u0131d\u0131\u011f\u0131m\u0131z Auf, 1983 y\u0131l\u0131nda Orta Do\u011fu Teknik \u00dcniversitesi Makine M\u00fchendisli\u011fi B\u00f6l\u00fcm\u00fc\u2019n\u00fc okumu\u015ftur. Auf, i\u015fletme b\u00f6l\u00fcm\u00fcne ilgisi oldu\u011funu ve bu y\u00fczden o b\u00f6l\u00fcm\u00fc okumak istedi\u011fini s\u00f6yledi. Y\u00fcksek Lisans\u0131n\u0131 California Polytechnic State \u00dcniversitesi&#8217;nde yapan Auf, T\u00fcrkiye\u2019ye d\u00f6nd\u00fckten sonra Toplu Konut \u0130daresi\u2019nde i\u015fe ba\u015flad\u0131\u011f\u0131n\u0131 da ifade etti.<\/p>\n<h3><img loading=\"lazy\" decoding=\"async\" class=\"alignnone wp-image-154840\" src=\"https:\/\/www.tgrthaber.com\/mavikadin\/wp-content\/uploads\/haber-gorselleri-fotoshop-2025-03-30T175856.043-1024x576.jpg\" alt=\"\u00c7ocuklar Duymas\u0131n&#039;\u0131n Sel\u00e7uk Bey&#039;i Mehmet Auf&#039;dan \u015fok s\u00f6zler! Dizi sekt\u00f6r\u00fcne giri\u015f s\u00fcreci\" width=\"1208\" height=\"680\" title=\"\" srcset=\"https:\/\/www.tgrthaber.com\/mavikadin\/wp-content\/uploads\/haber-gorselleri-fotoshop-2025-03-30T175856.043-1024x576.jpg 1024w, https:\/\/www.tgrthaber.com\/mavikadin\/wp-content\/uploads\/haber-gorselleri-fotoshop-2025-03-30T175856.043-300x169.jpg 300w, https:\/\/www.tgrthaber.com\/mavikadin\/wp-content\/uploads\/haber-gorselleri-fotoshop-2025-03-30T175856.043-768x432.jpg 768w, https:\/\/www.tgrthaber.com\/mavikadin\/wp-content\/uploads\/haber-gorselleri-fotoshop-2025-03-30T175856.043-1536x864.jpg 1536w, https:\/\/www.tgrthaber.com\/mavikadin\/wp-content\/uploads\/haber-gorselleri-fotoshop-2025-03-30T175856.043.jpg 1600w\" sizes=\"(max-width: 1208px) 100vw, 1208px\" \/><\/h3>\n<hr \/>\n<h3>D\u0130Z\u0130 SEKT\u00d6R\u00dcNE G\u0130R\u0130\u015e S\u00dcREC\u0130<\/h3>\n<p>Mehmet Auf oyunculuk ve televizyon sekt\u00f6r\u00fcne giri\u015f s\u00fcreciyle ilgili olarak \u201cAyr\u0131lsak da Beraberiz&#8217; dizisini severek, izliyordum. Bir arkada\u015f\u0131m dizinin yap\u0131mc\u0131s\u0131 ve senaristi Birol G\u00fcven&#8217;i tan\u0131yordu. Seti ziyaret ettim. Sonras\u0131nda da Birol G\u00fcven&#8217;i radyo program\u0131ma davet ettim ve konu\u011fum oldu. Program sonras\u0131nda Birol G\u00fcven, &#8216;\u00c7ocuklar Duymas\u0131n&#8217;a senaryo dan\u0131\u015fma olmam\u0131 istedi ve televizyon hayat\u0131m b\u00f6ylelikle ba\u015flam\u0131\u015f oldu.\u201d S\u00f6zlerini s\u00f6yleyerek s\u00fcre\u00e7ten bahsetti.<\/p>\n","protected":false},"excerpt":{"rendered":"<p>Bir d\u00f6neme damgas\u0131n\u0131 vuran &#8216;\u00c7ocuklar Duymas\u0131n&#8217; dizisinde &#8216;Sel\u00e7uk Bey&#8217; karakterinini oynayan Mehmet Auf dizi hakk\u0131nda s\u00f6yledikleri g\u00fcndem oldu. <\/p>\n","protected":false},"author":34,"featured_media":154839,"comment_status":"closed","ping_status":"closed","sticky":false,"template":"","format":"standard","meta":{"rank_math_lock_modified_date":false,"footnotes":""},"categories":[602],"tags":[2501,16063,16064,16065],"class_list":["post-154822","post","type-post","status-publish","format-standard","has-post-thumbnail","hentry","category-diziler","tag-cocuklar-duymasin","tag-cocuklar-duymasin-dizi","tag-cocuklar-duymasin-selcuk-bey","tag-mehmet-auf"],"_links":{"self":[{"href":"https:\/\/www.tgrthaber.com\/mavikadin\/wp-json\/wp\/v2\/posts\/154822"}],"collection":[{"href":"https:\/\/www.tgrthaber.com\/mavikadin\/wp-json\/wp\/v2\/posts"}],"about":[{"href":"https:\/\/www.tgrthaber.com\/mavikadin\/wp-json\/wp\/v2\/types\/post"}],"author":[{"embeddable":true,"href":"https:\/\/www.tgrthaber.com\/mavikadin\/wp-json\/wp\/v2\/users\/34"}],"replies":[{"embeddable":true,"href":"https:\/\/www.tgrthaber.com\/mavikadin\/wp-json\/wp\/v2\/comments?post=154822"}],"version-history":[{"count":1,"href":"https:\/\/www.tgrthaber.com\/mavikadin\/wp-json\/wp\/v2\/posts\/154822\/revisions"}],"predecessor-version":[{"id":154843,"href":"https:\/\/www.tgrthaber.com\/mavikadin\/wp-json\/wp\/v2\/posts\/154822\/revisions\/154843"}],"wp:featuredmedia":[{"embeddable":true,"href":"https:\/\/www.tgrthaber.com\/mavikadin\/wp-json\/wp\/v2\/media\/154839"}],"wp:attachment":[{"href":"https:\/\/www.tgrthaber.com\/mavikadin\/wp-json\/wp\/v2\/media?parent=154822"}],"wp:term":[{"taxonomy":"category","embeddable":true,"href":"https:\/\/www.tgrthaber.com\/mavikadin\/wp-json\/wp\/v2\/categories?post=154822"},{"taxonomy":"post_tag","embeddable":true,"href":"https:\/\/www.tgrthaber.com\/mavikadin\/wp-json\/wp\/v2\/tags?post=154822"}],"curies":[{"name":"wp","href":"https:\/\/api.w.org\/{rel}","templated":true}]}}