{"id":154824,"date":"2025-03-30T17:51:06","date_gmt":"2025-03-30T14:51:06","guid":{"rendered":"https:\/\/www.tgrthaber.com\/mavikadin\/?p=154824"},"modified":"2025-03-30T17:51:06","modified_gmt":"2025-03-30T14:51:06","slug":"ibrahim-tatlisesten-safak-sezer-ve-berdan-mardini-ile-paylasim-evlatlar-ile-bayram-kahvaltisi","status":"publish","type":"post","link":"https:\/\/www.tgrthaber.com\/mavikadin\/ibrahim-tatlisesten-safak-sezer-ve-berdan-mardini-ile-paylasim-evlatlar-ile-bayram-kahvaltisi\/","title":{"rendered":"\u0130brahim Tatl\u0131ses\u2019ten \u015eafak Sezer ve Berdan Mardini ile payla\u015f\u0131m! \u201cEvlatlar ile bayram kahvalt\u0131s\u0131\u201d"},"content":{"rendered":"<p>\u00dcnl\u00fclerden bayram mesajlar\u0131 gelmeye devam ederken \u0130brahim Tatl\u0131ses\u2019ten dikkat \u00e7eken bir payla\u015f\u0131m geldi. Tatl\u0131ses, sosyal medya hesab\u0131ndan yapt\u0131\u011f\u0131 payla\u015f\u0131mla magazin d\u00fcnyas\u0131n\u0131n g\u00fcndemine bomba gibi oturdu. \u015eafak Sezer ve Berdan Mardini ile payla\u015f\u0131m yapan Tatl\u0131ses, foto\u011fraf\u0131n alt\u0131na \u201cEvlatlar ile bayram kahvalt\u0131s\u0131\u201d notunu d\u00fc\u015ft\u00fc. \u0130\u015fte \u0130brahim Tatl\u0131ses\u2019in \u015eafak Sezer ve Berdan Mardini ile bayram payla\u015f\u0131m\u0131\u2026<\/p>\n<h3>\u0130BRAH\u0130M TATLISES\u2019TEN \u015eAFAK SEZER VE BERDAN MARD\u0130N\u0130 \u0130LE PAYLA\u015eIM!<\/h3>\n<p>Arabesk m\u00fczi\u011fin usta isimlerinden \u0130brahim Tatl\u0131ses, sosyal medya hesab\u0131ndan dikkat \u00e7eken bir payla\u015f\u0131mda bulundu. \u015eafak Sezer ve Berdan Mardini ile payla\u015f\u0131m yapan Tatl\u0131ses, foto\u011fraf\u0131n alt\u0131na \u201cEvlatlar ile bayram kahvalt\u0131s\u0131\u201d notunu d\u00fc\u015ft\u00fc.<\/p>\n<p><img loading=\"lazy\" decoding=\"async\" class=\"alignnone wp-image-154827\" src=\"https:\/\/www.tgrthaber.com\/mavikadin\/wp-content\/uploads\/Ibrahim-Tatlises-3-1-1024x576.jpg\" alt=\"\u0130brahim Tatl\u0131ses\u2019ten \u015eafak Sezer ve Berdan Mardini ile payla\u015f\u0131m! \u201cEvlatlar ile bayram kahvalt\u0131s\u0131\u201d \" width=\"1208\" height=\"680\" title=\"\" srcset=\"https:\/\/www.tgrthaber.com\/mavikadin\/wp-content\/uploads\/Ibrahim-Tatlises-3-1-1024x576.jpg 1024w, https:\/\/www.tgrthaber.com\/mavikadin\/wp-content\/uploads\/Ibrahim-Tatlises-3-1-300x169.jpg 300w, https:\/\/www.tgrthaber.com\/mavikadin\/wp-content\/uploads\/Ibrahim-Tatlises-3-1-768x432.jpg 768w, https:\/\/www.tgrthaber.com\/mavikadin\/wp-content\/uploads\/Ibrahim-Tatlises-3-1-1536x864.jpg 1536w, https:\/\/www.tgrthaber.com\/mavikadin\/wp-content\/uploads\/Ibrahim-Tatlises-3-1.jpg 1600w\" sizes=\"(max-width: 1208px) 100vw, 1208px\" \/><\/p>\n<hr \/>\n<p>\u015eafak Sezer, \u0130brahim Tatl\u0131ses\u2019in hikayesini al\u0131nt\u0131layarak \u201cEvimize \u015feref verdin\u201d \u015feklinde payla\u015f\u0131m yapt\u0131. Mardini ise bu payla\u015f\u0131ma esprili bir cevap vererek, &#8220;Abilerimin ellerini \u00f6pt\u00fcm ama hen\u00fcz daha 0,01 TL bile para alamad\u0131m, bakal\u0131m devam\u0131 biraz sonra&#8221; diyerek takip\u00e7ilerini g\u00fcld\u00fcrd\u00fc.<\/p>\n<h3>SOSYAL MEDYANIN G\u00dcNDEM\u0130NE OTURDULAR!<\/h3>\n<p>\u0130brahim Tatl\u0131ses\u2019in bayram payla\u015f\u0131m\u0131 k\u0131sa s\u00fcrede yo\u011fun ilgi g\u00f6rd\u00fc. Usta sanat\u00e7\u0131n\u0131n payla\u015f\u0131m\u0131 magazin d\u00fcnyas\u0131n\u0131n g\u00fcndemine bomba gibi oturdu. Ayn\u0131 \u015fekilde Tatl\u0131ses\u2019in payla\u015f\u0131m\u0131n\u0131 al\u0131nt\u0131layarak payla\u015fan \u015eafak Sezer ve Berdan Mardini\u2019nin payla\u015f\u0131mlar\u0131 da magazin d\u00fcnyas\u0131nda ve sosyal medyada b\u00fcy\u00fck yank\u0131 uyand\u0131rd\u0131.<\/p>\n<p><img loading=\"lazy\" decoding=\"async\" class=\"alignnone wp-image-154828\" src=\"https:\/\/www.tgrthaber.com\/mavikadin\/wp-content\/uploads\/Ibrahim-Tatlises-2-2-1024x576.jpg\" alt=\"\u0130brahim Tatl\u0131ses\u2019ten \u015eafak Sezer ve Berdan Mardini ile payla\u015f\u0131m! \u201cEvlatlar ile bayram kahvalt\u0131s\u0131\u201d \" width=\"1208\" height=\"680\" title=\"\" srcset=\"https:\/\/www.tgrthaber.com\/mavikadin\/wp-content\/uploads\/Ibrahim-Tatlises-2-2-1024x576.jpg 1024w, https:\/\/www.tgrthaber.com\/mavikadin\/wp-content\/uploads\/Ibrahim-Tatlises-2-2-300x169.jpg 300w, https:\/\/www.tgrthaber.com\/mavikadin\/wp-content\/uploads\/Ibrahim-Tatlises-2-2-768x432.jpg 768w, https:\/\/www.tgrthaber.com\/mavikadin\/wp-content\/uploads\/Ibrahim-Tatlises-2-2-1536x864.jpg 1536w, https:\/\/www.tgrthaber.com\/mavikadin\/wp-content\/uploads\/Ibrahim-Tatlises-2-2.jpg 1600w\" sizes=\"(max-width: 1208px) 100vw, 1208px\" \/><\/p>\n<hr \/>\n<h3>ESK\u0130 E\u015e\u0130 \u0130LE \u0130FTARDA B\u0130R ARAYA GELM\u0130\u015eT\u0130!<\/h3>\n<p>\u0130brahim Tatl\u0131ses, eski hayat arkada\u015f\u0131 Perihan Sava\u015f ve k\u0131zlar\u0131 Z\u00fcbeyde Melek Akka\u015f ile ge\u00e7ti\u011fimiz haftalarda iftarda bulu\u015fmu\u015ftu. Tatl\u0131ses\u2019in bu payla\u015f\u0131m\u0131 magazin d\u00fcnyas\u0131n\u0131n g\u00fcndemine bomba gibi oturmu\u015f ve \u00e7ok konu\u015fulmu\u015ftu.<\/p>\n<p><img loading=\"lazy\" decoding=\"async\" class=\"alignnone wp-image-154830\" src=\"https:\/\/www.tgrthaber.com\/mavikadin\/wp-content\/uploads\/Ibrahim-Tatlises-1-1-1024x576.jpg\" alt=\"\u0130brahim Tatl\u0131ses\u2019ten \u015eafak Sezer ve Berdan Mardini ile payla\u015f\u0131m! \u201cEvlatlar ile bayram kahvalt\u0131s\u0131\u201d \" width=\"1208\" height=\"680\" title=\"\" srcset=\"https:\/\/www.tgrthaber.com\/mavikadin\/wp-content\/uploads\/Ibrahim-Tatlises-1-1-1024x576.jpg 1024w, https:\/\/www.tgrthaber.com\/mavikadin\/wp-content\/uploads\/Ibrahim-Tatlises-1-1-300x169.jpg 300w, https:\/\/www.tgrthaber.com\/mavikadin\/wp-content\/uploads\/Ibrahim-Tatlises-1-1-768x432.jpg 768w, https:\/\/www.tgrthaber.com\/mavikadin\/wp-content\/uploads\/Ibrahim-Tatlises-1-1-1536x864.jpg 1536w, https:\/\/www.tgrthaber.com\/mavikadin\/wp-content\/uploads\/Ibrahim-Tatlises-1-1.jpg 1600w\" sizes=\"(max-width: 1208px) 100vw, 1208px\" \/>,<\/p>\n<hr \/>\n<p>\u0130ftar program\u0131nda eski e\u015fi Perihan Sava\u015f ve k\u0131zlar\u0131 Z\u00fc\u00fcbeyde Melek Akka\u015f ile bir araya gelen \u0130brahim Tatl\u0131ses, o anlar\u0131 sosyal medya hesab\u0131ndan payla\u015fm\u0131\u015ft\u0131. \u0130ftar program\u0131ndan g\u00f6r\u00fcnt\u00fcleri Instagram hesab\u0131 \u00fczerinden payla\u015fan Tatl\u0131ses, foto\u011frafa \u201cAllah, kabul etsin\u201d notunu d\u00fc\u015fm\u00fc\u015ft\u00fc. Tatl\u0131ses&#8217;in payla\u015f\u0131m\u0131 hem magazin d\u00fcnyas\u0131nda hem de sosyal medyada geni\u015f yank\u0131 uyand\u0131rm\u0131\u015ft\u0131.<\/p>\n","protected":false},"excerpt":{"rendered":"<p>\u0130brahim Tatl\u0131ses\u2019ten dikkat \u00e7eken bayram payla\u015f\u0131m\u0131 geldi. \u015eafak Sezer ve Berdan Mardini ile payla\u015f\u0131m yapan Tatl\u0131ses, foto\u011fraf\u0131n alt\u0131na \u201cEvlatlar ile bayram kahvalt\u0131s\u0131\u201d notunu d\u00fc\u015ft\u00fc. \u0130\u015fte \u0130brahim Tatl\u0131ses\u2019in \u015eafak Sezer ve Berdan Mardini ile bayram payla\u015f\u0131m\u0131\u2026 <\/p>\n","protected":false},"author":26,"featured_media":154826,"comment_status":"closed","ping_status":"closed","sticky":false,"template":"","format":"standard","meta":{"rank_math_lock_modified_date":false,"footnotes":""},"categories":[76],"tags":[5831,2640,16058,5063],"class_list":["post-154824","post","type-post","status-publish","format-standard","has-post-thumbnail","hentry","category-magazin","tag-berdan-mardini","tag-ibrahim-tatlises","tag-ibrahim-tatlises-bayram-paylasimi","tag-safak-sezer"],"_links":{"self":[{"href":"https:\/\/www.tgrthaber.com\/mavikadin\/wp-json\/wp\/v2\/posts\/154824"}],"collection":[{"href":"https:\/\/www.tgrthaber.com\/mavikadin\/wp-json\/wp\/v2\/posts"}],"about":[{"href":"https:\/\/www.tgrthaber.com\/mavikadin\/wp-json\/wp\/v2\/types\/post"}],"author":[{"embeddable":true,"href":"https:\/\/www.tgrthaber.com\/mavikadin\/wp-json\/wp\/v2\/users\/26"}],"replies":[{"embeddable":true,"href":"https:\/\/www.tgrthaber.com\/mavikadin\/wp-json\/wp\/v2\/comments?post=154824"}],"version-history":[{"count":1,"href":"https:\/\/www.tgrthaber.com\/mavikadin\/wp-json\/wp\/v2\/posts\/154824\/revisions"}],"predecessor-version":[{"id":154832,"href":"https:\/\/www.tgrthaber.com\/mavikadin\/wp-json\/wp\/v2\/posts\/154824\/revisions\/154832"}],"wp:featuredmedia":[{"embeddable":true,"href":"https:\/\/www.tgrthaber.com\/mavikadin\/wp-json\/wp\/v2\/media\/154826"}],"wp:attachment":[{"href":"https:\/\/www.tgrthaber.com\/mavikadin\/wp-json\/wp\/v2\/media?parent=154824"}],"wp:term":[{"taxonomy":"category","embeddable":true,"href":"https:\/\/www.tgrthaber.com\/mavikadin\/wp-json\/wp\/v2\/categories?post=154824"},{"taxonomy":"post_tag","embeddable":true,"href":"https:\/\/www.tgrthaber.com\/mavikadin\/wp-json\/wp\/v2\/tags?post=154824"}],"curies":[{"name":"wp","href":"https:\/\/api.w.org\/{rel}","templated":true}]}}