{"id":154841,"date":"2025-03-30T18:25:04","date_gmt":"2025-03-30T15:25:04","guid":{"rendered":"https:\/\/www.tgrthaber.com\/mavikadin\/?p=154841"},"modified":"2025-03-30T18:26:23","modified_gmt":"2025-03-30T15:26:23","slug":"miss-turkey-unvani-elden-giden-cemre-uker-kimdir-herkes-yarismadan-cekilen-bu-ismi-arastiriyor","status":"publish","type":"post","link":"https:\/\/www.tgrthaber.com\/mavikadin\/miss-turkey-unvani-elden-giden-cemre-uker-kimdir-herkes-yarismadan-cekilen-bu-ismi-arastiriyor\/","title":{"rendered":"Miss Turkey unvan\u0131 elden giden Cemre \u00dcker kimdir? Herkes yar\u0131\u015fmadan \u00e7ekilen bu ismi ara\u015ft\u0131r\u0131yor"},"content":{"rendered":"<p>Ge\u00e7en sene Miss Turkey yar\u0131\u015fmas\u0131nda &#8216;Supranational&#8217; olarak se\u00e7ilen g\u00fczel isim Cemre \u00dcker&#8217;in \u00fcnvan\u0131, Miss Supranational yar\u0131\u015fmas\u0131nda olamayaca\u011f\u0131ndan \u00f6t\u00fcr\u00fc geri al\u0131nd\u0131. Yerine gelen isim Cendan \u015eevikt\u00fcrk olur iken Cemre \u00dcker&#8217;in yar\u0131\u015fmadan \u00e7ekilmesi merak konusu oldu.<\/p>\n<p>&#8221;\u0130\u00e7inde bulundu\u011fum baz\u0131 resmi s\u00fcre\u00e7ler nedeniyle ne yaz\u0131k ki haziran ay\u0131nda ger\u00e7ekle\u015fecek yar\u0131\u015fmaya kat\u0131lamayaca\u011f\u0131m.&#8221; s\u00f6zleriyle yapt\u0131\u011f\u0131 a\u00e7\u0131klamada bu sene Miss Turkey yar\u0131\u015fmas\u0131nda yer alamayacak olan Cemre \u00dcker kimdir, kimin k\u0131z\u0131d\u0131r? Miss Turkey unvan\u0131 al\u0131nan Cemre \u00dcker nereli?<\/p>\n<h3>M\u0130SS TURKEY UNVANI ELDEN G\u0130DEN CEMRE \u00dcKER K\u0130MD\u0130R?<\/h3>\n<p>Ge\u00e7ti\u011fimiz sene 11 Eyl\u00fcl 2024&#8217;te d\u00fczenlenen 2024 Miss Turkey&#8217;de elde etti\u011fi ikincilik sebebiyle Cemre \u00dcker yar\u0131\u015fma s\u0131ras\u0131nda 8 numara ile podyumda boy g\u00f6stermi\u015fti.<\/p>\n<p><img loading=\"lazy\" decoding=\"async\" class=\"alignnone wp-image-154853\" src=\"https:\/\/www.tgrthaber.com\/mavikadin\/wp-content\/uploads\/0222.png\" alt=\"\" width=\"1208\" height=\"667\" title=\"\" srcset=\"https:\/\/www.tgrthaber.com\/mavikadin\/wp-content\/uploads\/0222.png 766w, https:\/\/www.tgrthaber.com\/mavikadin\/wp-content\/uploads\/0222-300x166.png 300w\" sizes=\"(max-width: 1208px) 100vw, 1208px\" \/><\/p>\n<hr \/>\n<p>Yo\u011fun bir ilgi ve merakla takip edilen g\u00fczellik yar\u0131\u015fmas\u0131 olan\u00a0 Miss Turkey yar\u0131\u015fmas\u0131nda ge\u00e7en sene birincili\u011fi \u0130dil Bilgen&#8217;e kapt\u0131ran \u00dcker, Paris School Of Business Uluslararas\u0131 Pazarlama ve \u0130\u015f Geli\u015ftirme y\u00fcksek lisans \u00f6\u011frenimi g\u00f6r\u00fcyor.<\/p>\n<p>26 ya\u015f\u0131nda olan\u00a0 Miss Turkey 2024 g\u00fczelinin merak edilen fiziksel \u00f6zellikleri aras\u0131nda 1,79 boyunda oldu\u011fu ve \u00fcst\u00fcn kabiliyetine bak\u0131ld\u0131\u011f\u0131nda olduk\u00e7a iyi bir \u015fekilde piyano \u00e7ald\u0131\u011f\u0131 biliniyor.<\/p>\n<h3>YARI\u015eMADAN \u00c7EK\u0130LEN CEMRE \u00dcKER HABER\u0130 B\u00d6YLE DUYURDU!<\/h3>\n<p>Murat \u00dcker&#8217;in k\u0131z\u0131 olup ge\u00e7ti\u011fimiz sene Miss Turkey&#8217;den derece alan ve \u015fimdi de yar\u0131\u015fmaya aylar kala beklenmedik \u015fekilde podyumda olamayaca\u011f\u0131n\u0131 s\u00f6yleyen Cemre \u00dcker \u015fu s\u00f6zlerle durumu aktard\u0131:<\/p>\n<p><img loading=\"lazy\" decoding=\"async\" class=\"alignnone wp-image-154846\" src=\"https:\/\/www.tgrthaber.com\/mavikadin\/wp-content\/uploads\/fff-7.png\" alt=\"\" width=\"1208\" height=\"666\" title=\"\" srcset=\"https:\/\/www.tgrthaber.com\/mavikadin\/wp-content\/uploads\/fff-7.png 765w, https:\/\/www.tgrthaber.com\/mavikadin\/wp-content\/uploads\/fff-7-300x165.png 300w\" sizes=\"(max-width: 1208px) 100vw, 1208px\" \/><\/p>\n<hr \/>\n<p>&#8220;\u0130\u00e7inde bulundu\u011fum baz\u0131 resmi s\u00fcre\u00e7ler nedeniyle ne yaz\u0131k ki haziran ay\u0131nda ger\u00e7ekle\u015fecek yar\u0131\u015fmaya kat\u0131lamayaca\u011f\u0131m. \u00d6n\u00fcm\u00fczdeki g\u00fcnlerde Fransa&#8217;ya giri\u015f yapaca\u011f\u0131m ve pasaport i\u015flemlerin ba\u015flayacak.<\/p>\n<p>&#8220;Bununla birlikte, 20 May\u0131s &#8211; 11 Haziran tarihinde vatanda\u015fl\u0131k b\u00fcrosuyla olduk\u00e7a \u00f6nemli duru\u015fmalar\u0131m olacak. Avukat\u0131m, bu s\u00fcre\u00e7te Fransa&#8217;da bulunmam\u0131n dosyam\u0131n seyri a\u00e7\u0131s\u0131ndan b\u00fcy\u00fck \u00f6nem ta\u015f\u0131d\u0131\u011f\u0131n\u0131 ifade etti. Bu nedenle bu karar\u0131 almak durumunda kald\u0131m ve durumu sizlerle vakitlice payla\u015fmak istedim. G\u00f6sterdi\u011finiz anlay\u0131\u015f i\u00e7in te\u015fekk\u00fcr ederim&#8221;<\/p>\n<p>&nbsp;<\/p>\n","protected":false},"excerpt":{"rendered":"<p>Miss Turkey 2024 ikincisi Cemre \u00dcker, bu sene ger\u00e7ekle\u015ftirilecek olan Miss Supranational yar\u0131\u015fmas\u0131nda olmayaca\u011f\u0131n\u0131 duyurdu. Peki Miss Turkey unvan\u0131 geri al\u0131nan Cemre \u00dcker kimdir? Cemre hangi b\u00f6l\u00fcm\u00fc okudu?<\/p>\n","protected":false},"author":27,"featured_media":154863,"comment_status":"closed","ping_status":"closed","sticky":false,"template":"","format":"standard","meta":{"rank_math_lock_modified_date":false,"footnotes":""},"categories":[491],"tags":[16069,16066,15942,16068,16067],"class_list":["post-154841","post","type-post","status-publish","format-standard","has-post-thumbnail","hentry","category-biyografi","tag-cemre-uker-aciklama","tag-cemre-uker-kimdir","tag-cemre-ulker","tag-miss-turkey-2024-cemre-uker","tag-miss-turkey-yarismacisi"],"_links":{"self":[{"href":"https:\/\/www.tgrthaber.com\/mavikadin\/wp-json\/wp\/v2\/posts\/154841"}],"collection":[{"href":"https:\/\/www.tgrthaber.com\/mavikadin\/wp-json\/wp\/v2\/posts"}],"about":[{"href":"https:\/\/www.tgrthaber.com\/mavikadin\/wp-json\/wp\/v2\/types\/post"}],"author":[{"embeddable":true,"href":"https:\/\/www.tgrthaber.com\/mavikadin\/wp-json\/wp\/v2\/users\/27"}],"replies":[{"embeddable":true,"href":"https:\/\/www.tgrthaber.com\/mavikadin\/wp-json\/wp\/v2\/comments?post=154841"}],"version-history":[{"count":3,"href":"https:\/\/www.tgrthaber.com\/mavikadin\/wp-json\/wp\/v2\/posts\/154841\/revisions"}],"predecessor-version":[{"id":154862,"href":"https:\/\/www.tgrthaber.com\/mavikadin\/wp-json\/wp\/v2\/posts\/154841\/revisions\/154862"}],"wp:featuredmedia":[{"embeddable":true,"href":"https:\/\/www.tgrthaber.com\/mavikadin\/wp-json\/wp\/v2\/media\/154863"}],"wp:attachment":[{"href":"https:\/\/www.tgrthaber.com\/mavikadin\/wp-json\/wp\/v2\/media?parent=154841"}],"wp:term":[{"taxonomy":"category","embeddable":true,"href":"https:\/\/www.tgrthaber.com\/mavikadin\/wp-json\/wp\/v2\/categories?post=154841"},{"taxonomy":"post_tag","embeddable":true,"href":"https:\/\/www.tgrthaber.com\/mavikadin\/wp-json\/wp\/v2\/tags?post=154841"}],"curies":[{"name":"wp","href":"https:\/\/api.w.org\/{rel}","templated":true}]}}