{"id":154844,"date":"2025-03-30T18:23:09","date_gmt":"2025-03-30T15:23:09","guid":{"rendered":"https:\/\/www.tgrthaber.com\/mavikadin\/?p=154844"},"modified":"2025-03-30T18:25:31","modified_gmt":"2025-03-30T15:25:31","slug":"galatasaray-taraftarindan-china-suareze-cagri-icardiyi-gonder","status":"publish","type":"post","link":"https:\/\/www.tgrthaber.com\/mavikadin\/galatasaray-taraftarindan-china-suareze-cagri-icardiyi-gonder\/","title":{"rendered":"Galatasaray taraftar\u0131ndan China Suarez&#8217;e \u00e7a\u011fr\u0131! Icardi&#8217;yi g\u00f6nder"},"content":{"rendered":"<p>Futbolun en k\u00f6kl\u00fc kul\u00fcplerinden Galatasaray, bu sezonki performans\u0131yla dikkat \u00e7ekmeye devam ederken, tak\u0131m\u0131n Arjantinli y\u0131ld\u0131z\u0131 Mauro Icardi\u2019nin \u00f6zel hayat\u0131, taraftarlar aras\u0131nda tart\u0131\u015fmalara neden oluyor. Son d\u00f6nemde, Icardi\u2019nin \u00fcnl\u00fc Arjantinli oyuncu China Su\u00e1rez ile olan ili\u015fkisi, Galatasaray taraftar\u0131n\u0131n tepkisini \u00e7ekti. Taraftarlar, Icardi\u2019nin hem sahadaki performans\u0131 hem de \u00f6zel ya\u015fam\u0131yla ilgili endi\u015felerini dile getiriyor.<\/p>\n<h3>GALATASARAY TARAFTARINDAN CH\u0130NA SUAREZ&#8217;E \u00c7A\u011eRI<\/h3>\n<p>China Su\u00e1rez, ge\u00e7ti\u011fimiz g\u00fcnlerde \u0130stanbul\u2019da Mauro Icardi ile ge\u00e7irdi\u011fi zamanlar\u0131 sosyal medya \u00fczerinden payla\u015ft\u0131. Su\u00e1rez, \u0130stanbul\u2019un g\u00fczelliklerine olan hayranl\u0131\u011f\u0131n\u0131 dile getirdi. Ancak bu payla\u015f\u0131mlar, Galatasaray taraftarlar\u0131 aras\u0131nda farkl\u0131 tepkilere yol a\u00e7t\u0131. Baz\u0131 taraftarlar, Icardi\u2019nin tak\u0131m\u0131n \u00f6nemli ma\u00e7lar\u0131 \u00f6ncesinde bu t\u00fcr sosyal medya aktivitelerine odaklanmas\u0131n\u0131n profesyonelli\u011fini sorgulad\u0131.<\/p>\n<p><img loading=\"lazy\" decoding=\"async\" class=\"alignnone wp-image-154848\" src=\"https:\/\/www.tgrthaber.com\/mavikadin\/wp-content\/uploads\/haber-gorselleri-fotoshop-2025-03-30T181933.477-1024x576.jpg\" alt=\"Galatasaray taraftar\u0131ndan China Suarez&#039;e \u00e7a\u011fr\u0131! Icardi&#039;yi g\u00f6nder\" width=\"1208\" height=\"680\" title=\"\" srcset=\"https:\/\/www.tgrthaber.com\/mavikadin\/wp-content\/uploads\/haber-gorselleri-fotoshop-2025-03-30T181933.477-1024x576.jpg 1024w, https:\/\/www.tgrthaber.com\/mavikadin\/wp-content\/uploads\/haber-gorselleri-fotoshop-2025-03-30T181933.477-300x169.jpg 300w, https:\/\/www.tgrthaber.com\/mavikadin\/wp-content\/uploads\/haber-gorselleri-fotoshop-2025-03-30T181933.477-768x432.jpg 768w, https:\/\/www.tgrthaber.com\/mavikadin\/wp-content\/uploads\/haber-gorselleri-fotoshop-2025-03-30T181933.477-1536x864.jpg 1536w, https:\/\/www.tgrthaber.com\/mavikadin\/wp-content\/uploads\/haber-gorselleri-fotoshop-2025-03-30T181933.477.jpg 1600w\" sizes=\"(max-width: 1208px) 100vw, 1208px\" \/><\/p>\n<hr \/>\n<p>Sosyal medya platformlar\u0131nda, \u201cSevgilinle gezece\u011fine \u0130stanbul\u2019a gel, tak\u0131ma destek ol\u201d \u015feklinde yorumlar yap\u0131l\u0131rken, taraftarlar\u0131n bu konudaki tepkileri giderek daha da belirgin hale geldi. Galatasaray taraftarlar\u0131, Icardi\u2019nin \u00f6nceli\u011finin sahada olmas\u0131 gerekti\u011fini vurgularken, \u00f6zel hayat\u0131n\u0131n saha i\u00e7indeki performans\u0131n\u0131 etkilemesini istemiyor.<\/p>\n<p><img loading=\"lazy\" decoding=\"async\" class=\"alignnone wp-image-154847\" src=\"https:\/\/www.tgrthaber.com\/mavikadin\/wp-content\/uploads\/haber-gorselleri-fotoshop-2025-03-30T181943.610-1024x576.jpg\" alt=\"Galatasaray taraftar\u0131ndan China Suarez&#039;e \u00e7a\u011fr\u0131! Icardi&#039;yi g\u00f6nder\" width=\"1208\" height=\"680\" title=\"\" srcset=\"https:\/\/www.tgrthaber.com\/mavikadin\/wp-content\/uploads\/haber-gorselleri-fotoshop-2025-03-30T181943.610-1024x576.jpg 1024w, https:\/\/www.tgrthaber.com\/mavikadin\/wp-content\/uploads\/haber-gorselleri-fotoshop-2025-03-30T181943.610-300x169.jpg 300w, https:\/\/www.tgrthaber.com\/mavikadin\/wp-content\/uploads\/haber-gorselleri-fotoshop-2025-03-30T181943.610-768x432.jpg 768w, https:\/\/www.tgrthaber.com\/mavikadin\/wp-content\/uploads\/haber-gorselleri-fotoshop-2025-03-30T181943.610-1536x864.jpg 1536w, https:\/\/www.tgrthaber.com\/mavikadin\/wp-content\/uploads\/haber-gorselleri-fotoshop-2025-03-30T181943.610.jpg 1600w\" sizes=\"(max-width: 1208px) 100vw, 1208px\" \/><\/p>\n<hr \/>\n<h3>ICARD\u0130&#8217;Y\u0130 G\u00d6NDER<\/h3>\n<p>Galatasaray taraftarlar\u0131, Icardi\u2019nin saha i\u00e7indeki performans\u0131n\u0131 ve tak\u0131ma olan ba\u011fl\u0131l\u0131\u011f\u0131n\u0131 \u00f6n planda tutmas\u0131n\u0131 bekliyor. Sezon boyunca g\u00f6sterdi\u011fi \u00fcst\u00fcn performans ile ad\u0131ndan s\u00f6z ettiren Icardi, taraftar\u0131n g\u00f6z\u00fcnde \u00f6nemli bir yere sahip oluyor. Ancak \u00f6zel hayat\u0131yla ilgili geli\u015fmelerin, tak\u0131m\u0131n ruhunu ve oyuncunun odaklanma seviyesini etkileyebilece\u011fi d\u00fc\u015f\u00fcn\u00fcl\u00fcyor.<\/p>\n<p><img loading=\"lazy\" decoding=\"async\" class=\"aligncenter wp-image-154852\" src=\"https:\/\/www.tgrthaber.com\/mavikadin\/wp-content\/uploads\/haber-gorselleri-fotoshop-2025-03-30T181855.327-1024x576.jpg\" alt=\"Galatasaray taraftar\u0131ndan China Suarez&#039;e \u00e7a\u011fr\u0131! Icardi&#039;yi g\u00f6nder\" width=\"1208\" height=\"680\" title=\"\" srcset=\"https:\/\/www.tgrthaber.com\/mavikadin\/wp-content\/uploads\/haber-gorselleri-fotoshop-2025-03-30T181855.327-1024x576.jpg 1024w, https:\/\/www.tgrthaber.com\/mavikadin\/wp-content\/uploads\/haber-gorselleri-fotoshop-2025-03-30T181855.327-300x169.jpg 300w, https:\/\/www.tgrthaber.com\/mavikadin\/wp-content\/uploads\/haber-gorselleri-fotoshop-2025-03-30T181855.327-768x432.jpg 768w, https:\/\/www.tgrthaber.com\/mavikadin\/wp-content\/uploads\/haber-gorselleri-fotoshop-2025-03-30T181855.327-1536x864.jpg 1536w, https:\/\/www.tgrthaber.com\/mavikadin\/wp-content\/uploads\/haber-gorselleri-fotoshop-2025-03-30T181855.327.jpg 1600w\" sizes=\"(max-width: 1208px) 100vw, 1208px\" \/><\/p>\n<hr \/>\n<p>Taraftarlar, sosyal medya \u00fczerinden yapt\u0131klar\u0131 payla\u015f\u0131mlar ile durumu ele\u015ftirirken, tak\u0131m\u0131n hedefleri do\u011frultusunda Icardi\u2019nin sadece futbola odaklanmas\u0131n\u0131 istiyor. Galatasaray hem ligde hem de uluslararas\u0131 arenada \u00f6nemli ba\u015far\u0131lara imza atma hedefinde oldu\u011fu s\u00f6yleniyor. Bu hedefe ula\u015fmak i\u00e7in tak\u0131m\u0131n g\u00fc\u00e7l\u00fc bir motivasyona ve birlikteli\u011fe ihtiyac\u0131 var.<\/p>\n<p><img loading=\"lazy\" decoding=\"async\" class=\"alignnone wp-image-154850\" src=\"https:\/\/www.tgrthaber.com\/mavikadin\/wp-content\/uploads\/haber-gorselleri-fotoshop-2025-03-30T181917.572-1024x576.jpg\" alt=\"Galatasaray taraftar\u0131ndan China Suarez&#039;e \u00e7a\u011fr\u0131! Icardi&#039;yi g\u00f6nder\" width=\"1208\" height=\"680\" title=\"\" srcset=\"https:\/\/www.tgrthaber.com\/mavikadin\/wp-content\/uploads\/haber-gorselleri-fotoshop-2025-03-30T181917.572-1024x576.jpg 1024w, https:\/\/www.tgrthaber.com\/mavikadin\/wp-content\/uploads\/haber-gorselleri-fotoshop-2025-03-30T181917.572-300x169.jpg 300w, https:\/\/www.tgrthaber.com\/mavikadin\/wp-content\/uploads\/haber-gorselleri-fotoshop-2025-03-30T181917.572-768x432.jpg 768w, https:\/\/www.tgrthaber.com\/mavikadin\/wp-content\/uploads\/haber-gorselleri-fotoshop-2025-03-30T181917.572-1536x864.jpg 1536w, https:\/\/www.tgrthaber.com\/mavikadin\/wp-content\/uploads\/haber-gorselleri-fotoshop-2025-03-30T181917.572.jpg 1600w\" sizes=\"(max-width: 1208px) 100vw, 1208px\" \/><\/p>\n<hr \/>\n<p>Galatasaray taraftarlar\u0131, Mauro Icardi\u2019nin \u00f6zel hayat\u0131ndaki geli\u015fmelerin futbol kariyerini etkilemesini istemiyor. Taraftarlar\u0131n, Icardi ve China Su\u00e1rez\u2019e y\u00f6nelik ele\u015ftirileri, sadece bir oyuncunun \u00f6zel hayat\u0131 de\u011fil, ayn\u0131 zamanda tak\u0131m\u0131n ba\u015far\u0131lar\u0131 i\u00e7in de \u00f6nemli bir konu haline geldi. Galatasaray taraftarlar\u0131, bu t\u00fcr tart\u0131\u015fmalar\u0131n sona ermesini ve tak\u0131m\u0131n saha i\u00e7indeki ba\u015far\u0131s\u0131na odaklanmas\u0131n\u0131 umuyor.<\/p>\n","protected":false},"excerpt":{"rendered":"<p>Arjantinli y\u0131ld\u0131z Mauro Icardi\u2019nin \u00f6zel hayat\u0131, taraftarlar aras\u0131nda tart\u0131\u015fmalara neden oluyor. Son d\u00f6nemde, Icardi\u2019nin \u00fcnl\u00fc Arjantinli oyuncu China Su\u00e1rez ile olan ili\u015fkisi, Galatasaray taraftar\u0131n\u0131n tepkisini \u00e7ekti.<\/p>\n","protected":false},"author":34,"featured_media":154851,"comment_status":"closed","ping_status":"closed","sticky":false,"template":"","format":"standard","meta":{"rank_math_lock_modified_date":false,"footnotes":""},"categories":[76],"tags":[7544,985,2221],"class_list":["post-154844","post","type-post","status-publish","format-standard","has-post-thumbnail","hentry","category-magazin","tag-china-suarez-mauro-icardi","tag-galatasaray","tag-icardi"],"_links":{"self":[{"href":"https:\/\/www.tgrthaber.com\/mavikadin\/wp-json\/wp\/v2\/posts\/154844"}],"collection":[{"href":"https:\/\/www.tgrthaber.com\/mavikadin\/wp-json\/wp\/v2\/posts"}],"about":[{"href":"https:\/\/www.tgrthaber.com\/mavikadin\/wp-json\/wp\/v2\/types\/post"}],"author":[{"embeddable":true,"href":"https:\/\/www.tgrthaber.com\/mavikadin\/wp-json\/wp\/v2\/users\/34"}],"replies":[{"embeddable":true,"href":"https:\/\/www.tgrthaber.com\/mavikadin\/wp-json\/wp\/v2\/comments?post=154844"}],"version-history":[{"count":4,"href":"https:\/\/www.tgrthaber.com\/mavikadin\/wp-json\/wp\/v2\/posts\/154844\/revisions"}],"predecessor-version":[{"id":154859,"href":"https:\/\/www.tgrthaber.com\/mavikadin\/wp-json\/wp\/v2\/posts\/154844\/revisions\/154859"}],"wp:featuredmedia":[{"embeddable":true,"href":"https:\/\/www.tgrthaber.com\/mavikadin\/wp-json\/wp\/v2\/media\/154851"}],"wp:attachment":[{"href":"https:\/\/www.tgrthaber.com\/mavikadin\/wp-json\/wp\/v2\/media?parent=154844"}],"wp:term":[{"taxonomy":"category","embeddable":true,"href":"https:\/\/www.tgrthaber.com\/mavikadin\/wp-json\/wp\/v2\/categories?post=154844"},{"taxonomy":"post_tag","embeddable":true,"href":"https:\/\/www.tgrthaber.com\/mavikadin\/wp-json\/wp\/v2\/tags?post=154844"}],"curies":[{"name":"wp","href":"https:\/\/api.w.org\/{rel}","templated":true}]}}