{"id":154845,"date":"2025-03-30T18:38:20","date_gmt":"2025-03-30T15:38:20","guid":{"rendered":"https:\/\/www.tgrthaber.com\/mavikadin\/?p=154845"},"modified":"2025-03-30T18:38:21","modified_gmt":"2025-03-30T15:38:21","slug":"unlulerin-2025-ramazan-bayrami-paylasimlari","status":"publish","type":"post","link":"https:\/\/www.tgrthaber.com\/mavikadin\/unlulerin-2025-ramazan-bayrami-paylasimlari\/","title":{"rendered":"\u00dcnl\u00fclerin 2025 Ramazan Bayram\u0131 payla\u015f\u0131mlar\u0131!"},"content":{"rendered":"<p>Ramazan Bayram\u0131\u2019n\u0131n gelmesiyle birlikte \u00fcnl\u00fc isimlerin bayram mesajlar\u0131 merak edildi. Bayram sevinci en derinden hissedildi\u011fi bu \u00f6zel g\u00fcnde sanat d\u00fcnyas\u0131ndan \u00e7e\u015fitli isimler sosyal medya hesaplar\u0131 \u00fczerinden yapt\u0131\u011f\u0131 payla\u015f\u0131mlarla sevenlerinin ve hayranlar\u0131n\u0131n bayram\u0131n\u0131 kutlad\u0131. \u0130\u015fte \u00dcnl\u00fc isimlerden bayram payla\u015f\u0131mlar\u0131\u2026<\/p>\n<h3>H\u00dcLYA KO\u00c7Y\u0130\u011e\u0130T<\/h3>\n<p>Bug\u00fcn, Ramazan Bayram\u0131&#8230; Sevgi, ho\u015fg\u00f6r\u00fc ve dayan\u0131\u015fman\u0131n en g\u00fczel \u00f6rneklerini ya\u015fad\u0131\u011f\u0131m\u0131z, payla\u015fman\u0131n ve birlik olman\u0131n de\u011ferini bir kez daha hat\u0131rlad\u0131\u011f\u0131m\u0131z \u00e7ok \u00f6zel bir g\u00fcn. Bayram\u0131n\u0131z\u0131 kutlar, ailenizle, sevdiklerinizle sa\u011fl\u0131kla bir arada olaca\u011f\u0131n\u0131z huzur ve mutluluk dolu nice bayramlar dilerim.<\/p>\n<p><img loading=\"lazy\" decoding=\"async\" class=\"alignnone wp-image-154864\" src=\"https:\/\/www.tgrthaber.com\/mavikadin\/wp-content\/uploads\/unlulerden-bayram-mesaji-6-1024x576.jpg\" alt=\"\u00dcnl\u00fclerin 2025 Ramazan Bayram\u0131 payla\u015f\u0131mlar\u0131! \" width=\"1208\" height=\"680\" title=\"\" srcset=\"https:\/\/www.tgrthaber.com\/mavikadin\/wp-content\/uploads\/unlulerden-bayram-mesaji-6-1024x576.jpg 1024w, https:\/\/www.tgrthaber.com\/mavikadin\/wp-content\/uploads\/unlulerden-bayram-mesaji-6-300x169.jpg 300w, https:\/\/www.tgrthaber.com\/mavikadin\/wp-content\/uploads\/unlulerden-bayram-mesaji-6-768x432.jpg 768w, https:\/\/www.tgrthaber.com\/mavikadin\/wp-content\/uploads\/unlulerden-bayram-mesaji-6-1536x864.jpg 1536w, https:\/\/www.tgrthaber.com\/mavikadin\/wp-content\/uploads\/unlulerden-bayram-mesaji-6.jpg 1600w\" sizes=\"(max-width: 1208px) 100vw, 1208px\" \/><\/p>\n<hr \/>\n<h3>AJDA PEKKAN<\/h3>\n<p>Ramazan Bayram\u0131&#8217;n\u0131z kutlu olsun. T\u00fcm sevdiklerinizle harika bir bayram ge\u00e7irmenizi dilerim.<\/p>\n<p><img loading=\"lazy\" decoding=\"async\" class=\"alignnone wp-image-154865\" src=\"https:\/\/www.tgrthaber.com\/mavikadin\/wp-content\/uploads\/unlulerden-bayram-mesaji-5-1024x576.jpg\" alt=\"\u00dcnl\u00fclerin 2025 Ramazan Bayram\u0131 payla\u015f\u0131mlar\u0131! \" width=\"1208\" height=\"680\" title=\"\" srcset=\"https:\/\/www.tgrthaber.com\/mavikadin\/wp-content\/uploads\/unlulerden-bayram-mesaji-5-1024x576.jpg 1024w, https:\/\/www.tgrthaber.com\/mavikadin\/wp-content\/uploads\/unlulerden-bayram-mesaji-5-300x169.jpg 300w, https:\/\/www.tgrthaber.com\/mavikadin\/wp-content\/uploads\/unlulerden-bayram-mesaji-5-768x432.jpg 768w, https:\/\/www.tgrthaber.com\/mavikadin\/wp-content\/uploads\/unlulerden-bayram-mesaji-5-1536x864.jpg 1536w, https:\/\/www.tgrthaber.com\/mavikadin\/wp-content\/uploads\/unlulerden-bayram-mesaji-5.jpg 1600w\" sizes=\"(max-width: 1208px) 100vw, 1208px\" \/><\/p>\n<hr \/>\n<h3>EMEL SAYIN<\/h3>\n<p>Bayram\u0131 yaln\u0131zca takvimde de\u011fil, kalplerde ve ya\u015fanan her anda hissedece\u011fimiz nice bayramlar dilerim. Ramazan Bayram\u0131&#8217;m\u0131z m\u00fcbarek olsun.<\/p>\n<p><img loading=\"lazy\" decoding=\"async\" class=\"alignnone wp-image-154866\" src=\"https:\/\/www.tgrthaber.com\/mavikadin\/wp-content\/uploads\/unlulerden-bayram-mesaji-7-1024x576.jpg\" alt=\"\u00dcnl\u00fclerin 2025 Ramazan Bayram\u0131 payla\u015f\u0131mlar\u0131! \" width=\"1208\" height=\"680\" title=\"\" srcset=\"https:\/\/www.tgrthaber.com\/mavikadin\/wp-content\/uploads\/unlulerden-bayram-mesaji-7-1024x576.jpg 1024w, https:\/\/www.tgrthaber.com\/mavikadin\/wp-content\/uploads\/unlulerden-bayram-mesaji-7-300x169.jpg 300w, https:\/\/www.tgrthaber.com\/mavikadin\/wp-content\/uploads\/unlulerden-bayram-mesaji-7-768x432.jpg 768w, https:\/\/www.tgrthaber.com\/mavikadin\/wp-content\/uploads\/unlulerden-bayram-mesaji-7-1536x864.jpg 1536w, https:\/\/www.tgrthaber.com\/mavikadin\/wp-content\/uploads\/unlulerden-bayram-mesaji-7.jpg 1600w\" sizes=\"(max-width: 1208px) 100vw, 1208px\" \/><\/p>\n<hr \/>\n<h3>\u0130BRAH\u0130M TATLISES<\/h3>\n<p>T\u00fcm \u0130slam aleminin Ramazan Bayram\u0131 m\u00fcbarek olsun. Ramazan-\u0131 \u015eerif&#8217;iniz m\u00fcbarek olsun. Sa\u011fl\u0131k, huzur ve bereket getirmesini dilerim.<\/p>\n<p><img loading=\"lazy\" decoding=\"async\" class=\"alignnone wp-image-154867\" src=\"https:\/\/www.tgrthaber.com\/mavikadin\/wp-content\/uploads\/Ibrahim-Tatlises-2-3-1024x576.jpg\" alt=\"\u00dcnl\u00fclerin 2025 Ramazan Bayram\u0131 payla\u015f\u0131mlar\u0131! \" width=\"1208\" height=\"680\" title=\"\" srcset=\"https:\/\/www.tgrthaber.com\/mavikadin\/wp-content\/uploads\/Ibrahim-Tatlises-2-3-1024x576.jpg 1024w, https:\/\/www.tgrthaber.com\/mavikadin\/wp-content\/uploads\/Ibrahim-Tatlises-2-3-300x169.jpg 300w, https:\/\/www.tgrthaber.com\/mavikadin\/wp-content\/uploads\/Ibrahim-Tatlises-2-3-768x432.jpg 768w, https:\/\/www.tgrthaber.com\/mavikadin\/wp-content\/uploads\/Ibrahim-Tatlises-2-3-1536x864.jpg 1536w, https:\/\/www.tgrthaber.com\/mavikadin\/wp-content\/uploads\/Ibrahim-Tatlises-2-3.jpg 1600w\" sizes=\"(max-width: 1208px) 100vw, 1208px\" \/><\/p>\n<hr \/>\n<h3>I\u015eIL Y\u00dcCESOY<\/h3>\n<p>Sevgili dostlar\u0131m hepinizin \u015feker bayram\u0131n\u0131 kutluyorum. Sa\u011fl\u0131kla mutlulukla ama galiba bu ara en fazla ihtiyac\u0131m\u0131z olan huzurla ge\u00e7mesini dilerim.<\/p>\n<p><img loading=\"lazy\" decoding=\"async\" class=\"alignnone wp-image-154868\" src=\"https:\/\/www.tgrthaber.com\/mavikadin\/wp-content\/uploads\/unlulerden-bayram-mesaji-14-1024x576.jpg\" alt=\"\u00dcnl\u00fclerin 2025 Ramazan Bayram\u0131 payla\u015f\u0131mlar\u0131! \" width=\"1208\" height=\"680\" title=\"\" srcset=\"https:\/\/www.tgrthaber.com\/mavikadin\/wp-content\/uploads\/unlulerden-bayram-mesaji-14-1024x576.jpg 1024w, https:\/\/www.tgrthaber.com\/mavikadin\/wp-content\/uploads\/unlulerden-bayram-mesaji-14-300x169.jpg 300w, https:\/\/www.tgrthaber.com\/mavikadin\/wp-content\/uploads\/unlulerden-bayram-mesaji-14-768x432.jpg 768w, https:\/\/www.tgrthaber.com\/mavikadin\/wp-content\/uploads\/unlulerden-bayram-mesaji-14-1536x864.jpg 1536w, https:\/\/www.tgrthaber.com\/mavikadin\/wp-content\/uploads\/unlulerden-bayram-mesaji-14.jpg 1600w\" sizes=\"(max-width: 1208px) 100vw, 1208px\" \/><\/p>\n<hr \/>\n<h3>\u00dcM\u0130T ERD\u0130M<\/h3>\n<p>Ramazan Bayram\u0131&#8217;m\u0131z m\u00fcbarek olsun.<\/p>\n<p><img loading=\"lazy\" decoding=\"async\" class=\"alignnone wp-image-154869\" src=\"https:\/\/www.tgrthaber.com\/mavikadin\/wp-content\/uploads\/unlulerden-bayram-mesaji-13-1024x576.jpg\" alt=\"\u00dcnl\u00fclerin 2025 Ramazan Bayram\u0131 payla\u015f\u0131mlar\u0131! \" width=\"1208\" height=\"680\" title=\"\" srcset=\"https:\/\/www.tgrthaber.com\/mavikadin\/wp-content\/uploads\/unlulerden-bayram-mesaji-13-1024x576.jpg 1024w, https:\/\/www.tgrthaber.com\/mavikadin\/wp-content\/uploads\/unlulerden-bayram-mesaji-13-300x169.jpg 300w, https:\/\/www.tgrthaber.com\/mavikadin\/wp-content\/uploads\/unlulerden-bayram-mesaji-13-768x432.jpg 768w, https:\/\/www.tgrthaber.com\/mavikadin\/wp-content\/uploads\/unlulerden-bayram-mesaji-13-1536x864.jpg 1536w, https:\/\/www.tgrthaber.com\/mavikadin\/wp-content\/uploads\/unlulerden-bayram-mesaji-13.jpg 1600w\" sizes=\"(max-width: 1208px) 100vw, 1208px\" \/><\/p>\n<hr \/>\n<h3>TU\u011e\u00c7E TAYFUR AYDIN<\/h3>\n<p>Bu bayram vefat eden aile b\u00fcy\u00fcklerimiz i\u00e7in dua ederken, \u00fclkemiz i\u00e7in, askerimiz, polisimiz i\u00e7in, \u00e7ocuklar\u0131m\u0131z, gen\u00e7lerimiz i\u00e7in, s\u00fckut i\u00e7in, zulme u\u011frayan M\u00fcsl\u00fcman karde\u015flerimiz i\u00e7in, k\u0131sacas\u0131 birbirimiz i\u00e7in dua etmeyi unutmayal\u0131m \u00e7\u00fcnk\u00fc finalinde i\u00e7i bo\u015f bombo\u015f yalan bir d\u00fcnyadan sadece ger\u00e7ek olana gitmek i\u00e7in ge\u00e7iyoruz, g\u00f6\u00e7ebeyiz hepimiz. T\u00fcm \u0130slam aleminin Ramazan Bayram\u0131 hay\u0131rla gelsin in\u015fallah.<\/p>\n<p><img loading=\"lazy\" decoding=\"async\" class=\"alignnone wp-image-154870\" src=\"https:\/\/www.tgrthaber.com\/mavikadin\/wp-content\/uploads\/unlulerden-bayram-mesaji-12-1024x576.jpg\" alt=\"\u00dcnl\u00fclerin 2025 Ramazan Bayram\u0131 payla\u015f\u0131mlar\u0131! \" width=\"1208\" height=\"680\" title=\"\" srcset=\"https:\/\/www.tgrthaber.com\/mavikadin\/wp-content\/uploads\/unlulerden-bayram-mesaji-12-1024x576.jpg 1024w, https:\/\/www.tgrthaber.com\/mavikadin\/wp-content\/uploads\/unlulerden-bayram-mesaji-12-300x169.jpg 300w, https:\/\/www.tgrthaber.com\/mavikadin\/wp-content\/uploads\/unlulerden-bayram-mesaji-12-768x432.jpg 768w, https:\/\/www.tgrthaber.com\/mavikadin\/wp-content\/uploads\/unlulerden-bayram-mesaji-12-1536x864.jpg 1536w, https:\/\/www.tgrthaber.com\/mavikadin\/wp-content\/uploads\/unlulerden-bayram-mesaji-12.jpg 1600w\" sizes=\"(max-width: 1208px) 100vw, 1208px\" \/><\/p>\n<hr \/>\n<h3>YILDIZ T\u0130LBE<\/h3>\n<p>&#8220;Ramazan Bayram\u0131n\u0131z kutlu olsun. Allah \u00e7ok bayramlar g\u00f6stersin.&#8221;<\/p>\n<p><img loading=\"lazy\" decoding=\"async\" class=\"alignnone wp-image-154871\" src=\"https:\/\/www.tgrthaber.com\/mavikadin\/wp-content\/uploads\/unlulerden-bayram-mesaji-2-1024x576.jpg\" alt=\"\u00dcnl\u00fclerin 2025 Ramazan Bayram\u0131 payla\u015f\u0131mlar\u0131! \" width=\"1208\" height=\"680\" title=\"\" srcset=\"https:\/\/www.tgrthaber.com\/mavikadin\/wp-content\/uploads\/unlulerden-bayram-mesaji-2-1024x576.jpg 1024w, https:\/\/www.tgrthaber.com\/mavikadin\/wp-content\/uploads\/unlulerden-bayram-mesaji-2-300x169.jpg 300w, https:\/\/www.tgrthaber.com\/mavikadin\/wp-content\/uploads\/unlulerden-bayram-mesaji-2-768x432.jpg 768w, https:\/\/www.tgrthaber.com\/mavikadin\/wp-content\/uploads\/unlulerden-bayram-mesaji-2-1536x864.jpg 1536w, https:\/\/www.tgrthaber.com\/mavikadin\/wp-content\/uploads\/unlulerden-bayram-mesaji-2.jpg 1600w\" sizes=\"(max-width: 1208px) 100vw, 1208px\" \/><\/p>\n<hr \/>\n<h3>DEMET AKALIN<\/h3>\n<p>Ramazan Bayram\u0131 t\u00fcm \u00e7evrenize huzur mutluluk ve g\u00fczellik getirsin. \u0130yi bayramlar\u2026<\/p>\n<p><img loading=\"lazy\" decoding=\"async\" class=\"alignnone wp-image-154872\" src=\"https:\/\/www.tgrthaber.com\/mavikadin\/wp-content\/uploads\/unlulerden-bayram-mesaji-1-1024x576.jpg\" alt=\"\u00dcnl\u00fclerin 2025 Ramazan Bayram\u0131 payla\u015f\u0131mlar\u0131! \" width=\"1208\" height=\"680\" title=\"\" srcset=\"https:\/\/www.tgrthaber.com\/mavikadin\/wp-content\/uploads\/unlulerden-bayram-mesaji-1-1024x576.jpg 1024w, https:\/\/www.tgrthaber.com\/mavikadin\/wp-content\/uploads\/unlulerden-bayram-mesaji-1-300x169.jpg 300w, https:\/\/www.tgrthaber.com\/mavikadin\/wp-content\/uploads\/unlulerden-bayram-mesaji-1-768x432.jpg 768w, https:\/\/www.tgrthaber.com\/mavikadin\/wp-content\/uploads\/unlulerden-bayram-mesaji-1-1536x864.jpg 1536w, https:\/\/www.tgrthaber.com\/mavikadin\/wp-content\/uploads\/unlulerden-bayram-mesaji-1.jpg 1600w\" sizes=\"(max-width: 1208px) 100vw, 1208px\" \/><\/p>\n<hr \/>\n<h3>KENAN YILDIZ<\/h3>\n<p>T\u00fcm \u0130slam aleminin Ramazan Bayram\u0131 m\u00fcbarek olsun.<\/p>\n<p><img loading=\"lazy\" decoding=\"async\" class=\"alignnone wp-image-154874\" src=\"https:\/\/www.tgrthaber.com\/mavikadin\/wp-content\/uploads\/unlulerden-bayram-mesaji-10-1024x576.jpg\" alt=\"\u00dcnl\u00fclerin 2025 Ramazan Bayram\u0131 payla\u015f\u0131mlar\u0131! \" width=\"1208\" height=\"680\" title=\"\" srcset=\"https:\/\/www.tgrthaber.com\/mavikadin\/wp-content\/uploads\/unlulerden-bayram-mesaji-10-1024x576.jpg 1024w, https:\/\/www.tgrthaber.com\/mavikadin\/wp-content\/uploads\/unlulerden-bayram-mesaji-10-300x169.jpg 300w, https:\/\/www.tgrthaber.com\/mavikadin\/wp-content\/uploads\/unlulerden-bayram-mesaji-10-768x432.jpg 768w, https:\/\/www.tgrthaber.com\/mavikadin\/wp-content\/uploads\/unlulerden-bayram-mesaji-10-1536x864.jpg 1536w, https:\/\/www.tgrthaber.com\/mavikadin\/wp-content\/uploads\/unlulerden-bayram-mesaji-10.jpg 1600w\" sizes=\"(max-width: 1208px) 100vw, 1208px\" \/><\/p>\n<hr \/>\n<h3>ED\u0130N DZEKO<\/h3>\n<p>Ramazan Bayram\u0131m\u0131z kutlu olsun.<\/p>\n<p><img loading=\"lazy\" decoding=\"async\" class=\"alignnone wp-image-154875\" src=\"https:\/\/www.tgrthaber.com\/mavikadin\/wp-content\/uploads\/unlulerden-bayram-mesaji-11-1024x576.jpg\" alt=\"\u00dcnl\u00fclerin 2025 Ramazan Bayram\u0131 payla\u015f\u0131mlar\u0131! \" width=\"1208\" height=\"680\" title=\"\" srcset=\"https:\/\/www.tgrthaber.com\/mavikadin\/wp-content\/uploads\/unlulerden-bayram-mesaji-11-1024x576.jpg 1024w, https:\/\/www.tgrthaber.com\/mavikadin\/wp-content\/uploads\/unlulerden-bayram-mesaji-11-300x169.jpg 300w, https:\/\/www.tgrthaber.com\/mavikadin\/wp-content\/uploads\/unlulerden-bayram-mesaji-11-768x432.jpg 768w, https:\/\/www.tgrthaber.com\/mavikadin\/wp-content\/uploads\/unlulerden-bayram-mesaji-11-1536x864.jpg 1536w, https:\/\/www.tgrthaber.com\/mavikadin\/wp-content\/uploads\/unlulerden-bayram-mesaji-11.jpg 1600w\" sizes=\"(max-width: 1208px) 100vw, 1208px\" \/><\/p>\n<hr \/>\n<h3>HAKAN \u00c7ALHANO\u011eLU<\/h3>\n<p>Ramazan Bayram\u0131m\u0131z m\u00fcbarek olsun.<\/p>\n<p><img loading=\"lazy\" decoding=\"async\" class=\"alignnone wp-image-154876\" src=\"https:\/\/www.tgrthaber.com\/mavikadin\/wp-content\/uploads\/Hakan-Calhanoglu-9-1-1024x576.jpg\" alt=\"\u00dcnl\u00fclerin 2025 Ramazan Bayram\u0131 payla\u015f\u0131mlar\u0131! \" width=\"1208\" height=\"680\" title=\"\" srcset=\"https:\/\/www.tgrthaber.com\/mavikadin\/wp-content\/uploads\/Hakan-Calhanoglu-9-1-1024x576.jpg 1024w, https:\/\/www.tgrthaber.com\/mavikadin\/wp-content\/uploads\/Hakan-Calhanoglu-9-1-300x169.jpg 300w, https:\/\/www.tgrthaber.com\/mavikadin\/wp-content\/uploads\/Hakan-Calhanoglu-9-1-768x432.jpg 768w, https:\/\/www.tgrthaber.com\/mavikadin\/wp-content\/uploads\/Hakan-Calhanoglu-9-1-1536x864.jpg 1536w, https:\/\/www.tgrthaber.com\/mavikadin\/wp-content\/uploads\/Hakan-Calhanoglu-9-1.jpg 1600w\" sizes=\"(max-width: 1208px) 100vw, 1208px\" \/><\/p>\n<hr \/>\n<h3>HAKAN URAL<\/h3>\n<p>Bayram\u0131n\u0131z m\u00fcbarek olsun.<\/p>\n<p><img loading=\"lazy\" decoding=\"async\" class=\"alignnone wp-image-154877\" src=\"https:\/\/www.tgrthaber.com\/mavikadin\/wp-content\/uploads\/unlulerden-bayram-mesaji-9-1024x576.jpg\" alt=\"\u00dcnl\u00fclerin 2025 Ramazan Bayram\u0131 payla\u015f\u0131mlar\u0131! \" width=\"1208\" height=\"680\" title=\"\" srcset=\"https:\/\/www.tgrthaber.com\/mavikadin\/wp-content\/uploads\/unlulerden-bayram-mesaji-9-1024x576.jpg 1024w, https:\/\/www.tgrthaber.com\/mavikadin\/wp-content\/uploads\/unlulerden-bayram-mesaji-9-300x169.jpg 300w, https:\/\/www.tgrthaber.com\/mavikadin\/wp-content\/uploads\/unlulerden-bayram-mesaji-9-768x432.jpg 768w, https:\/\/www.tgrthaber.com\/mavikadin\/wp-content\/uploads\/unlulerden-bayram-mesaji-9-1536x864.jpg 1536w, https:\/\/www.tgrthaber.com\/mavikadin\/wp-content\/uploads\/unlulerden-bayram-mesaji-9.jpg 1600w\" sizes=\"(max-width: 1208px) 100vw, 1208px\" \/><\/p>\n<hr \/>\n<h3>S\u0130NAN AK\u00c7IL<\/h3>\n<p>\u00dclkem ad\u0131na ho\u015fg\u00f6r\u00fc, mutluluk, kutupsuz bir iklim, kimyam\u0131zda olan &#8220;karde\u015fli\u011fin&#8221; devam\u0131, k\u0131sac\u0131k \u00f6mr\u00fcm\u00fcz\u00fc bombo\u015f h\u0131rs ve kavgalarla doldurmad\u0131\u011f\u0131m\u0131z, bayra\u011f\u0131m\u0131z\u0131n, askerimizin, polisimizin, tek bir zarar g\u00f6rmedi\u011fi bir T\u00fcrkiye i\u00e7in dua ettim bug\u00fcn\u2026 (ve tabii anneannemi unutmad\u0131m) iyi bayramlar hepinizi \u00e7ok seviyorum.<\/p>\n<p><img loading=\"lazy\" decoding=\"async\" class=\"alignnone wp-image-154878\" src=\"https:\/\/www.tgrthaber.com\/mavikadin\/wp-content\/uploads\/unlulerden-bayram-mesaji-3-1024x576.jpg\" alt=\"\u00dcnl\u00fclerin 2025 Ramazan Bayram\u0131 payla\u015f\u0131mlar\u0131! \" width=\"1208\" height=\"680\" title=\"\" srcset=\"https:\/\/www.tgrthaber.com\/mavikadin\/wp-content\/uploads\/unlulerden-bayram-mesaji-3-1024x576.jpg 1024w, https:\/\/www.tgrthaber.com\/mavikadin\/wp-content\/uploads\/unlulerden-bayram-mesaji-3-300x169.jpg 300w, https:\/\/www.tgrthaber.com\/mavikadin\/wp-content\/uploads\/unlulerden-bayram-mesaji-3-768x432.jpg 768w, https:\/\/www.tgrthaber.com\/mavikadin\/wp-content\/uploads\/unlulerden-bayram-mesaji-3-1536x864.jpg 1536w, https:\/\/www.tgrthaber.com\/mavikadin\/wp-content\/uploads\/unlulerden-bayram-mesaji-3.jpg 1600w\" sizes=\"(max-width: 1208px) 100vw, 1208px\" \/><\/p>\n<hr \/>\n<h3>CENG\u0130Z KURTO\u011eLU<\/h3>\n<p>Ramazan Bayram\u0131n\u0131z m\u00fcbarek olsun. \u0130yi bayramlar<\/p>\n<p><img loading=\"lazy\" decoding=\"async\" class=\"alignnone wp-image-154879\" src=\"https:\/\/www.tgrthaber.com\/mavikadin\/wp-content\/uploads\/unlulerden-bayram-mesaji-4-1024x576.jpg\" alt=\"\u00dcnl\u00fclerin 2025 Ramazan Bayram\u0131 payla\u015f\u0131mlar\u0131! \" width=\"1208\" height=\"680\" title=\"\" srcset=\"https:\/\/www.tgrthaber.com\/mavikadin\/wp-content\/uploads\/unlulerden-bayram-mesaji-4-1024x576.jpg 1024w, https:\/\/www.tgrthaber.com\/mavikadin\/wp-content\/uploads\/unlulerden-bayram-mesaji-4-300x169.jpg 300w, https:\/\/www.tgrthaber.com\/mavikadin\/wp-content\/uploads\/unlulerden-bayram-mesaji-4-768x432.jpg 768w, https:\/\/www.tgrthaber.com\/mavikadin\/wp-content\/uploads\/unlulerden-bayram-mesaji-4-1536x864.jpg 1536w, https:\/\/www.tgrthaber.com\/mavikadin\/wp-content\/uploads\/unlulerden-bayram-mesaji-4.jpg 1600w\" sizes=\"(max-width: 1208px) 100vw, 1208px\" \/><\/p>\n<hr \/>\n<h3>PETEK D\u0130N\u00c7\u00d6Z<\/h3>\n<p>Sevdiklerinizle birlikte sa\u011fl\u0131kl\u0131, huzurlu ve mutlu nice bayramlara Ramazan Bayram\u0131\u2019m\u0131z kutlu olsun.<\/p>\n<p><img loading=\"lazy\" decoding=\"async\" class=\"alignnone wp-image-154880\" src=\"https:\/\/www.tgrthaber.com\/mavikadin\/wp-content\/uploads\/unlulerden-bayram-mesaji-8-1024x576.jpg\" alt=\"\u00dcnl\u00fclerin 2025 Ramazan Bayram\u0131 payla\u015f\u0131mlar\u0131! \" width=\"1208\" height=\"680\" title=\"\" srcset=\"https:\/\/www.tgrthaber.com\/mavikadin\/wp-content\/uploads\/unlulerden-bayram-mesaji-8-1024x576.jpg 1024w, https:\/\/www.tgrthaber.com\/mavikadin\/wp-content\/uploads\/unlulerden-bayram-mesaji-8-300x169.jpg 300w, https:\/\/www.tgrthaber.com\/mavikadin\/wp-content\/uploads\/unlulerden-bayram-mesaji-8-768x432.jpg 768w, https:\/\/www.tgrthaber.com\/mavikadin\/wp-content\/uploads\/unlulerden-bayram-mesaji-8-1536x864.jpg 1536w, https:\/\/www.tgrthaber.com\/mavikadin\/wp-content\/uploads\/unlulerden-bayram-mesaji-8.jpg 1600w\" sizes=\"(max-width: 1208px) 100vw, 1208px\" \/><\/p>\n","protected":false},"excerpt":{"rendered":"<p>E\u011flence ve sanat d\u00fcnyas\u0131n\u0131n tan\u0131nm\u0131\u015f isimleri sosyal medya \u00fczerinden sevenlerinin Ramazan Bayram\u0131\u2019n\u0131 kutlad\u0131. \u0130\u015fte \u00fcnl\u00fclerin Ramazan Bayram\u0131 payla\u015f\u0131mlar\u0131\u2026<\/p>\n","protected":false},"author":26,"featured_media":154881,"comment_status":"closed","ping_status":"closed","sticky":false,"template":"","format":"standard","meta":{"rank_math_lock_modified_date":false,"footnotes":""},"categories":[76],"tags":[15236,16070,16072,16071],"class_list":["post-154845","post","type-post","status-publish","format-standard","has-post-thumbnail","hentry","category-magazin","tag-2025-ramazan-bayrami","tag-unlulerden-bayram-mesajlari","tag-unlulerden-bayram-paylasimi","tag-unlulerden-ramazan-bayrami-mesajlari"],"_links":{"self":[{"href":"https:\/\/www.tgrthaber.com\/mavikadin\/wp-json\/wp\/v2\/posts\/154845"}],"collection":[{"href":"https:\/\/www.tgrthaber.com\/mavikadin\/wp-json\/wp\/v2\/posts"}],"about":[{"href":"https:\/\/www.tgrthaber.com\/mavikadin\/wp-json\/wp\/v2\/types\/post"}],"author":[{"embeddable":true,"href":"https:\/\/www.tgrthaber.com\/mavikadin\/wp-json\/wp\/v2\/users\/26"}],"replies":[{"embeddable":true,"href":"https:\/\/www.tgrthaber.com\/mavikadin\/wp-json\/wp\/v2\/comments?post=154845"}],"version-history":[{"count":1,"href":"https:\/\/www.tgrthaber.com\/mavikadin\/wp-json\/wp\/v2\/posts\/154845\/revisions"}],"predecessor-version":[{"id":154882,"href":"https:\/\/www.tgrthaber.com\/mavikadin\/wp-json\/wp\/v2\/posts\/154845\/revisions\/154882"}],"wp:featuredmedia":[{"embeddable":true,"href":"https:\/\/www.tgrthaber.com\/mavikadin\/wp-json\/wp\/v2\/media\/154881"}],"wp:attachment":[{"href":"https:\/\/www.tgrthaber.com\/mavikadin\/wp-json\/wp\/v2\/media?parent=154845"}],"wp:term":[{"taxonomy":"category","embeddable":true,"href":"https:\/\/www.tgrthaber.com\/mavikadin\/wp-json\/wp\/v2\/categories?post=154845"},{"taxonomy":"post_tag","embeddable":true,"href":"https:\/\/www.tgrthaber.com\/mavikadin\/wp-json\/wp\/v2\/tags?post=154845"}],"curies":[{"name":"wp","href":"https:\/\/api.w.org\/{rel}","templated":true}]}}