{"id":154915,"date":"2025-03-30T20:16:02","date_gmt":"2025-03-30T17:16:02","guid":{"rendered":"https:\/\/www.tgrthaber.com\/mavikadin\/?p=154915"},"modified":"2025-03-30T20:16:02","modified_gmt":"2025-03-30T17:16:02","slug":"teskilat-bu-aksam-var-mi-yok-mu-teskilat-yeni-bolum-ne-zaman","status":"publish","type":"post","link":"https:\/\/www.tgrthaber.com\/mavikadin\/teskilat-bu-aksam-var-mi-yok-mu-teskilat-yeni-bolum-ne-zaman\/","title":{"rendered":"Te\u015fkilat bu ak\u015fam var m\u0131 yok mu? Te\u015fkilat yeni b\u00f6l\u00fcm ne zaman?"},"content":{"rendered":"<p>Pazar ak\u015famlar\u0131n\u0131n vazge\u00e7ilmezi haline gelen Te\u015fkilat dizisi, bu hafta yine izleyicilerin g\u00fcndeminde. Sosyal medyada ve arama motorlar\u0131nda yo\u011fun \u015fekilde ara\u015ft\u0131r\u0131lan \u201cBu ak\u015fam Te\u015fkilat var m\u0131?\u201d sorusu, ak\u015fam saatlerine do\u011fru daha da s\u0131k sorulmaya ba\u015fland\u0131. Yay\u0131n ak\u0131\u015f\u0131nda ya\u015fanan de\u011fi\u015fiklikler, dizinin takip\u00e7ilerini ekran ba\u015f\u0131nda beklerken \u015fa\u015f\u0131rtt\u0131. Al\u0131\u015f\u0131lm\u0131\u015f yay\u0131n saatinde s\u00fcrpriz bir geli\u015fme ya\u015fan\u0131rken, izleyiciler yeni b\u00f6l\u00fcm\u00fc beklerken kar\u015f\u0131la\u015ft\u0131klar\u0131 detaylar kafalar\u0131 kar\u0131\u015ft\u0131rd\u0131\u2026<\/p>\n<p>TRT 1 ekranlar\u0131nda her pazar ak\u015fam\u0131 izleyici kar\u015f\u0131s\u0131na \u00e7\u0131kan ve y\u00fcksek temposuyla dikkat \u00e7eken Te\u015fkilat dizisi, bu hafta ekranlarda yer almayacak. 30 Mart tarihinin Ramazan Bayram\u0131&#8217;n\u0131n birinci g\u00fcn\u00fcne denk gelmesi nedeniyle dizinin yeni b\u00f6l\u00fcm\u00fc ileri bir tarihe ertelendi. Te\u015fkilat 30 Mart 2025 138. b\u00f6l\u00fcm var m\u0131, yok mu? Te\u015fkilat dizisi yeni b\u00f6l\u00fcm ne zaman? \u0130\u015fte konuya dair t\u00fcm merak edilen detaylar&#8230;<\/p>\n<h3>TE\u015eK\u0130LAT YEN\u0130 B\u00d6L\u00dcM 30 MART 2025 VAR MI, YOK MU?<\/h3>\n<p>Dizinin m\u00fcdavimleri g\u00fcn boyunca \u201cTe\u015fkilat bu ak\u015fam var m\u0131, yeni b\u00f6l\u00fcm ne zaman yay\u0131nlanacak?\u201d sorular\u0131na yan\u0131t ararken, kanal\u0131n yay\u0131n ak\u0131\u015f\u0131 ve yap\u0131m\u0131n planlamas\u0131 netle\u015fti.<\/p>\n<p><img loading=\"lazy\" decoding=\"async\" class=\"alignnone wp-image-154916 \" src=\"https:\/\/www.tgrthaber.com\/mavikadin\/wp-content\/uploads\/67e9174c7b6a8c93797d176d.webp\" alt=\"\" width=\"825\" height=\"464\" title=\"\" srcset=\"https:\/\/www.tgrthaber.com\/mavikadin\/wp-content\/uploads\/67e9174c7b6a8c93797d176d.webp 750w, https:\/\/www.tgrthaber.com\/mavikadin\/wp-content\/uploads\/67e9174c7b6a8c93797d176d-300x169.webp 300w\" sizes=\"(max-width: 825px) 100vw, 825px\" \/><\/p>\n<hr \/>\n<p>Te\u015fkilat\u2019\u0131n 138. b\u00f6l\u00fcm\u00fc, 30 Mart Pazar g\u00fcn\u00fc yay\u0131nlanmayacak. Bunun yerine TRT1\u2019de \u00f6nce bilgi yar\u0131\u015fmas\u0131 format\u0131ndaki 3\u2019te 3 program\u0131, ard\u0131ndan ise dizinin tekrar b\u00f6l\u00fcm\u00fc yay\u0131nlanacak.<\/p>\n<h3>TE\u015eK\u0130LAT YEN\u0130 B\u00d6L\u00dcM NE ZAMAN YAYINLANACAK?<\/h3>\n<p>Yap\u0131m ekibinden ya da kanal yetkililerinden resmi bir a\u00e7\u0131klama gelmemi\u015f olsa da, Te\u015fkilat\u2019\u0131n 138. yeni b\u00f6l\u00fcm\u00fcn\u00fcn 6 Nisan Pazar ak\u015fam\u0131 izleyiciyle bulu\u015fmas\u0131 bekleniyor. Ayn\u0131 \u015fekilde 138. b\u00f6l\u00fcme ait fragman da hen\u00fcz yay\u0131nlanmad\u0131. Bu durum, diziyi yak\u0131ndan takip eden izleyicilerde merak\u0131 biraz daha art\u0131rm\u0131\u015f durumda.<\/p>\n<p><img loading=\"lazy\" decoding=\"async\" class=\"alignnone wp-image-154917 \" src=\"https:\/\/www.tgrthaber.com\/mavikadin\/wp-content\/uploads\/67e917477b6a8c93797d176b.webp\" alt=\"\" width=\"837\" height=\"471\" title=\"\" srcset=\"https:\/\/www.tgrthaber.com\/mavikadin\/wp-content\/uploads\/67e917477b6a8c93797d176b.webp 750w, https:\/\/www.tgrthaber.com\/mavikadin\/wp-content\/uploads\/67e917477b6a8c93797d176b-300x169.webp 300w\" sizes=\"(max-width: 837px) 100vw, 837px\" \/><\/p>\n<hr \/>\n<h3>GE\u00c7EN HAFTA TE\u015eK\u0130LAT&#8217;TA NELER YA\u015eANDI?<\/h3>\n<p>Te\u015fkilat\u2019\u0131n 137. b\u00f6l\u00fcm\u00fc, ge\u00e7ti\u011fimiz hafta 24 Mart Pazar ak\u015fam\u0131 ekrana gelmi\u015fti. B\u00f6l\u00fcmde, Altay ve Neslihan karakterleri \u00f6nemli bir ad\u0131m atarak d\u00fc\u015fmanlar\u0131n\u0131n kar\u015f\u0131s\u0131na cesurca \u00e7\u0131km\u0131\u015f; bu karar ikilinin hayat\u0131n\u0131 da ciddi anlamda riske atm\u0131\u015ft\u0131. Di\u011fer yandan Korkut, uzun s\u00fcredir pe\u015finde oldu\u011fu Krali\u00e7e ile ilk kez y\u00fcz y\u00fcze gelmi\u015f, ancak Krali\u00e7e&#8217;nin sa\u011f kolu Kate bu kar\u015f\u0131la\u015fmadan rahats\u0131z olmu\u015f ve Korkut\u2019a g\u00fcven duymam\u0131\u015ft\u0131.<\/p>\n<p>Ayr\u0131ca, Hamdi karakteri, Akif Ba\u015fkan\u2019\u0131n t\u00fcm uyar\u0131lar\u0131na ra\u011fmen tek ba\u015f\u0131na hareket etmi\u015f ve Ejder taraf\u0131ndan kurulan bir tuza\u011f\u0131n i\u00e7ine d\u00fc\u015fm\u00fc\u015ft\u00fc. Ejder, Hamdi\u2019yi manip\u00fcle ederek Korkut\u2019a kar\u015f\u0131 bir koz olarak kullanmay\u0131 hedeflemi\u015fti. Altay ve Neslihan ise ellerindeki ipu\u00e7lar\u0131n\u0131 birle\u015ftirerek \u00fclke g\u00fcvenli\u011fini tehdit eden uranyum sevkiyat\u0131n\u0131 durdurma \u00e7abalar\u0131n\u0131 s\u00fcrd\u00fcrm\u00fc\u015ft\u00fc.<\/p>\n<p><img loading=\"lazy\" decoding=\"async\" class=\"alignnone wp-image-154918 size-full\" src=\"https:\/\/www.tgrthaber.com\/mavikadin\/wp-content\/uploads\/teskilat-bu-aksam-var-mi-935.webp\" alt=\"\" width=\"1244\" height=\"720\" title=\"\" srcset=\"https:\/\/www.tgrthaber.com\/mavikadin\/wp-content\/uploads\/teskilat-bu-aksam-var-mi-935.webp 1244w, https:\/\/www.tgrthaber.com\/mavikadin\/wp-content\/uploads\/teskilat-bu-aksam-var-mi-935-300x174.webp 300w, https:\/\/www.tgrthaber.com\/mavikadin\/wp-content\/uploads\/teskilat-bu-aksam-var-mi-935-1024x593.webp 1024w, https:\/\/www.tgrthaber.com\/mavikadin\/wp-content\/uploads\/teskilat-bu-aksam-var-mi-935-768x445.webp 768w\" sizes=\"(max-width: 1244px) 100vw, 1244px\" \/><\/p>\n<hr \/>\n<p>Yeni b\u00f6l\u00fcmle birlikte izleyiciler, karakterler aras\u0131ndaki hesapla\u015fmalar\u0131n ve operasyonlar\u0131n nas\u0131l sonu\u00e7lanaca\u011f\u0131n\u0131 merakla bekliyor. TRT1\u2019in Ramazan Bayram\u0131 haftas\u0131na \u00f6zel yay\u0131n planlamas\u0131 nedeniyle k\u0131sa bir ara veren dizi, Nisan ay\u0131 itibar\u0131yla kald\u0131\u011f\u0131 yerden heyecan dolu hikayesine devam edecek.<\/p>\n","protected":false},"excerpt":{"rendered":"<p>Her hafta pazar ak\u015famlar\u0131 milyonlar\u0131 ekran ba\u015f\u0131na kilitleyen, temposunu bir an olsun d\u00fc\u015f\u00fcrmeyen Te\u015fkilat dizisiyle ilgili bu hafta dikkat \u00e7eken bir geli\u015fme ya\u015fand\u0131. Takvimlerdeki \u00f6zel bir tarih, dizinin yay\u0131n plan\u0131nda beklenmedik bir de\u011fi\u015fikli\u011fi beraberinde getirdi. Peki Te\u015fkilat bu ak\u015fam var m\u0131 yok mu? Te\u015fkilat yeni b\u00f6l\u00fcm ne zaman? \u0130\u015fte detaylar&#8230;<\/p>\n","protected":false},"author":35,"featured_media":154919,"comment_status":"closed","ping_status":"closed","sticky":false,"template":"","format":"standard","meta":{"rank_math_lock_modified_date":false,"footnotes":""},"categories":[602],"tags":[15008,16080,13594,16081],"class_list":["post-154915","post","type-post","status-publish","format-standard","has-post-thumbnail","hentry","category-diziler","tag-teskilat-137-bolum","tag-teskilat-138-bolum","tag-teskilat-dizi","tag-teskilat-var-mi-yok-mu"],"_links":{"self":[{"href":"https:\/\/www.tgrthaber.com\/mavikadin\/wp-json\/wp\/v2\/posts\/154915"}],"collection":[{"href":"https:\/\/www.tgrthaber.com\/mavikadin\/wp-json\/wp\/v2\/posts"}],"about":[{"href":"https:\/\/www.tgrthaber.com\/mavikadin\/wp-json\/wp\/v2\/types\/post"}],"author":[{"embeddable":true,"href":"https:\/\/www.tgrthaber.com\/mavikadin\/wp-json\/wp\/v2\/users\/35"}],"replies":[{"embeddable":true,"href":"https:\/\/www.tgrthaber.com\/mavikadin\/wp-json\/wp\/v2\/comments?post=154915"}],"version-history":[{"count":1,"href":"https:\/\/www.tgrthaber.com\/mavikadin\/wp-json\/wp\/v2\/posts\/154915\/revisions"}],"predecessor-version":[{"id":154920,"href":"https:\/\/www.tgrthaber.com\/mavikadin\/wp-json\/wp\/v2\/posts\/154915\/revisions\/154920"}],"wp:featuredmedia":[{"embeddable":true,"href":"https:\/\/www.tgrthaber.com\/mavikadin\/wp-json\/wp\/v2\/media\/154919"}],"wp:attachment":[{"href":"https:\/\/www.tgrthaber.com\/mavikadin\/wp-json\/wp\/v2\/media?parent=154915"}],"wp:term":[{"taxonomy":"category","embeddable":true,"href":"https:\/\/www.tgrthaber.com\/mavikadin\/wp-json\/wp\/v2\/categories?post=154915"},{"taxonomy":"post_tag","embeddable":true,"href":"https:\/\/www.tgrthaber.com\/mavikadin\/wp-json\/wp\/v2\/tags?post=154915"}],"curies":[{"name":"wp","href":"https:\/\/api.w.org\/{rel}","templated":true}]}}