{"id":154930,"date":"2025-03-30T22:09:35","date_gmt":"2025-03-30T19:09:35","guid":{"rendered":"https:\/\/www.tgrthaber.com\/mavikadin\/?p=154930"},"modified":"2025-03-30T22:25:30","modified_gmt":"2025-03-30T19:25:30","slug":"sakir-pasa-ailesi-12-bolum-ne-zaman-yayinlanacak-sakir-pasa-ailesi-neden-yok","status":"publish","type":"post","link":"https:\/\/www.tgrthaber.com\/mavikadin\/sakir-pasa-ailesi-12-bolum-ne-zaman-yayinlanacak-sakir-pasa-ailesi-neden-yok\/","title":{"rendered":"\u015eakir Pa\u015fa Ailesi 12. B\u00f6l\u00fcm ne zaman yay\u0131nlanacak? \u015eakir Pa\u015fa Ailesi neden yok?"},"content":{"rendered":"<p>\u015eakir Pa\u015fa Ailesi dizisi NOW kanal\u0131nda Pazar ak\u015famlar\u0131 saat 20:00\u2019da seyircisiyle bulu\u015fuyor. \u015eakir Pa\u015fa Ailesinin yeni b\u00f6l\u00fcm\u00fcn\u00fcn bu ak\u015fam yay\u0131nlan\u0131p yay\u0131nlanmayaca\u011f\u0131 ise seyirciler taraf\u0131ndan merak edilen konular aras\u0131nda yer al\u0131yor. Peki, \u015eakir Pa\u015fa ve Ailesi neden yok? NOW TV \u015eakir Pa\u015fa Ailesi 12. b\u00f6l\u00fcm 30 Mart 2025 g\u00fcn\u00fc yay\u0131nlanmayacak m\u0131? \u015eakir Pa\u015fa Ailesi 12. B\u00f6l\u00fcm ne zaman yay\u0131nlanacak?<\/p>\n<h3>\u015eAK\u0130R PA\u015eA A\u0130LES\u0130 NEDEN YOK?<\/h3>\n<p>Pazar ak\u015famlar\u0131n\u0131n vazge\u00e7ilmez dizilerinden olan \u015eakir Pa\u015fa Ailesi dizisi NOW kanal\u0131nda seyircisiyle bulu\u015fuyor. Dizinin merakla beklenen 12. B\u00f6l\u00fcm\u00fc yay\u0131nlanmay\u0131nca \u201c\u015eakir Pa\u015fa\u00a0 Ailesi neden yok? Sorusu aramalarda en \u00e7ok aranan sorular aras\u0131nda yer ald\u0131. Ramazan Bayram\u0131\u2019n\u0131n 1. G\u00fcn\u00fcne denk gelen \u015eakir Pa\u015fa Ailesi dizisi bu nedenden dolay\u0131 yeni b\u00f6l\u00fcm\u00fcn\u00fc yay\u0131nlamad\u0131. NOW kanal\u0131 dizinin tekrar b\u00f6l\u00fcm\u00fcn\u00fc seyirciyle bulu\u015fturdu.<\/p>\n<p><img loading=\"lazy\" decoding=\"async\" class=\"alignnone wp-image-154937\" src=\"https:\/\/www.tgrthaber.com\/mavikadin\/wp-content\/uploads\/sakir-pasa-ailesi-12.-bolum-300x154.jpg\" alt=\"\u015fakir pa\u015fa ailesi 12. b\u00f6l\u00fcm\" width=\"1208\" height=\"618\" title=\"\" srcset=\"https:\/\/www.tgrthaber.com\/mavikadin\/wp-content\/uploads\/sakir-pasa-ailesi-12.-bolum-300x154.jpg 300w, https:\/\/www.tgrthaber.com\/mavikadin\/wp-content\/uploads\/sakir-pasa-ailesi-12.-bolum-1024x524.jpg 1024w, https:\/\/www.tgrthaber.com\/mavikadin\/wp-content\/uploads\/sakir-pasa-ailesi-12.-bolum-768x393.jpg 768w, https:\/\/www.tgrthaber.com\/mavikadin\/wp-content\/uploads\/sakir-pasa-ailesi-12.-bolum-1536x786.jpg 1536w, https:\/\/www.tgrthaber.com\/mavikadin\/wp-content\/uploads\/sakir-pasa-ailesi-12.-bolum.jpg 1792w\" sizes=\"(max-width: 1208px) 100vw, 1208px\" \/><\/p>\n<hr \/>\n<h3>\u015eAK\u0130R PA\u015eA\u00a0 A\u0130LES\u0130 12. B\u00d6L\u00dcM NE ZAMAN YAYINLANACAK?<\/h3>\n<p>NOW tv ekranlar\u0131nda seyircisiyle bulu\u015fan yap\u0131m \u015eakir Pa\u015fa\u00a0 Ailesi dizisi Ramazan Bayram\u0131 sonras\u0131ndaki hafta ekranlara gelecek. \u015eakir Pa\u015fa Ailesi 6 Nisan Pazar ak\u015fam\u0131 saat 20:00\u2019da 12. B\u00f6l\u00fcm\u00fc ile seyircisinin kar\u015f\u0131s\u0131na \u00e7\u0131kacak.<\/p>\n<p><img loading=\"lazy\" decoding=\"async\" class=\"alignnone wp-image-154939\" src=\"https:\/\/www.tgrthaber.com\/mavikadin\/wp-content\/uploads\/sakir-pasa-ailesi-12.-bolum-fragmani-yayinlandi-300x169.jpg\" alt=\"\u015fakir pa\u015fa ailesi 12. b\u00f6l\u00fcm fragman\u0131 yay\u0131nland\u0131\" width=\"1208\" height=\"680\" title=\"\" srcset=\"https:\/\/www.tgrthaber.com\/mavikadin\/wp-content\/uploads\/sakir-pasa-ailesi-12.-bolum-fragmani-yayinlandi-300x169.jpg 300w, https:\/\/www.tgrthaber.com\/mavikadin\/wp-content\/uploads\/sakir-pasa-ailesi-12.-bolum-fragmani-yayinlandi-1024x576.jpg 1024w, https:\/\/www.tgrthaber.com\/mavikadin\/wp-content\/uploads\/sakir-pasa-ailesi-12.-bolum-fragmani-yayinlandi-768x432.jpg 768w, https:\/\/www.tgrthaber.com\/mavikadin\/wp-content\/uploads\/sakir-pasa-ailesi-12.-bolum-fragmani-yayinlandi-1536x864.jpg 1536w, https:\/\/www.tgrthaber.com\/mavikadin\/wp-content\/uploads\/sakir-pasa-ailesi-12.-bolum-fragmani-yayinlandi.jpg 1920w\" sizes=\"(max-width: 1208px) 100vw, 1208px\" \/><\/p>\n<hr \/>\n<h3>\u015eAK\u0130R PA\u015eA A\u0130LES\u0130 12. B\u00d6L\u00dcM FRAGMANI YAYINLANDI MI?<\/h3>\n<p>\u015eakir Pa\u015fa Ailesi 12. B\u00f6l\u00fcm\u00fcnde Rozali, \u015eakir Pa\u015fa\u2019n\u0131n \u00fcst kat\u0131na ta\u015f\u0131nacak. \u0130smet \u00fcst kata kimin ta\u015f\u0131nd\u0131\u011f\u0131n\u0131 \u00f6\u011frenmek i\u00e7in gizlice \u00f6\u011frenmek ister ama o s\u0131rada Rozali ile kar\u015f\u0131la\u015facak. Peki, Rozali\u2019nin \u00fcst kata ta\u015f\u0131nd\u0131\u011f\u0131n\u0131 \u00f6\u011frenen \u0130smet ne yapacak? \u015eakir Pa\u015fa\u2019n\u0131n tepkisi ne olacak? \u015eakir Pa\u015fa Ailesi\u2019nin yeni b\u00f6l\u00fcm\u00fcnde heyecan yine doruklarda olacak.<\/p>\n","protected":false},"excerpt":{"rendered":"<p>NOW kanal\u0131nda Pazar g\u00fcnleri ekrana gelen \u015eakir Pa\u015fa Ailesi, bu hafta var m\u0131 yok mu? \u015eakir Pa\u015fa Ailesi dizisinin hayranlar\u0131n\u0131n merak etti\u011fi sorulardan biri. Dizinin yeni b\u00f6l\u00fcm\u00fc Ramazan Bayram\u0131\u2019n\u0131n 1. G\u00fcn\u00fcne denk geldi\u011finden \u015eakir Pa\u015fa  Ailesi 30 Mart 2025 Pazar g\u00fcn\u00fc ekranlara gelmeyecek. <\/p>\n","protected":false},"author":10,"featured_media":154938,"comment_status":"closed","ping_status":"closed","sticky":false,"template":"","format":"standard","meta":{"rank_math_lock_modified_date":false,"footnotes":""},"categories":[602],"tags":[2628,10390,2324,16090,16089],"class_list":["post-154930","post","type-post","status-publish","format-standard","has-post-thumbnail","hentry","category-diziler","tag-dizi-haberleri","tag-dizi-magazin","tag-sakir-pasa-ailesi","tag-sakir-pasa-ailesi-12-bolum-fragmani","tag-sakir-pasa-ailesi-30-mart-2025"],"_links":{"self":[{"href":"https:\/\/www.tgrthaber.com\/mavikadin\/wp-json\/wp\/v2\/posts\/154930"}],"collection":[{"href":"https:\/\/www.tgrthaber.com\/mavikadin\/wp-json\/wp\/v2\/posts"}],"about":[{"href":"https:\/\/www.tgrthaber.com\/mavikadin\/wp-json\/wp\/v2\/types\/post"}],"author":[{"embeddable":true,"href":"https:\/\/www.tgrthaber.com\/mavikadin\/wp-json\/wp\/v2\/users\/10"}],"replies":[{"embeddable":true,"href":"https:\/\/www.tgrthaber.com\/mavikadin\/wp-json\/wp\/v2\/comments?post=154930"}],"version-history":[{"count":2,"href":"https:\/\/www.tgrthaber.com\/mavikadin\/wp-json\/wp\/v2\/posts\/154930\/revisions"}],"predecessor-version":[{"id":154948,"href":"https:\/\/www.tgrthaber.com\/mavikadin\/wp-json\/wp\/v2\/posts\/154930\/revisions\/154948"}],"wp:featuredmedia":[{"embeddable":true,"href":"https:\/\/www.tgrthaber.com\/mavikadin\/wp-json\/wp\/v2\/media\/154938"}],"wp:attachment":[{"href":"https:\/\/www.tgrthaber.com\/mavikadin\/wp-json\/wp\/v2\/media?parent=154930"}],"wp:term":[{"taxonomy":"category","embeddable":true,"href":"https:\/\/www.tgrthaber.com\/mavikadin\/wp-json\/wp\/v2\/categories?post=154930"},{"taxonomy":"post_tag","embeddable":true,"href":"https:\/\/www.tgrthaber.com\/mavikadin\/wp-json\/wp\/v2\/tags?post=154930"}],"curies":[{"name":"wp","href":"https:\/\/api.w.org\/{rel}","templated":true}]}}