{"id":154965,"date":"2025-03-30T23:43:36","date_gmt":"2025-03-30T20:43:36","guid":{"rendered":"https:\/\/www.tgrthaber.com\/mavikadin\/?p=154965"},"modified":"2025-03-30T23:43:36","modified_gmt":"2025-03-30T20:43:36","slug":"sarkilar-bizi-soyler-konuklari-kimler-sarkilar-bizi-soyler-hangi-kanalda","status":"publish","type":"post","link":"https:\/\/www.tgrthaber.com\/mavikadin\/sarkilar-bizi-soyler-konuklari-kimler-sarkilar-bizi-soyler-hangi-kanalda\/","title":{"rendered":"\u015eark\u0131lar Bizi S\u00f6yler konuklar\u0131 kimler? \u015eark\u0131lar Bizi S\u00f6yler hangi kanalda?"},"content":{"rendered":"<p>Ramazan Bayram\u0131\u2019n\u0131n ilk gecesinde ekran ba\u015f\u0131ndaki izleyicilere kap\u0131lar\u0131n\u0131 aralayan \u015eark\u0131lar Bizi S\u00f6yler, Kanal D\u2019de bayram\u0131n ruhuna yak\u0131\u015fan m\u00fczik dolu bir atmosfer sunuyor. Renkli sahnesi, \u00f6zenle se\u00e7ilmi\u015f repertuvar\u0131 ve ge\u00e7mi\u015ften g\u00fcn\u00fcm\u00fcze damga vurmu\u015f \u015fark\u0131larla bezenmi\u015f i\u00e7eri\u011fiyle program, adeta nostaljiyle harmanlanm\u0131\u015f bir m\u00fczik \u015f\u00f6leni vadediyor. T\u00fcrk m\u00fczi\u011finin \u00fc\u00e7 dev ismi Sibel Can, Hakan Altun ve H\u00fcsn\u00fc \u015eenlendirici\u2019nin g\u00fc\u00e7l\u00fc yorumlar\u0131 e\u015fli\u011finde ger\u00e7ekle\u015fen bu \u00f6zel yay\u0131n, bayram co\u015fkusunu ekranlara ta\u015f\u0131man\u0131n \u00f6tesinde; duygular\u0131 harekete ge\u00e7iren, g\u00f6n\u00fcllere dokunan bir m\u00fczik yolculu\u011fu sunuyor. Arabeskten t\u00fcrk\u00fclere, oyun havalar\u0131ndan sanat m\u00fczi\u011fine kadar uzanan geni\u015f yelpazesiyle program, hem ge\u00e7mi\u015fin \u00f6zlemini gideriyor hem de bayram gecesini unutulmaz k\u0131l\u0131yor.<\/p>\n<h3>M\u00dcZ\u0130\u011e\u0130N \u00dc\u00c7 DEV \u0130SM\u0130 EKRANDA BULU\u015eUYOR<\/h3>\n<p>Bayram gecesini unutulmaz hale getiren bu \u00f6zel b\u00f6l\u00fcmde, ekran ba\u015f\u0131ndaki izleyiciler Sibel Can\u2019\u0131n kadife sesiyle mest olurken, Hakan Altun\u2019un duygusal yorumlar\u0131 ve H\u00fcsn\u00fc \u015eenlendirici\u2019nin klarneti e\u015fli\u011finde tam anlam\u0131yla bir m\u00fczik ziyafeti ya\u015f\u0131yor. Program\u0131n st\u00fcdyosunda hem nostaljik hem e\u011flenceli anlar ard\u0131 ard\u0131na ya\u015fan\u0131yor.<\/p>\n<p><img loading=\"lazy\" decoding=\"async\" class=\"alignnone wp-image-154970 \" src=\"https:\/\/www.tgrthaber.com\/mavikadin\/wp-content\/uploads\/625ade2586b24a150888a04a.webp\" alt=\"\" width=\"843\" height=\"473\" title=\"\" srcset=\"https:\/\/www.tgrthaber.com\/mavikadin\/wp-content\/uploads\/625ade2586b24a150888a04a.webp 731w, https:\/\/www.tgrthaber.com\/mavikadin\/wp-content\/uploads\/625ade2586b24a150888a04a-300x168.webp 300w\" sizes=\"(max-width: 843px) 100vw, 843px\" \/><\/p>\n<hr \/>\n<h3>\u015eARKILAR B\u0130Z\u0130 S\u00d6YLER KONUKLARI K\u0130MLER?<\/h3>\n<p>Bayram \u00f6zel b\u00f6l\u00fcm\u00fc, sadece sunucular\u0131n performanslar\u0131yla de\u011fil, ayn\u0131 zamanda ge\u00e7mi\u015fin unutulmayan konuklar\u0131n\u0131 tekrar izleyiciyle bulu\u015fturmas\u0131yla da dikkat \u00e7ekiyor.<\/p>\n<p>Arabesk m\u00fczi\u011fin g\u00fc\u00e7l\u00fc sesi Mahmut Tuncer, duayen sanat\u00e7\u0131 Mustafa Keser, T\u00fcrk halk m\u00fczi\u011finin sevilen yorumcular\u0131 Fatih K\u0131saparmak ve \u015eebnem K\u0131saparmak, sahnedeki enerjileriyle ekran ba\u015f\u0131ndaki izleyicilere adeta bir konser atmosferi ya\u015fat\u0131yor. Ayr\u0131ca Latif Do\u011fan, \u00d6zg\u00fcr Can ve m\u00fczi\u011fin \u2018diva\u2019s\u0131 B\u00fclent Ersoy\u2019un ge\u00e7mi\u015f b\u00f6l\u00fcmlerden al\u0131nan performanslar\u0131 da ekranlara renk kat\u0131yor.<\/p>\n<h3>T\u00dcRK\u00dcLERDEN SANAT M\u00dcZ\u0130\u011e\u0130NE, OYUN HAVALARINDAN ARABESKE BU GECEDE<\/h3>\n<p>Program boyunca T\u00fcrk sanat m\u00fczi\u011finden arabeske, y\u00f6resel t\u00fcrk\u00fclerden hareketli oyun havalar\u0131na kadar her m\u00fczik t\u00fcr\u00fcne yer veriliyor. Seyirci hem efkar\u0131n\u0131 da\u011f\u0131t\u0131yor, hem de ekran ba\u015f\u0131nda oynay\u0131p e\u011fleniyor. Bu y\u00f6n\u00fcyle \u015eark\u0131lar Bizi S\u00f6yler, bayram gecesini adeta bir m\u00fczik festivaline d\u00f6n\u00fc\u015ft\u00fcr\u00fcyor.<\/p>\n<h3><img loading=\"lazy\" decoding=\"async\" class=\"alignnone wp-image-154972 \" src=\"https:\/\/www.tgrthaber.com\/mavikadin\/wp-content\/uploads\/kapak_130120.jpg\" alt=\"\" width=\"831\" height=\"492\" title=\"\" srcset=\"https:\/\/www.tgrthaber.com\/mavikadin\/wp-content\/uploads\/kapak_130120.jpg 760w, https:\/\/www.tgrthaber.com\/mavikadin\/wp-content\/uploads\/kapak_130120-300x178.jpg 300w\" sizes=\"(max-width: 831px) 100vw, 831px\" \/><\/h3>\n<hr \/>\n<h3>\u015eARKILAR B\u0130Z\u0130 S\u00d6YLER HANG\u0130 KANALDA?<\/h3>\n<p>Yap\u0131mc\u0131l\u0131\u011f\u0131n\u0131 Poll Production by Polat Ya\u011fc\u0131\u2019n\u0131n \u00fcstlendi\u011fi program, 30 Mart 2025 Pazar ak\u015fam\u0131 itibar\u0131yla saat 20.00\u2019de ba\u015flayan yay\u0131n\u0131yla Kanal D ekranlar\u0131nda yerini ald\u0131. Bu gece m\u00fczikle co\u015fmak, nostaljiyle duygulanmak isteyen herkes i\u00e7in \u015eark\u0131lar Bizi S\u00f6yler ka\u00e7\u0131r\u0131lmayacak bir se\u00e7enek olarak \u00f6ne \u00e7\u0131k\u0131yor.<\/p>\n","protected":false},"excerpt":{"rendered":"<p>Bayram ak\u015famlar\u0131n\u0131 m\u00fczikle ta\u00e7land\u0131ran ve her b\u00f6l\u00fcm\u00fcyle izleyiciden tam not alan \u015eark\u0131lar Bizi S\u00f6yler, bu kez Ramazan Bayram\u0131\u2019na \u00f6zel haz\u0131rlanan dopdolu i\u00e7eri\u011fiyle ekranlara geliyor. T\u00fcrk m\u00fczi\u011finin sevilen isimlerini ayn\u0131 sahnede bulu\u015fturan program\u0131n, hem konuklar\u0131 hem de hangi kanalda yay\u0131nlanaca\u011f\u0131 merak konusu oldu. Her bayramda oldu\u011fu gibi bu y\u0131l da nostalji dolu anlar, duygusal \u015fark\u0131lar ve co\u015fkulu performanslar izleyenleri bekliyor.<\/p>\n","protected":false},"author":35,"featured_media":154966,"comment_status":"closed","ping_status":"closed","sticky":false,"template":"","format":"standard","meta":{"rank_math_lock_modified_date":false,"footnotes":""},"categories":[101],"tags":[16097,7330,16094,16095,16096,2810],"class_list":["post-154965","post","type-post","status-publish","format-standard","has-post-thumbnail","hentry","category-kesfet","tag-hakan-altun","tag-husnu-senlendirici","tag-sarkilar-bizi-soyler","tag-sarkilar-bizi-soyler-hangi-kanalda","tag-sarkilar-bizi-soyler-konuklari","tag-sibel-can"],"_links":{"self":[{"href":"https:\/\/www.tgrthaber.com\/mavikadin\/wp-json\/wp\/v2\/posts\/154965"}],"collection":[{"href":"https:\/\/www.tgrthaber.com\/mavikadin\/wp-json\/wp\/v2\/posts"}],"about":[{"href":"https:\/\/www.tgrthaber.com\/mavikadin\/wp-json\/wp\/v2\/types\/post"}],"author":[{"embeddable":true,"href":"https:\/\/www.tgrthaber.com\/mavikadin\/wp-json\/wp\/v2\/users\/35"}],"replies":[{"embeddable":true,"href":"https:\/\/www.tgrthaber.com\/mavikadin\/wp-json\/wp\/v2\/comments?post=154965"}],"version-history":[{"count":2,"href":"https:\/\/www.tgrthaber.com\/mavikadin\/wp-json\/wp\/v2\/posts\/154965\/revisions"}],"predecessor-version":[{"id":154974,"href":"https:\/\/www.tgrthaber.com\/mavikadin\/wp-json\/wp\/v2\/posts\/154965\/revisions\/154974"}],"wp:featuredmedia":[{"embeddable":true,"href":"https:\/\/www.tgrthaber.com\/mavikadin\/wp-json\/wp\/v2\/media\/154966"}],"wp:attachment":[{"href":"https:\/\/www.tgrthaber.com\/mavikadin\/wp-json\/wp\/v2\/media?parent=154965"}],"wp:term":[{"taxonomy":"category","embeddable":true,"href":"https:\/\/www.tgrthaber.com\/mavikadin\/wp-json\/wp\/v2\/categories?post=154965"},{"taxonomy":"post_tag","embeddable":true,"href":"https:\/\/www.tgrthaber.com\/mavikadin\/wp-json\/wp\/v2\/tags?post=154965"}],"curies":[{"name":"wp","href":"https:\/\/api.w.org\/{rel}","templated":true}]}}