{"id":154980,"date":"2025-03-31T00:31:10","date_gmt":"2025-03-30T21:31:10","guid":{"rendered":"https:\/\/www.tgrthaber.com\/mavikadin\/?p=154980"},"modified":"2025-03-31T00:31:11","modified_gmt":"2025-03-30T21:31:11","slug":"shogun-filminin-efsane-ismi-oldu-abdnin-unlu-oyuncusu-richard-chamberlain-vefat-etti","status":"publish","type":"post","link":"https:\/\/www.tgrthaber.com\/mavikadin\/shogun-filminin-efsane-ismi-oldu-abdnin-unlu-oyuncusu-richard-chamberlain-vefat-etti\/","title":{"rendered":"Shogun filminin efsane ismi \u00f6ld\u00fc! ABD\u2019n\u0131n \u00fcnl\u00fc oyuncusu Richard Chamberlain vefat etti!"},"content":{"rendered":"<p>Bir d\u00f6nemin efsane yap\u0131mlar\u0131ndan olan Shogun filmiyle ad\u0131n\u0131 duyuran usta oyuncu Richard Chamberlain 90 ya\u015f\u0131nda hayat\u0131na g\u00f6zlerine yumdu. Hawaii\u2019de ge\u00e7irdi\u011fi fel\u00e7 sonucu hastaneye kald\u0131r\u0131lan \u00fcnl\u00fc akt\u00f6r, yap\u0131lan t\u00fcm m\u00fcdahalelere ra\u011fmen kurtulamad\u0131. 31 Mart 1934 do\u011fumlu \u00fcnl\u00fc ABD\u2019l\u0131 oyuncu Richard Chamberlain, iki g\u00fcn sonra 91 ya\u015f\u0131na girecekti.<\/p>\n<h3>S\u0130NEMA D\u00dcNYASI USTASI \u0130SM\u0130 KAYBETT\u0130!<\/h3>\n<p>Julius Caesar, \u00dc\u00e7 Silah\u015f\u00f6rler ve Cehennem Kulesi filmlerinde de rol alan Kore Sava\u015f\u0131 gazisi, Richard Chamberlain, Hawaii\u2019de beklenmedik bir anda fel\u00e7 ge\u00e7irdi. Hastaneye g\u00f6t\u00fcr\u00fclen usta oyuncu fel\u00e7 ge\u00e7irdikten sonra ya\u015fan\u0131lan komplikasyonlar sonucunda yap\u0131lan t\u00fcm m\u00fcdahalelere ra\u011fmen kurtar\u0131lamad\u0131. 90 ya\u015f\u0131nda hayata veda eden usta oyuncunun \u00f6l\u00fcm haberi sinema d\u00fcnyas\u0131n\u0131 yasa bo\u011fdu.<\/p>\n<p><img loading=\"lazy\" decoding=\"async\" class=\"alignnone wp-image-154986\" src=\"https:\/\/www.tgrthaber.com\/mavikadin\/wp-content\/uploads\/Richard-Chamberlain-oldu-300x169.jpg\" alt=\"Richard Chamberlain \u00f6ld\u00fc\" width=\"1208\" height=\"680\" title=\"\" srcset=\"https:\/\/www.tgrthaber.com\/mavikadin\/wp-content\/uploads\/Richard-Chamberlain-oldu-300x169.jpg 300w, https:\/\/www.tgrthaber.com\/mavikadin\/wp-content\/uploads\/Richard-Chamberlain-oldu-1024x576.jpg 1024w, https:\/\/www.tgrthaber.com\/mavikadin\/wp-content\/uploads\/Richard-Chamberlain-oldu-768x432.jpg 768w, https:\/\/www.tgrthaber.com\/mavikadin\/wp-content\/uploads\/Richard-Chamberlain-oldu-1536x864.jpg 1536w, https:\/\/www.tgrthaber.com\/mavikadin\/wp-content\/uploads\/Richard-Chamberlain-oldu.jpg 1920w\" sizes=\"(max-width: 1208px) 100vw, 1208px\" \/><\/p>\n<hr \/>\n<h3>USTA OYUNCUNUN DOSTLARINDAN VEDA MESAJI<\/h3>\n<p>Martin Rabbett, Deadline.com&#8217;a yapt\u0131\u011f\u0131 a\u00e7\u0131klamas\u0131nda , &#8220;Sevgili Richard art\u0131k meleklerle birlikte. O \u00f6zg\u00fcr ve bizden \u00f6nceki sevdiklerine do\u011fru y\u00fckseliyor. B\u00f6ylesine muhte\u015fem ve sevgi dolu bir ruhu tan\u0131m\u0131\u015f olmak ne kadar da b\u00fcy\u00fck bir l\u00fctuftu. Sevgi asla \u00f6lmez. Ve sevgimiz onun kanatlar\u0131n\u0131n alt\u0131nda onu bir sonraki b\u00fcy\u00fck maceras\u0131na ta\u015f\u0131yor.&#8221; s\u00f6zlerine yer verdi.<\/p>\n<p><img loading=\"lazy\" decoding=\"async\" class=\"alignnone wp-image-154987\" src=\"https:\/\/www.tgrthaber.com\/mavikadin\/wp-content\/uploads\/Richard-Chamberlain-kimdir-300x169.jpg\" alt=\"Richard Chamberlain, kimdir\" width=\"1208\" height=\"680\" title=\"\" srcset=\"https:\/\/www.tgrthaber.com\/mavikadin\/wp-content\/uploads\/Richard-Chamberlain-kimdir-300x169.jpg 300w, https:\/\/www.tgrthaber.com\/mavikadin\/wp-content\/uploads\/Richard-Chamberlain-kimdir-1024x576.jpg 1024w, https:\/\/www.tgrthaber.com\/mavikadin\/wp-content\/uploads\/Richard-Chamberlain-kimdir-768x432.jpg 768w, https:\/\/www.tgrthaber.com\/mavikadin\/wp-content\/uploads\/Richard-Chamberlain-kimdir-1536x864.jpg 1536w, https:\/\/www.tgrthaber.com\/mavikadin\/wp-content\/uploads\/Richard-Chamberlain-kimdir.jpg 1920w\" sizes=\"(max-width: 1208px) 100vw, 1208px\" \/><\/p>\n<hr \/>\n<h3>R\u0130CHARD CHAMBERLA\u0130N K\u0130MD\u0130R?<\/h3>\n<p>1934&#8217;te Los Angeles&#8217;ta do\u011fan Chamberlain, Pomona College&#8217;da okurken oyunculu\u011fa ilk ad\u0131m\u0131n\u0131 att\u0131. Chamberlain&#8217;in resmi internet sitesine g\u00f6re, George Bernard Shaw&#8217;un Arms and the Man filminde Kaptan Bluntschli rol\u00fcnde yer alarak profesyonel oyunculu\u011fa y\u00f6neldi.<\/p>\n<p>ABD Ordusunda Kore Sava\u015f\u0131 i\u00e7in 16 ay g\u00f6rev yapt\u0131ktan sonra Chamberlain Los Angeles&#8217;a d\u00f6nd\u00fc ve kendi tiyatro grubunu kurdu. Televizyondaki ilk \u00e7\u0131k\u0131\u015f\u0131n\u0131 1959&#8217;da Alfred Hitchcock Presents&#8217;ta konuk oyuncu olarak yapt\u0131.<\/p>\n<p>1960 y\u0131l\u0131nda ilk uzun metraj filmi The Secret of the Purple Reef&#8217;te rol ald\u0131. Chamberlain&#8217;in \u00e7\u0131k\u0131\u015f rol\u00fc, 1961&#8217;den 1966&#8217;ya kadar NBC&#8217;de yay\u0131nlanan Dr. Kildare adl\u0131 televizyon dizisindeki ba\u015f karakterdi. 1963&#8217;te Kildare rol\u00fcyle En \u0130yi Erkek TV Y\u0131ld\u0131z\u0131 dal\u0131nda Alt\u0131n K\u00fcre kazand\u0131.<\/p>\n<p>2000&#8217;li y\u0131llar\u0131n ba\u015f\u0131nda Chamberlain, Nip\/Tuck ve Desperate Housewives gibi bir\u00e7ok dizide konuk oyuncu olarak yer ald\u0131.<\/p>\n","protected":false},"excerpt":{"rendered":"<p>\u00dc\u00e7 kez Alt\u0131n K\u00fcre \u00f6d\u00fcl\u00fc kazanan Richard Chamberlain \u00f6ld\u00fc. Usta oyuncunun \u00f6l\u00fcm haberini Dr. Kildare&#8217;nin halkla ili\u015fkiler sorumlusu Harlan Boll, CNN&#8217;e yapt\u0131\u011f\u0131 a\u00e7\u0131klamada, Dr. Kildare ikonunun cumartesi g\u00fcn\u00fc Hawaii&#8217;de ge\u00e7irdi\u011fi fel\u00e7 sonucu hayat\u0131n\u0131 kaybetti\u011fini s\u00f6yledi. <\/p>\n","protected":false},"author":10,"featured_media":154989,"comment_status":"closed","ping_status":"closed","sticky":false,"template":"","format":"standard","meta":{"rank_math_lock_modified_date":false,"footnotes":""},"categories":[76],"tags":[133,2218,16105,16106],"class_list":["post-154980","post","type-post","status-publish","format-standard","has-post-thumbnail","hentry","category-magazin","tag-magazin","tag-magazin-haberleri","tag-richard-chamberlain","tag-richard-chamberlain-oldu"],"_links":{"self":[{"href":"https:\/\/www.tgrthaber.com\/mavikadin\/wp-json\/wp\/v2\/posts\/154980"}],"collection":[{"href":"https:\/\/www.tgrthaber.com\/mavikadin\/wp-json\/wp\/v2\/posts"}],"about":[{"href":"https:\/\/www.tgrthaber.com\/mavikadin\/wp-json\/wp\/v2\/types\/post"}],"author":[{"embeddable":true,"href":"https:\/\/www.tgrthaber.com\/mavikadin\/wp-json\/wp\/v2\/users\/10"}],"replies":[{"embeddable":true,"href":"https:\/\/www.tgrthaber.com\/mavikadin\/wp-json\/wp\/v2\/comments?post=154980"}],"version-history":[{"count":1,"href":"https:\/\/www.tgrthaber.com\/mavikadin\/wp-json\/wp\/v2\/posts\/154980\/revisions"}],"predecessor-version":[{"id":154990,"href":"https:\/\/www.tgrthaber.com\/mavikadin\/wp-json\/wp\/v2\/posts\/154980\/revisions\/154990"}],"wp:featuredmedia":[{"embeddable":true,"href":"https:\/\/www.tgrthaber.com\/mavikadin\/wp-json\/wp\/v2\/media\/154989"}],"wp:attachment":[{"href":"https:\/\/www.tgrthaber.com\/mavikadin\/wp-json\/wp\/v2\/media?parent=154980"}],"wp:term":[{"taxonomy":"category","embeddable":true,"href":"https:\/\/www.tgrthaber.com\/mavikadin\/wp-json\/wp\/v2\/categories?post=154980"},{"taxonomy":"post_tag","embeddable":true,"href":"https:\/\/www.tgrthaber.com\/mavikadin\/wp-json\/wp\/v2\/tags?post=154980"}],"curies":[{"name":"wp","href":"https:\/\/api.w.org\/{rel}","templated":true}]}}