{"id":154982,"date":"2025-03-31T00:34:34","date_gmt":"2025-03-30T21:34:34","guid":{"rendered":"https:\/\/www.tgrthaber.com\/mavikadin\/?p=154982"},"modified":"2025-09-12T15:38:59","modified_gmt":"2025-09-12T12:38:59","slug":"tuzlu-sumakli-erik-sezonu-acildi-bagirsaklarin-akaryakiti","status":"publish","type":"post","link":"https:\/\/www.tgrthaber.com\/mavikadin\/tuzlu-sumakli-erik-sezonu-acildi-bagirsaklarin-akaryakiti\/","title":{"rendered":"Tuzlu sumakl\u0131 erik sezonu a\u00e7\u0131ld\u0131! Ba\u011f\u0131rsaklar\u0131n akaryak\u0131t\u0131"},"content":{"rendered":"<p>Mevsim bahara d\u00f6nd\u00fc, do\u011fa canland\u0131 ve onunla birlikte sokak k\u00f6\u015felerinden tan\u0131d\u0131k bir lezzetin kokusu yay\u0131lmaya ba\u015flad\u0131: Tuzlu sumakl\u0131 erik sezonu resmen a\u00e7\u0131ld\u0131! Ek\u015fi tad\u0131yla y\u00fcz buru\u015fturan ama ard\u0131ndan gelen suma\u011f\u0131n o e\u015fsiz aromas\u0131yla g\u00f6n\u00fcl alan, tuzun dengeleyici dokunu\u015fuyla dama\u011f\u0131 sarho\u015f eden bu nostaljik at\u0131\u015ft\u0131rmal\u0131k, yaln\u0131zca \u00e7ocukluk an\u0131lar\u0131n\u0131 de\u011fil, ayn\u0131 zamanda sindirim sisteminin ta kendisini de harekete ge\u00e7iriyor. Halk aras\u0131nda bo\u015funa \u2018ba\u011f\u0131rsaklar\u0131n akaryak\u0131t\u0131\u2019 denmiyor; \u00e7\u00fcnk\u00fc lif a\u00e7\u0131s\u0131ndan zengin i\u00e7eri\u011fiyle bu minik ye\u015fil mucize, v\u00fccudu i\u00e7ten d\u0131\u015fa temizliyor, hafiflik ve enerji kazand\u0131r\u0131yor. \u00dcstelik modern detoks y\u00f6ntemlerine kafa tutarcas\u0131na tamamen do\u011fal olu\u015fuyla, hem eskiye \u00f6zlem duyanlar\u0131n hem de sa\u011fl\u0131kl\u0131 ya\u015fam tutkunlar\u0131n\u0131n g\u00f6zdesi olmay\u0131 s\u00fcrd\u00fcr\u00fcyor.<\/p>\n<h3>&#8220;DETOKS&#8221; MU DED\u0130N\u0130Z? BUYURUN S\u0130ZE DO\u011eAL OLANINDAN!<\/h3>\n<p>Erik, i\u00e7erdi\u011fi y\u00fcksek lif oran\u0131yla sindirim sistemini harekete ge\u00e7iriyor. \u00d6zellikle ba\u011f\u0131rsaklar \u00fczerinde ciddi anlamda d\u00fczenleyici etkisi var; uzun s\u00fcredir ya\u015fanan tembellik ya da \u015fi\u015fkinlik hissine birebir.<\/p>\n<p><img loading=\"lazy\" decoding=\"async\" class=\"alignnone wp-image-154991 \" src=\"https:\/\/www.tgrthaber.com\/mavikadin\/wp-content\/uploads\/FB_IMG_1460028675973.jpg\" alt=\"\" width=\"847\" height=\"623\" title=\"\" srcset=\"https:\/\/www.tgrthaber.com\/mavikadin\/wp-content\/uploads\/FB_IMG_1460028675973.jpg 734w, https:\/\/www.tgrthaber.com\/mavikadin\/wp-content\/uploads\/FB_IMG_1460028675973-300x221.jpg 300w\" sizes=\"(max-width: 847px) 100vw, 847px\" \/><\/p>\n<hr \/>\n<p>Sumak ise bu \u00fc\u00e7l\u00fc i\u00e7inde adeta koruyucu melek g\u00f6revinde. Antibakteriyel \u00f6zellikleri sayesinde mideyi zararl\u0131 bakterilerden koruyor, sindirim s\u00fcrecini rahatlat\u0131yor ve ba\u011f\u0131\u015f\u0131kl\u0131k sistemine katk\u0131 sa\u011fl\u0131yor. Tuz ise yerinde ve \u00f6l\u00e7\u00fcl\u00fc kullan\u0131ld\u0131\u011f\u0131nda sindirim enzimlerinin daha iyi \u00e7al\u0131\u015fmas\u0131na yard\u0131mc\u0131 oluyor. Ancak tabii ki fazlas\u0131 zarar; o y\u00fczden karar\u0131nda olmas\u0131 \u00e7ok \u00f6nemli. Bu \u00fc\u00e7 malzeme bir araya geldi\u011finde, sadece dama\u011f\u0131m\u0131za de\u011fil, v\u00fccudumuza da iyi gelen g\u00fc\u00e7l\u00fc bir etki yarat\u0131yor. Yani tuzlu sumakl\u0131 erik, d\u00fc\u015f\u00fcnd\u00fc\u011f\u00fcnden \u00e7ok daha fazlas\u0131!<\/p>\n<h3>EK\u015e\u0130 SEVENLER BU LEZZETE BAYILACAK<\/h3>\n<p>\u00d6zellikle diyet yapanlar veya sa\u011fl\u0131kl\u0131 beslenmeye dikkat edenler i\u00e7in tuzlu sumakl\u0131 erik, zarars\u0131z bir at\u0131\u015ft\u0131rmal\u0131k alternatifi sunuyor. \u015eekerli ve i\u015flenmi\u015f g\u0131dalardan uzak durmak isteyen pek \u00e7ok ki\u015fi, bu do\u011fal lezzetle hem tatl\u0131 krizlerini bast\u0131r\u0131yor hem de tok kalma s\u00fcresini uzat\u0131yor.<\/p>\n<p><img loading=\"lazy\" decoding=\"async\" class=\"alignnone wp-image-154992 \" src=\"https:\/\/www.tgrthaber.com\/mavikadin\/wp-content\/uploads\/5cf1100b18c77304fcd5cbc6.webp\" alt=\"\" width=\"892\" height=\"594\" title=\"\" srcset=\"https:\/\/www.tgrthaber.com\/mavikadin\/wp-content\/uploads\/5cf1100b18c77304fcd5cbc6.webp 620w, https:\/\/www.tgrthaber.com\/mavikadin\/wp-content\/uploads\/5cf1100b18c77304fcd5cbc6-300x200.webp 300w\" sizes=\"(max-width: 892px) 100vw, 892px\" \/><\/p>\n<hr \/>\n<p>Uzmanlar, ek\u015fi tatlar\u0131n i\u015ftah bast\u0131r\u0131c\u0131 etkisinin alt\u0131n\u0131 \u00e7izerken, bir avu\u00e7 tuzlu sumakl\u0131 eri\u011fin g\u00fcn i\u00e7inde ani a\u00e7l\u0131k hissini bast\u0131rmak i\u00e7in yeterli oldu\u011funu s\u00f6yl\u00fcyor. D\u00fc\u015f\u00fck kalorili yap\u0131s\u0131yla hem mideye hem forma dost olan bu meyve, \u00f6zellikle spor yapanlar ve sa\u011fl\u0131kl\u0131 beslenme rutini olanlar aras\u0131nda giderek daha fazla tercih ediliyor.<\/p>\n<h3>TUZLU SUMAKLI ER\u0130K SEZONU A\u00c7ILDI<\/h3>\n<p>Geleneksel sokak lezzetlerinden biri olan tuzlu sumakl\u0131 erik, son y\u0131llarda dijital d\u00fcnyan\u0131n da dikkatini \u00e7ekmi\u015f durumda. TikTok ve Instagram gibi platformlarda binlerce kullan\u0131c\u0131 bu lezzeti kendi tarifleriyle yorumluyor. Kimi limon ekliyor, kimi pul biberle biraz daha ac\u0131la\u015ft\u0131r\u0131yor.<\/p>\n<p>Bu pop\u00fclerlik, \u00f6zellikle gen\u00e7ler aras\u0131nda eri\u011fe olan ilgiyi art\u0131r\u0131rken, baz\u0131 tezg\u00e2h sahipleri de daha farkl\u0131 sunumlarla \u00fcr\u00fcnlerini \u00e7e\u015fitlendirmeye ba\u015flad\u0131. Sokak sat\u0131c\u0131lar\u0131n\u0131n yan\u0131 s\u0131ra, baz\u0131 gurme kafeler bile men\u00fclerine tuzlu sumakl\u0131 erik eklemeye ba\u015flad\u0131. Bu da, bir zamanlar\u0131n nostaljik at\u0131\u015ft\u0131rmal\u0131\u011f\u0131n\u0131n g\u00fcn\u00fcm\u00fczde modern bir trend haline geldi\u011fini g\u00f6steriyor.<\/p>\n<p><img loading=\"lazy\" decoding=\"async\" class=\"alignnone wp-image-154993 \" src=\"https:\/\/www.tgrthaber.com\/mavikadin\/wp-content\/uploads\/i-14.webp\" alt=\"\" width=\"835\" height=\"598\" title=\"\" srcset=\"https:\/\/www.tgrthaber.com\/mavikadin\/wp-content\/uploads\/i-14.webp 447w, https:\/\/www.tgrthaber.com\/mavikadin\/wp-content\/uploads\/i-14-300x215.webp 300w\" sizes=\"(max-width: 835px) 100vw, 835px\" \/><\/p>\n<hr \/>\n<h3>SATIN ALIRKEN NELERE D\u0130KKAT ED\u0130LMEL\u0130?<\/h3>\n<p>Lezzetli oldu\u011fu kadar dikkatle se\u00e7ilmesi gereken bu at\u0131\u015ft\u0131rmal\u0131k i\u00e7in baz\u0131 uyar\u0131lar da mevcut. G\u0131da uzmanlar\u0131, tuzlu sumakl\u0131 erik al\u0131rken \u00f6zellikle \u00fcr\u00fcn\u00fcn tazeli\u011fine dikkat edilmesi gerekti\u011fini belirtiyor.<\/p>\n<p>Eri\u011fin sert ve canl\u0131 ye\u015fil renkte olmas\u0131, sumak tozunun ise katk\u0131s\u0131z ve do\u011fal olmas\u0131na \u00f6zen g\u00f6sterilmeli. Fazla tuz kullan\u0131m\u0131 hem tad\u0131 bozabilir hem de sa\u011fl\u0131k a\u00e7\u0131s\u0131ndan olumsuz etkilere yol a\u00e7abilir. Bu nedenle g\u00fcvendi\u011finiz sat\u0131c\u0131lardan, m\u00fcmk\u00fcnse g\u00fcnl\u00fck haz\u0131rlanm\u0131\u015f porsiyonlar\u0131 tercih etmek en sa\u011fl\u0131kl\u0131s\u0131.<\/p>\n<p>Tuzlu sumakl\u0131 erik, sadece bir at\u0131\u015ft\u0131rmal\u0131k de\u011fil; \u00e7ocukluk an\u0131lar\u0131m\u0131zdan bug\u00fcne ta\u015f\u0131nan, hem nostaljik hem de sa\u011fl\u0131kl\u0131 bir lezzet miras\u0131. Bahar\u0131n geli\u015fiyle birlikte yeniden tezg\u00e2hlarda yerini alan bu ek\u015fi tat, ba\u011f\u0131rsa\u011f\u0131n\u0131 rahatlatmak, formunu korumak ya da sadece ge\u00e7mi\u015fe tatl\u0131 bir yolculuk yapmak isteyenler i\u00e7in birebir.<\/p>\n","protected":false},"excerpt":{"rendered":"<p>Bahar\u0131n tazeli\u011fiyle birlikte sokaklar\u0131n vazge\u00e7ilmez lezzeti tuzlu sumakl\u0131 erik sezonu a\u00e7\u0131ld\u0131. Hem ek\u015fi-tuzlu aromas\u0131yla damaklar\u0131 mest eden hem de lif ve antioksidan zenginli\u011fiyle ba\u011f\u0131rsaklar\u0131 adeta akaryak\u0131t gibi \u00e7al\u0131\u015ft\u0131ran bu geleneksel at\u0131\u015ft\u0131rmal\u0131k, bu sezon da \u015fifa arayanlar\u0131n g\u00f6zdesi olmaya aday.<\/p>\n","protected":false},"author":35,"featured_media":154988,"comment_status":"closed","ping_status":"closed","sticky":false,"template":"","format":"standard","meta":{"rank_math_lock_modified_date":false,"footnotes":""},"categories":[101],"tags":[16108,16110,16109,16107],"class_list":["post-154982","post","type-post","status-publish","format-standard","has-post-thumbnail","hentry","category-kesfet","tag-erigin-faydalari","tag-sumakli-erik","tag-tuzlu-erik","tag-yaz-meyvesi"],"_links":{"self":[{"href":"https:\/\/www.tgrthaber.com\/mavikadin\/wp-json\/wp\/v2\/posts\/154982"}],"collection":[{"href":"https:\/\/www.tgrthaber.com\/mavikadin\/wp-json\/wp\/v2\/posts"}],"about":[{"href":"https:\/\/www.tgrthaber.com\/mavikadin\/wp-json\/wp\/v2\/types\/post"}],"author":[{"embeddable":true,"href":"https:\/\/www.tgrthaber.com\/mavikadin\/wp-json\/wp\/v2\/users\/35"}],"replies":[{"embeddable":true,"href":"https:\/\/www.tgrthaber.com\/mavikadin\/wp-json\/wp\/v2\/comments?post=154982"}],"version-history":[{"count":1,"href":"https:\/\/www.tgrthaber.com\/mavikadin\/wp-json\/wp\/v2\/posts\/154982\/revisions"}],"predecessor-version":[{"id":154994,"href":"https:\/\/www.tgrthaber.com\/mavikadin\/wp-json\/wp\/v2\/posts\/154982\/revisions\/154994"}],"wp:featuredmedia":[{"embeddable":true,"href":"https:\/\/www.tgrthaber.com\/mavikadin\/wp-json\/wp\/v2\/media\/154988"}],"wp:attachment":[{"href":"https:\/\/www.tgrthaber.com\/mavikadin\/wp-json\/wp\/v2\/media?parent=154982"}],"wp:term":[{"taxonomy":"category","embeddable":true,"href":"https:\/\/www.tgrthaber.com\/mavikadin\/wp-json\/wp\/v2\/categories?post=154982"},{"taxonomy":"post_tag","embeddable":true,"href":"https:\/\/www.tgrthaber.com\/mavikadin\/wp-json\/wp\/v2\/tags?post=154982"}],"curies":[{"name":"wp","href":"https:\/\/api.w.org\/{rel}","templated":true}]}}