{"id":154995,"date":"2025-03-31T00:56:40","date_gmt":"2025-03-30T21:56:40","guid":{"rendered":"https:\/\/www.tgrthaber.com\/mavikadin\/?p=154995"},"modified":"2025-03-31T00:56:40","modified_gmt":"2025-03-30T21:56:40","slug":"volkan-konak-kimdir-kac-yasinda-volkan-konak-evli-mi-kac-cocugu-var","status":"publish","type":"post","link":"https:\/\/www.tgrthaber.com\/mavikadin\/volkan-konak-kimdir-kac-yasinda-volkan-konak-evli-mi-kac-cocugu-var\/","title":{"rendered":"Volkan Konak kimdir, ka\u00e7 ya\u015f\u0131nda? Volkan Konak evli mi, ka\u00e7 \u00e7ocu\u011fu var?"},"content":{"rendered":"<p class=\"\" data-start=\"168\" data-end=\"585\">T\u00fcrk halk m\u00fczi\u011finin g\u00fc\u00e7l\u00fc yorumcular\u0131ndan biri olan Volkan Konak, \u00f6zel hayat\u0131yla yeniden g\u00fcndeme gelirken, sevenleri sanat\u00e7\u0131n\u0131n ya\u015fam\u0131na dair detaylar\u0131 merak ediyor. &#8220;Volkan Konak kimdir, ka\u00e7 ya\u015f\u0131nda, nereli, evli mi, e\u015fi kim, ka\u00e7 \u00e7ocu\u011fu var?&#8221; sorular\u0131 arama motorlar\u0131nda yo\u011fun olarak ara\u015ft\u0131r\u0131l\u0131yor. Hem sanat\u0131yla hem de duru\u015fuyla dikkat \u00e7eken Volkan Konak hakk\u0131nda merak edilenleri sizler i\u00e7in derledik.<\/p>\n<h3>VOLKAN KONAK K\u0130MD\u0130R, KA\u00c7 YA\u015eINDA?<\/h3>\n<p>Volkan Konak, 1967 y\u0131l\u0131nda Trabzon&#8217;un Ma\u00e7ka il\u00e7esine ba\u011fl\u0131 Ye\u015filyurt k\u00f6y\u00fcnde do\u011fdu. \u0130lkokul, ortaokul ve lise e\u011fitimini memleketinde tamamlad\u0131ktan sonra 1983 y\u0131l\u0131nda \u0130stanbul Teknik \u00dcniversitesi T\u00fcrk M\u00fczi\u011fi Devlet Konservatuvar\u0131&#8217;na girdi. 1988 y\u0131l\u0131nda mezun oldu. Ayn\u0131 y\u0131l, yine \u0130T\u00dc b\u00fcnyesinde halk m\u00fczi\u011fi alan\u0131nda y\u00fcksek lisans e\u011fitimine ba\u015flad\u0131 ve 1991 y\u0131l\u0131nda bu program\u0131 ba\u015far\u0131yla tamamlad\u0131.<\/p>\n<p><img loading=\"lazy\" decoding=\"async\" class=\"alignnone wp-image-154997 \" src=\"https:\/\/www.tgrthaber.com\/mavikadin\/wp-content\/uploads\/64e51eef4e3fe11f18ea62cc.webp\" alt=\"\" width=\"829\" height=\"758\" title=\"\" srcset=\"https:\/\/www.tgrthaber.com\/mavikadin\/wp-content\/uploads\/64e51eef4e3fe11f18ea62cc.webp 770w, https:\/\/www.tgrthaber.com\/mavikadin\/wp-content\/uploads\/64e51eef4e3fe11f18ea62cc-300x274.webp 300w, https:\/\/www.tgrthaber.com\/mavikadin\/wp-content\/uploads\/64e51eef4e3fe11f18ea62cc-768x702.webp 768w\" sizes=\"(max-width: 829px) 100vw, 829px\" \/><\/p>\n<hr \/>\n<p>Sanat ya\u015fam\u0131na 1989 y\u0131l\u0131nda \u00e7\u0131kard\u0131\u011f\u0131 &#8220;Sular\u0131n Horon Yeri&#8221; alb\u00fcm\u00fcyle ad\u0131m att\u0131. Zaman i\u00e7inde yaln\u0131zca Karadeniz y\u00f6resiyle s\u0131n\u0131rl\u0131 kalmadan, farkl\u0131 b\u00f6lgelerden ezgilerle m\u00fczi\u011fini \u00e7e\u015fitlendirdi. M\u00fczi\u011fine edebi bir boyut katan Konak, bir\u00e7ok eserinde Naz\u0131m Hikmet, Sabahattin Ali, Ya\u015far Mira\u00e7 ve Sunay Ak\u0131n gibi \u00f6nemli isimlerin \u015fiirlerine yer verdi.<\/p>\n<p>1993 y\u0131l\u0131nda yay\u0131mlad\u0131\u011f\u0131 &#8220;Efulim&#8221; alb\u00fcm\u00fcyle geni\u015f kitlelere ula\u015ft\u0131. Bu alb\u00fcm\u00fc, \u201cGelir misin Benimle\u201d, \u201cVolkanik Par\u00e7alar\u201d ve \u201cPedaliza\u201d gibi \u00f6nemli yap\u0131tlar takip etti. Konak, m\u00fczik \u00fcretimini kendi kurdu\u011fu Kuzey M\u00fczik Prod\u00fcksiyon \u00fczerinden s\u00fcrd\u00fcr\u00fcyor.<\/p>\n<p><img loading=\"lazy\" decoding=\"async\" class=\"alignnone wp-image-154999 size-full\" src=\"https:\/\/www.tgrthaber.com\/mavikadin\/wp-content\/uploads\/volkankonak-5IHG_cover.jpg\" alt=\"\" width=\"1280\" height=\"716\" title=\"\" srcset=\"https:\/\/www.tgrthaber.com\/mavikadin\/wp-content\/uploads\/volkankonak-5IHG_cover.jpg 1280w, https:\/\/www.tgrthaber.com\/mavikadin\/wp-content\/uploads\/volkankonak-5IHG_cover-300x168.jpg 300w, https:\/\/www.tgrthaber.com\/mavikadin\/wp-content\/uploads\/volkankonak-5IHG_cover-1024x573.jpg 1024w, https:\/\/www.tgrthaber.com\/mavikadin\/wp-content\/uploads\/volkankonak-5IHG_cover-768x430.jpg 768w\" sizes=\"(max-width: 1280px) 100vw, 1280px\" \/><\/p>\n<hr \/>\n<h3>EVL\u0130 M\u0130, KA\u00c7 \u00c7OCU\u011eU VAR?<\/h3>\n<p>Volkan Konak, 1992 y\u0131l\u0131ndan bu yana hayat\u0131n\u0131 payla\u015ft\u0131\u011f\u0131 Selma Konak ile 1998 y\u0131l\u0131nda evlendi. Ancak o y\u0131llarda ya\u015fad\u0131klar\u0131 ekonomik \u015fartlar sebebiyle d\u00fc\u011f\u00fcn yapma imkan\u0131 bulamad\u0131lar. Aradan ge\u00e7en \u00e7eyrek asr\u0131n ard\u0131ndan \u00e7ift, \u00e7ocuklar\u0131n\u0131n da kat\u0131ld\u0131\u011f\u0131 \u00f6zel bir t\u00f6renle bu hayalini ger\u00e7ekle\u015ftirdi.<\/p>\n<p>\u00dc\u00e7 \u00e7ocuk sahibi olan Konak ailesinin k\u0131zlar\u0131 \u015eimal ve Derin, o\u011fullar\u0131 ise Volkan ad\u0131n\u0131 ta\u015f\u0131yor. Sanat\u00e7\u0131, ailesine verdi\u011fi \u00f6nemi her f\u0131rsatta dile getirirken, ailesinin m\u00fczik yolculu\u011fundaki en b\u00fcy\u00fck destek\u00e7ilerinden oldu\u011funu ifade ediyor.<\/p>\n<p><img loading=\"lazy\" decoding=\"async\" class=\"alignnone wp-image-154998 \" src=\"https:\/\/www.tgrthaber.com\/mavikadin\/wp-content\/uploads\/volkan-konakk_9760.webp\" alt=\"\" width=\"832\" height=\"626\" title=\"\" srcset=\"https:\/\/www.tgrthaber.com\/mavikadin\/wp-content\/uploads\/volkan-konakk_9760.webp 703w, https:\/\/www.tgrthaber.com\/mavikadin\/wp-content\/uploads\/volkan-konakk_9760-300x226.webp 300w\" sizes=\"(max-width: 832px) 100vw, 832px\" \/><\/p>\n<hr \/>\n<h3>VOLKAN KONAK 25 YIL SONRA D\u00dc\u011e\u00dcN YAPTI<\/h3>\n<p>T\u00fcrk halk m\u00fczi\u011finin g\u00fc\u00e7l\u00fc sesi Volkan Konak, y\u0131llar \u00f6nce imkan bulamad\u0131\u011f\u0131 d\u00fc\u011f\u00fcn hayalini 25 y\u0131l sonra ger\u00e7ekle\u015ftirdi. E\u015fi Selma Konak ile sade ama anlam y\u00fckl\u00fc bir t\u00f6renle yeniden d\u00fcnya evine giren sanat\u00e7\u0131, bu \u00f6zel an\u0131yla sosyal medyada b\u00fcy\u00fck ilgi g\u00f6rd\u00fc.<\/p>\n<p>1998 y\u0131l\u0131nda resmi olarak evlenen \u00e7ift, maddi nedenlerden dolay\u0131 o d\u00f6nem d\u00fc\u011f\u00fcn yapamam\u0131\u015ft\u0131. Aradan ge\u00e7en y\u0131llar\u0131n ard\u0131ndan Konak \u00e7ifti, bu eksik kalan an\u0131y\u0131 tamamlamak \u00fczere yeniden nikah masas\u0131na oturdu. T\u00f6renin ard\u0131ndan payla\u015f\u0131lan kareler, hem sevenlerinden hem de m\u00fczik d\u00fcnyas\u0131ndan yo\u011fun ilgi g\u00f6rd\u00fc.<\/p>\n","protected":false},"excerpt":{"rendered":"<p>Hayat\u0131, \u00f6zel ya\u015fant\u0131s\u0131 ve m\u00fczik kariyeriyle s\u0131k\u00e7a g\u00fcndeme gelen Volkan Konak hakk\u0131nda aramalar h\u0131z kazand\u0131. \u201cVolkan Konak kimdir, ka\u00e7 ya\u015f\u0131nda, aslen nereli, evli mi, ka\u00e7 \u00e7ocu\u011fu var?\u201d sorular\u0131 son g\u00fcnlerde en \u00e7ok merak edilen konular aras\u0131nda yerini ald\u0131. Hem g\u00fc\u00e7l\u00fc yorumuyla hem de y\u0131llard\u0131r s\u00fcren m\u00fczik ser\u00fcveniyle milyonlar\u0131n g\u00f6nl\u00fcnde taht kuran sanat\u00e7\u0131n\u0131n ya\u015fam\u0131na dair detaylar ara\u015ft\u0131r\u0131l\u0131yor. \u0130\u015fte, sevilen sanat\u00e7\u0131n\u0131n biyografisine dair merak edilen t\u00fcm bilgiler&#8230;<\/p>\n","protected":false},"author":35,"featured_media":154996,"comment_status":"closed","ping_status":"closed","sticky":false,"template":"","format":"standard","meta":{"rank_math_lock_modified_date":false,"footnotes":""},"categories":[491],"tags":[16114,16102,16113,16112,16115,16111],"class_list":["post-154995","post","type-post","status-publish","format-standard","has-post-thumbnail","hentry","category-biyografi","tag-volkan-kona-kac-yasinda","tag-volkan-konak","tag-volkan-konak-cocugu-kim","tag-volkan-konak-esi-kim","tag-volkan-konak-kac-kez-evlendi","tag-volkankonak-kimdir"],"_links":{"self":[{"href":"https:\/\/www.tgrthaber.com\/mavikadin\/wp-json\/wp\/v2\/posts\/154995"}],"collection":[{"href":"https:\/\/www.tgrthaber.com\/mavikadin\/wp-json\/wp\/v2\/posts"}],"about":[{"href":"https:\/\/www.tgrthaber.com\/mavikadin\/wp-json\/wp\/v2\/types\/post"}],"author":[{"embeddable":true,"href":"https:\/\/www.tgrthaber.com\/mavikadin\/wp-json\/wp\/v2\/users\/35"}],"replies":[{"embeddable":true,"href":"https:\/\/www.tgrthaber.com\/mavikadin\/wp-json\/wp\/v2\/comments?post=154995"}],"version-history":[{"count":1,"href":"https:\/\/www.tgrthaber.com\/mavikadin\/wp-json\/wp\/v2\/posts\/154995\/revisions"}],"predecessor-version":[{"id":155001,"href":"https:\/\/www.tgrthaber.com\/mavikadin\/wp-json\/wp\/v2\/posts\/154995\/revisions\/155001"}],"wp:featuredmedia":[{"embeddable":true,"href":"https:\/\/www.tgrthaber.com\/mavikadin\/wp-json\/wp\/v2\/media\/154996"}],"wp:attachment":[{"href":"https:\/\/www.tgrthaber.com\/mavikadin\/wp-json\/wp\/v2\/media?parent=154995"}],"wp:term":[{"taxonomy":"category","embeddable":true,"href":"https:\/\/www.tgrthaber.com\/mavikadin\/wp-json\/wp\/v2\/categories?post=154995"},{"taxonomy":"post_tag","embeddable":true,"href":"https:\/\/www.tgrthaber.com\/mavikadin\/wp-json\/wp\/v2\/tags?post=154995"}],"curies":[{"name":"wp","href":"https:\/\/api.w.org\/{rel}","templated":true}]}}