{"id":155046,"date":"2025-03-31T02:42:34","date_gmt":"2025-03-30T23:42:34","guid":{"rendered":"https:\/\/www.tgrthaber.com\/mavikadin\/?p=155046"},"modified":"2025-03-31T02:42:34","modified_gmt":"2025-03-30T23:42:34","slug":"volkan-konakin-kizi-simal-konak-kac-yasinda-simal-konak-nerede-yasiyor","status":"publish","type":"post","link":"https:\/\/www.tgrthaber.com\/mavikadin\/volkan-konakin-kizi-simal-konak-kac-yasinda-simal-konak-nerede-yasiyor\/","title":{"rendered":"Volkan Konak&#8217;\u0131n k\u0131z\u0131 \u015eimal Konak ka\u00e7 ya\u015f\u0131nda? \u015eimal Konak nerede ya\u015f\u0131yor?"},"content":{"rendered":"<p>Usta sanat\u00e7\u0131 Volkan Konak\u2019\u0131n ani vefat\u0131yla birlikte yaln\u0131zca m\u00fczik d\u00fcnyas\u0131 de\u011fil, ailesi de g\u00fcndemin oda\u011f\u0131na oturdu. \u00d6zellikle k\u0131z\u0131 \u015eimal Konak, sosyal medyada ve arama motorlar\u0131nda en \u00e7ok merak edilen isimlerden biri haline geldi. Babas\u0131n\u0131n kayb\u0131n\u0131n ard\u0131ndan g\u00f6zler bu kez, gen\u00e7 ya\u015f\u0131na ra\u011fmen yurt d\u0131\u015f\u0131nda ald\u0131\u011f\u0131 e\u011fitimle dikkat \u00e7eken \u015eimal Konak\u2019a \u00e7evrildi. &#8220;\u015eimal Konak kimdir?&#8221;, &#8220;Ka\u00e7 ya\u015f\u0131ndad\u0131r?&#8221;, &#8220;Nerede ya\u015f\u0131yor, ne i\u015f yap\u0131yor?&#8221; gibi sorular art arda ara\u015ft\u0131r\u0131lmaya ba\u015fland\u0131. Sessiz ve g\u00f6zlerden uzak ya\u015fam tarz\u0131yla tan\u0131nan \u015eimal Konak hakk\u0131nda merak edilen t\u00fcm detaylar, babas\u0131n\u0131n ard\u0131ndan bir kez daha g\u00fcndeme ta\u015f\u0131nd\u0131.<\/p>\n<h3>\u015e\u0130MAL KONAK K\u0130MD\u0130R, KA\u00c7 YA\u015eINDA?<\/h3>\n<p>\u015eimal Konak, e\u011fitim hayat\u0131n\u0131 yurt d\u0131\u015f\u0131nda s\u00fcrd\u00fcrme karar\u0131 alarak Amerika Birle\u015fik Devletleri\u2019ne gitti. Boston\u2019da bulunan Suffolk \u00dcniversitesi \u0130\u015fletme B\u00f6l\u00fcm\u00fc\u2019nden ba\u015far\u0131yla mezun oldu. Ba\u015far\u0131l\u0131 e\u011fitim hayat\u0131, ailesi i\u00e7in b\u00fcy\u00fck bir gurur kayna\u011f\u0131 olurken, mezuniyet sonras\u0131nda Volkan Konak\u2019\u0131n yapt\u0131\u011f\u0131 duygusal payla\u015f\u0131m da geni\u015f yank\u0131 uyand\u0131rd\u0131.<\/p>\n<p><img loading=\"lazy\" decoding=\"async\" class=\"alignnone wp-image-155048 size-full\" src=\"https:\/\/www.tgrthaber.com\/mavikadin\/wp-content\/uploads\/76-volkan-konakin-kizi-simal-konak-kimdir-kac-yasinda-aslen-nereli-evli-mi-kac-yasinda-1.webp\" alt=\"\" width=\"1280\" height=\"1372\" title=\"\" srcset=\"https:\/\/www.tgrthaber.com\/mavikadin\/wp-content\/uploads\/76-volkan-konakin-kizi-simal-konak-kimdir-kac-yasinda-aslen-nereli-evli-mi-kac-yasinda-1.webp 1280w, https:\/\/www.tgrthaber.com\/mavikadin\/wp-content\/uploads\/76-volkan-konakin-kizi-simal-konak-kimdir-kac-yasinda-aslen-nereli-evli-mi-kac-yasinda-1-280x300.webp 280w, https:\/\/www.tgrthaber.com\/mavikadin\/wp-content\/uploads\/76-volkan-konakin-kizi-simal-konak-kimdir-kac-yasinda-aslen-nereli-evli-mi-kac-yasinda-1-955x1024.webp 955w, https:\/\/www.tgrthaber.com\/mavikadin\/wp-content\/uploads\/76-volkan-konakin-kizi-simal-konak-kimdir-kac-yasinda-aslen-nereli-evli-mi-kac-yasinda-1-768x823.webp 768w\" sizes=\"(max-width: 1280px) 100vw, 1280px\" \/><\/p>\n<hr \/>\n<p>Konak, sosyal medya hesab\u0131ndan \u201cBiricik k\u0131z\u0131m, yolun a\u00e7\u0131k olsun. Aln\u0131nda ta\u015f\u0131d\u0131\u011f\u0131n cesur uygarl\u0131k \u0131\u015f\u0131\u011f\u0131 rehberin olsun.\u201d s\u00f6zleriyle k\u0131z\u0131na olan sevgisini ve gururunu dile getirmi\u015fti.<\/p>\n<h3>G\u00d6ZLERDEN UZAK, \u00d6RNEK B\u0130R YA\u015eAM<\/h3>\n<p>\u015eimal Konak, ailesinden ald\u0131\u011f\u0131 de\u011ferlerle b\u00fcy\u00fcm\u00fc\u015f, k\u00fclt\u00fcrel mirasa sayg\u0131l\u0131, g\u00fc\u00e7l\u00fc duru\u015f sergileyen bir gen\u00e7 kad\u0131n olarak tan\u0131n\u0131yor.<\/p>\n<p>\u00d6zel ya\u015fam\u0131n\u0131 medya g\u00f6z\u00fcnden uzak tutmay\u0131 tercih eden Konak, bug\u00fcne dek herhangi bir magazin g\u00fcndeminde yer almad\u0131. Kariyer yolculu\u011fuyla ilgili resmi bir a\u00e7\u0131klama yap\u0131lmam\u0131\u015f olsa da, sahip oldu\u011fu uluslararas\u0131 e\u011fitimle gelecekte \u00f6nemli projelere imza atmas\u0131 bekleniyor.<\/p>\n<p><img loading=\"lazy\" decoding=\"async\" class=\"alignnone wp-image-155049 size-full\" src=\"https:\/\/www.tgrthaber.com\/mavikadin\/wp-content\/uploads\/9-volkan-konak-kizi-simal-konak-kimdir-kac-yasinda-sevgilisi-varmi-instagram-hesabi-babasiyla-kus-mu-1.webp\" alt=\"\" width=\"1280\" height=\"1280\" title=\"\" srcset=\"https:\/\/www.tgrthaber.com\/mavikadin\/wp-content\/uploads\/9-volkan-konak-kizi-simal-konak-kimdir-kac-yasinda-sevgilisi-varmi-instagram-hesabi-babasiyla-kus-mu-1.webp 1280w, https:\/\/www.tgrthaber.com\/mavikadin\/wp-content\/uploads\/9-volkan-konak-kizi-simal-konak-kimdir-kac-yasinda-sevgilisi-varmi-instagram-hesabi-babasiyla-kus-mu-1-300x300.webp 300w, https:\/\/www.tgrthaber.com\/mavikadin\/wp-content\/uploads\/9-volkan-konak-kizi-simal-konak-kimdir-kac-yasinda-sevgilisi-varmi-instagram-hesabi-babasiyla-kus-mu-1-1024x1024.webp 1024w, https:\/\/www.tgrthaber.com\/mavikadin\/wp-content\/uploads\/9-volkan-konak-kizi-simal-konak-kimdir-kac-yasinda-sevgilisi-varmi-instagram-hesabi-babasiyla-kus-mu-1-150x150.webp 150w, https:\/\/www.tgrthaber.com\/mavikadin\/wp-content\/uploads\/9-volkan-konak-kizi-simal-konak-kimdir-kac-yasinda-sevgilisi-varmi-instagram-hesabi-babasiyla-kus-mu-1-768x768.webp 768w\" sizes=\"(max-width: 1280px) 100vw, 1280px\" \/><\/p>\n<hr \/>\n<h3>\u015e\u0130MAL KONAK SEVG\u0130L\u0130S\u0130 VAR MI? EVL\u0130 M\u0130?<\/h3>\n<p>\u015eimal Konak\u2019\u0131n \u00f6zel hayat\u0131 da merak edilen ba\u015fl\u0131klar aras\u0131nda yer al\u0131yor. Ancak bilindi\u011fi kadar\u0131yla evli de\u011fil ve sevgilisi oldu\u011funa dair herhangi bir a\u00e7\u0131klama ya da do\u011frulanm\u0131\u015f bilgi bulunmuyor. Ailenin mahremiyet konusundaki hassasiyeti nedeniyle, bu t\u00fcr ki\u015fisel detaylar\u0131n kamuoyuna a\u00e7\u0131k \u015fekilde payla\u015f\u0131lmad\u0131\u011f\u0131 g\u00f6r\u00fcl\u00fcyor.<\/p>\n<h3>BOYU, K\u0130LOSU NED\u0130R?<\/h3>\n<p>\u015eimal Konak\u2019\u0131n do\u011fum tarihi ve boyu gibi fiziksel ya da astrolojik bilgileriyle ilgili do\u011frulanm\u0131\u015f veriler bulunmuyor. Aile, \u00f6zel bilgilerin bas\u0131na yans\u0131mas\u0131na s\u0131cak bakmad\u0131\u011f\u0131 i\u00e7in bu t\u00fcr detaylar kamuoyundan uzak tutulmu\u015f durumda.<\/p>\n<h3>INSTAGRAM HESABI VAR MI?<\/h3>\n<p>\u015eimal Konak ad\u0131na sosyal medyada baz\u0131 profiller bulunsa da, kendisine ait resmi ve onaylanm\u0131\u015f bir Instagram hesab\u0131 mevcut de\u011fil. Sosyal medya kullan\u0131c\u0131lar\u0131n\u0131n bu konuda dikkatli olmas\u0131, yaln\u0131zca do\u011frulanm\u0131\u015f kaynaklara itibar etmesi \u00f6neriliyor.<\/p>\n<p><img loading=\"lazy\" decoding=\"async\" class=\"alignnone wp-image-155050 \" src=\"https:\/\/www.tgrthaber.com\/mavikadin\/wp-content\/uploads\/i-19.webp\" alt=\"\" width=\"835\" height=\"559\" title=\"\" srcset=\"https:\/\/www.tgrthaber.com\/mavikadin\/wp-content\/uploads\/i-19.webp 478w, https:\/\/www.tgrthaber.com\/mavikadin\/wp-content\/uploads\/i-19-300x201.webp 300w\" sizes=\"(max-width: 835px) 100vw, 835px\" \/><\/p>\n<hr \/>\n<p>Volkan Konak gibi T\u00fcrkiye\u2019nin k\u00fclt\u00fcrel haf\u0131zas\u0131nda \u00f6nemli bir yere sahip bir sanat\u00e7\u0131n\u0131n k\u0131z\u0131 olan \u015eimal Konak, ailesinin deste\u011fiyle yurt d\u0131\u015f\u0131nda g\u00fc\u00e7l\u00fc bir e\u011fitim s\u00fcreci tamamlad\u0131. Hayat\u0131n\u0131 g\u00f6zlerden uzak, sade ama istikrarl\u0131 bir \u00e7izgide s\u00fcrd\u00fcren Konak, kamuoyunun ilgisini \u00e7eken bir isim olmaya devam ediyor.<\/p>\n<p>Yak\u0131n gelecekte kariyeriyle hangi alanda kar\u015f\u0131m\u0131za \u00e7\u0131kaca\u011f\u0131 ise merakla bekleniyor.<\/p>\n","protected":false},"excerpt":{"rendered":"<p>Usta sanat\u00e7\u0131 Volkan Konak\u2019\u0131n k\u0131z\u0131 \u015eimal Konak, babas\u0131n\u0131n vefat haberinin ard\u0131ndan yeniden g\u00fcndeme geldi. E\u011fitimi, ya\u015fam tarz\u0131 ve ailesine olan ba\u011fl\u0131l\u0131\u011f\u0131yla merak edilen gen\u00e7 isim hakk\u0131nda bir\u00e7ok detay ara\u015ft\u0131r\u0131l\u0131yor. Peki Volkan Konak&#8217;\u0131n k\u0131z\u0131 \u015eimal Konak kimdir, ka\u00e7 ya\u015f\u0131nda, nerede ya\u015f\u0131yor? \u015eimal Konak evli mi? \u0130\u015fte \u015eimal Konak\u2019\u0131n ya\u015fam\u0131na dair bilinmeyenler\u2026<\/p>\n","protected":false},"author":35,"featured_media":155047,"comment_status":"closed","ping_status":"closed","sticky":false,"template":"","format":"standard","meta":{"rank_math_lock_modified_date":false,"footnotes":""},"categories":[491],"tags":[16129,16128,16117,16127],"class_list":["post-155046","post","type-post","status-publish","format-standard","has-post-thumbnail","hentry","category-biyografi","tag-simal-konak","tag-volkan-konak-kizi-simal-konak","tag-volkan-konak-olumu","tag-volkankonak"],"_links":{"self":[{"href":"https:\/\/www.tgrthaber.com\/mavikadin\/wp-json\/wp\/v2\/posts\/155046"}],"collection":[{"href":"https:\/\/www.tgrthaber.com\/mavikadin\/wp-json\/wp\/v2\/posts"}],"about":[{"href":"https:\/\/www.tgrthaber.com\/mavikadin\/wp-json\/wp\/v2\/types\/post"}],"author":[{"embeddable":true,"href":"https:\/\/www.tgrthaber.com\/mavikadin\/wp-json\/wp\/v2\/users\/35"}],"replies":[{"embeddable":true,"href":"https:\/\/www.tgrthaber.com\/mavikadin\/wp-json\/wp\/v2\/comments?post=155046"}],"version-history":[{"count":2,"href":"https:\/\/www.tgrthaber.com\/mavikadin\/wp-json\/wp\/v2\/posts\/155046\/revisions"}],"predecessor-version":[{"id":155053,"href":"https:\/\/www.tgrthaber.com\/mavikadin\/wp-json\/wp\/v2\/posts\/155046\/revisions\/155053"}],"wp:featuredmedia":[{"embeddable":true,"href":"https:\/\/www.tgrthaber.com\/mavikadin\/wp-json\/wp\/v2\/media\/155047"}],"wp:attachment":[{"href":"https:\/\/www.tgrthaber.com\/mavikadin\/wp-json\/wp\/v2\/media?parent=155046"}],"wp:term":[{"taxonomy":"category","embeddable":true,"href":"https:\/\/www.tgrthaber.com\/mavikadin\/wp-json\/wp\/v2\/categories?post=155046"},{"taxonomy":"post_tag","embeddable":true,"href":"https:\/\/www.tgrthaber.com\/mavikadin\/wp-json\/wp\/v2\/tags?post=155046"}],"curies":[{"name":"wp","href":"https:\/\/api.w.org\/{rel}","templated":true}]}}