{"id":155079,"date":"2025-03-31T08:45:00","date_gmt":"2025-03-31T05:45:00","guid":{"rendered":"https:\/\/www.tgrthaber.com\/mavikadin\/?p=155079"},"modified":"2025-09-18T16:15:53","modified_gmt":"2025-09-18T13:15:53","slug":"kazim-koyuncudan-sonra-volkan-konakla-karadeniz-turkuleri-yetim-kaldi","status":"publish","type":"post","link":"https:\/\/www.tgrthaber.com\/mavikadin\/kazim-koyuncudan-sonra-volkan-konakla-karadeniz-turkuleri-yetim-kaldi\/","title":{"rendered":"Kaz\u0131m Koyuncu&#8217;dan sonra Volkan Konak&#8217;la Karadeniz t\u00fcrk\u00fcleri yetim kald\u0131!"},"content":{"rendered":"<p class=\"p2\">\u00dcnl\u00fc sanat\u00e7\u0131 Volkan Konak, Kuzey K\u0131br\u0131s T\u00fcrk Cumhuriyeti\u2019nde sahne ald\u0131\u011f\u0131 s\u0131rada aniden rahats\u0131zlanarak hastaneye kald\u0131r\u0131ld\u0131. 58 ya\u015f\u0131ndaki usta sanat\u00e7\u0131n\u0131n, t\u00fcm m\u00fcdahalelere ra\u011fmen kurtar\u0131lamad\u0131\u011f\u0131 a\u00e7\u0131kland\u0131. Olay, \u0130skele il\u00e7esindeki bir otelde verdi\u011fi konser s\u0131ras\u0131nda ger\u00e7ekle\u015fti. Konak\u2019\u0131n durumu k\u00f6t\u00fcle\u015fince Ma\u011fusa Devlet Hastanesi\u2019ne g\u00f6t\u00fcr\u00fcld\u00fc\u011f\u00fc ve saat 00.42\u2019de hayat\u0131n\u0131 kaybetti\u011fi bildirildi. Volkan Konak\u2019\u0131n vefat\u0131, m\u00fczik camias\u0131nda ve hayranlar\u0131 aras\u0131nda b\u00fcy\u00fck bir \u00fcz\u00fcnt\u00fcye neden oldu.<\/p>\n<h3>KAZIM KOYUNCU&#8217;DAN SONRA VOLKAN KONAK&#8217;LA KARADEN\u0130Z T\u00dcRK\u00dcLER\u0130 YET\u0130M KALDI<\/h3>\n<p class=\"p1\">Kaz\u0131m Koyuncu\u2019nun ard\u0131ndan Karadeniz\u2019in h\u00fcz\u00fcnl\u00fc ezgileri bir s\u00fcre sessizli\u011fe b\u00fcr\u00fcnm\u00fc\u015ft\u00fc. O sessizli\u011fi da\u011f\u0131tan ses ise Volkan Konak olmu\u015ftu. \u015eimdi ise onun da aram\u0131zdan ayr\u0131lmas\u0131yla Karadeniz t\u00fcrk\u00fcleri bir kez daha \u00f6ks\u00fcz kald\u0131. Sadece bir ses de\u011fil, bir duygu, bir y\u00fcrek gitti. Yaylalar\u0131n r\u00fczg\u00e2r\u0131na kar\u0131\u015fan o e\u015fsiz yorum, art\u0131k yaln\u0131zca an\u0131larda ya\u015fayacak. Karadeniz\u2019in da\u011flar\u0131na, denizine, sisine sinmi\u015f o ezgiler, Konak\u2019la birlikte bir devri daha u\u011furlad\u0131. Kaz\u0131m Koyuncu\u2019nun ard\u0131ndan Karadeniz m\u00fczi\u011finin bir ba\u015fka simgesel ismini daha kaybetmi\u015f olmak, T\u00fcrkiye genelinde yank\u0131 uyand\u0131rd\u0131.<\/p>\n<p><img loading=\"lazy\" decoding=\"async\" class=\"alignnone wp-image-155080 \" src=\"https:\/\/www.tgrthaber.com\/mavikadin\/wp-content\/uploads\/Ekran-Resmi-2025-03-31-08.35.38.png\" alt=\"\" width=\"988\" height=\"572\" title=\"\" srcset=\"https:\/\/www.tgrthaber.com\/mavikadin\/wp-content\/uploads\/Ekran-Resmi-2025-03-31-08.35.38.png 940w, https:\/\/www.tgrthaber.com\/mavikadin\/wp-content\/uploads\/Ekran-Resmi-2025-03-31-08.35.38-300x174.png 300w, https:\/\/www.tgrthaber.com\/mavikadin\/wp-content\/uploads\/Ekran-Resmi-2025-03-31-08.35.38-768x444.png 768w\" sizes=\"(max-width: 988px) 100vw, 988px\" \/><\/p>\n<hr \/>\n<h3>OTOPS\u0130 \u0130\u015eLEMLER\u0130N\u0130N ARDINDAN\u00a0 NAA\u015eI U\u00c7AKLA T\u00dcRK\u0130YE&#8217;YE G\u00d6NDER\u0130LECEK<\/h3>\n<p class=\"p1\">Volkan Konak\u2019\u0131n sahnede fenala\u015fmas\u0131n\u0131n ard\u0131ndan 23.23 sular\u0131nda sa\u011fl\u0131k ekiplerine bilgi verildi. \u0130hbar\u0131 alan 112 acil ekibi, sanat\u00e7\u0131n\u0131n konser verdi\u011fi otele h\u0131zla ula\u015ft\u0131. Alandaki hekimlerin ba\u015flatt\u0131\u011f\u0131 ilk m\u00fcdahale, olay yerine ula\u015fan sa\u011fl\u0131k personeli taraf\u0131ndan devam ettirildi. Konak, burada ent\u00fcbe edilerek Gazima\u011fusa Devlet Hastanesi\u2019ne g\u00f6t\u00fcr\u00fcld\u00fc.<\/p>\n<p><img loading=\"lazy\" decoding=\"async\" class=\"alignnone wp-image-155081 \" src=\"https:\/\/www.tgrthaber.com\/mavikadin\/wp-content\/uploads\/Ekran-Resmi-2025-03-31-08.35.46.png\" alt=\"\" width=\"994\" height=\"585\" title=\"\" srcset=\"https:\/\/www.tgrthaber.com\/mavikadin\/wp-content\/uploads\/Ekran-Resmi-2025-03-31-08.35.46.png 958w, https:\/\/www.tgrthaber.com\/mavikadin\/wp-content\/uploads\/Ekran-Resmi-2025-03-31-08.35.46-300x177.png 300w, https:\/\/www.tgrthaber.com\/mavikadin\/wp-content\/uploads\/Ekran-Resmi-2025-03-31-08.35.46-768x452.png 768w\" sizes=\"(max-width: 994px) 100vw, 994px\" \/><\/p>\n<hr \/>\n<p class=\"p1\">Yap\u0131lan t\u00fcm m\u00fcdahalelere ra\u011fmen hayat\u0131n\u0131 kaybeden sanat\u00e7\u0131n\u0131n cenazesi, hastane morgundan al\u0131narak otopsi i\u00e7in Lefko\u015fa\u2019daki Adli T\u0131p Birimi\u2019ne nakledilecek. Otopsi i\u015flemlerinin ard\u0131ndan naa\u015f\u0131n\u0131n u\u00e7akla T\u00fcrkiye\u2019ye g\u00f6nderilmesi planlan\u0131yor. T\u00fcrkiye Cumhuriyeti Gazima\u011fusa Ba\u015fkonsoloslu\u011fu yetkilileri s\u00fcreci yak\u0131ndan takip ediyor. Haberi duyar duymaz hastaneye gelen sanat\u00e7\u0131 Hakan Altun, yapt\u0131\u011f\u0131 k\u0131sa a\u00e7\u0131klamada, b\u00fcy\u00fck bir ac\u0131 ya\u015fand\u0131\u011f\u0131n\u0131 belirterek, &#8216;S\u00f6z\u00fcn bitti\u011fi yer. Allah rahmet eylesin. Kalbimiz yand\u0131,&#8217; ifadelerini kulland\u0131.<\/p>\n","protected":false},"excerpt":{"rendered":"<p>K\u0131br\u0131s\u2019taki konseri s\u0131ras\u0131nda fenala\u015fan Volkan Konak, hastaneye kald\u0131r\u0131lmas\u0131na ra\u011fmen kurtar\u0131lamad\u0131. 58 ya\u015f\u0131ndaki sanat\u00e7\u0131n\u0131n vefat\u0131, hem m\u00fczik \u00e7evresindeki meslekta\u015flar\u0131n\u0131 hem de sevenlerini kahretti. Karadeniz ezgileri Kaz\u0131m Kayuncu\u2019dan sonra bir efsanevisini daha u\u011furlam\u0131\u015f oldu. <\/p>\n","protected":false},"author":16,"featured_media":155082,"comment_status":"closed","ping_status":"closed","sticky":false,"template":"","format":"standard","meta":{"rank_math_lock_modified_date":false,"footnotes":""},"categories":[76],"tags":[16140,16138,16139],"class_list":["post-155079","post","type-post","status-publish","format-standard","has-post-thumbnail","hentry","category-magazin","tag-kazim-koyuncu-volkan-konak","tag-volkan-konak-hayatini-kaybetti","tag-volkan-konak-oldu"],"_links":{"self":[{"href":"https:\/\/www.tgrthaber.com\/mavikadin\/wp-json\/wp\/v2\/posts\/155079"}],"collection":[{"href":"https:\/\/www.tgrthaber.com\/mavikadin\/wp-json\/wp\/v2\/posts"}],"about":[{"href":"https:\/\/www.tgrthaber.com\/mavikadin\/wp-json\/wp\/v2\/types\/post"}],"author":[{"embeddable":true,"href":"https:\/\/www.tgrthaber.com\/mavikadin\/wp-json\/wp\/v2\/users\/16"}],"replies":[{"embeddable":true,"href":"https:\/\/www.tgrthaber.com\/mavikadin\/wp-json\/wp\/v2\/comments?post=155079"}],"version-history":[{"count":2,"href":"https:\/\/www.tgrthaber.com\/mavikadin\/wp-json\/wp\/v2\/posts\/155079\/revisions"}],"predecessor-version":[{"id":155084,"href":"https:\/\/www.tgrthaber.com\/mavikadin\/wp-json\/wp\/v2\/posts\/155079\/revisions\/155084"}],"wp:featuredmedia":[{"embeddable":true,"href":"https:\/\/www.tgrthaber.com\/mavikadin\/wp-json\/wp\/v2\/media\/155082"}],"wp:attachment":[{"href":"https:\/\/www.tgrthaber.com\/mavikadin\/wp-json\/wp\/v2\/media?parent=155079"}],"wp:term":[{"taxonomy":"category","embeddable":true,"href":"https:\/\/www.tgrthaber.com\/mavikadin\/wp-json\/wp\/v2\/categories?post=155079"},{"taxonomy":"post_tag","embeddable":true,"href":"https:\/\/www.tgrthaber.com\/mavikadin\/wp-json\/wp\/v2\/tags?post=155079"}],"curies":[{"name":"wp","href":"https:\/\/api.w.org\/{rel}","templated":true}]}}