{"id":155085,"date":"2025-03-31T09:10:53","date_gmt":"2025-03-31T06:10:53","guid":{"rendered":"https:\/\/www.tgrthaber.com\/mavikadin\/?p=155085"},"modified":"2025-03-31T09:10:53","modified_gmt":"2025-03-31T06:10:53","slug":"volkan-konakin-vefatina-dair-uzucu-detaylar-40-dakika-boyunca-surmus","status":"publish","type":"post","link":"https:\/\/www.tgrthaber.com\/mavikadin\/volkan-konakin-vefatina-dair-uzucu-detaylar-40-dakika-boyunca-surmus\/","title":{"rendered":"Volkan Konak&#8217;\u0131n vefat\u0131na dair \u00fcz\u00fcc\u00fc detaylar! 40 dakika boyunca s\u00fcrm\u00fc\u015f"},"content":{"rendered":"<p class=\"p1\">Karadeniz m\u00fczi\u011finin sevilen sesi Volkan Konak, Kuzey K\u0131br\u0131s T\u00fcrk Cumhuriyeti\u2019nde verdi\u011fi konser esnas\u0131nda aniden rahats\u0131zland\u0131. Olay\u0131n hemen ard\u0131ndan sa\u011fl\u0131k ekipleri h\u0131zla m\u00fcdahalede bulundu. Gazima\u011fusa Devlet Hastanesi taraf\u0131ndan yap\u0131lan a\u00e7\u0131klamada, sanat\u00e7\u0131ya sahne arkas\u0131nda 40 dakika s\u00fcresince kalp masaj\u0131 yap\u0131ld\u0131\u011f\u0131 ve hayata d\u00f6nd\u00fcr\u00fclmesi i\u00e7in t\u00fcm \u00e7abalar\u0131n seferber edildi\u011fi belirtildi. Ancak yo\u011fun m\u00fcdahalelere ra\u011fmen 58 ya\u015f\u0131ndaki sanat\u00e7\u0131n\u0131n ya\u015fam\u0131n\u0131 yitirdi\u011fi bildirildi. Bu \u00fcz\u00fcc\u00fc geli\u015fmenin ard\u0131ndan e\u015fi Selma Konak b\u00fcy\u00fck bir \u015fok ya\u015fad\u0131; hastane \u00f6n\u00fcnde fenala\u015farak destek ald\u0131. Sanat camias\u0131ndan bir\u00e7ok isim hastaneye ak\u0131n etti.<\/p>\n<h3 class=\"p1\"><b>40 DAK\u0130KA BOYUNCA KALP MASAJI YAPILDI<\/b><b><\/b><\/h3>\n<p class=\"p1\">30 Mart 2025 gecesi saat 23.23\u2019te gelen acil \u00e7a\u011fr\u0131 sonras\u0131, 112 ekibi k\u0131sa s\u00fcrede olay yerine ula\u015ft\u0131. Konser esnas\u0131nda yere y\u0131\u011f\u0131lan sanat\u00e7\u0131ya, ilk m\u00fcdahale konser alan\u0131ndaki doktorlar taraf\u0131ndan yap\u0131ld\u0131. Ard\u0131ndan acil sa\u011fl\u0131k ekibi devreye girerek yakla\u015f\u0131k 40 dakika boyunca kalp masaj\u0131na devam etti. Ent\u00fcbe edilen Konak, saat 00.10\u2019da hastaneye sevk edildi.<\/p>\n<p><img loading=\"lazy\" decoding=\"async\" class=\"alignnone wp-image-155086 size-full\" src=\"https:\/\/www.tgrthaber.com\/mavikadin\/wp-content\/uploads\/Ekran-Resmi-2025-03-31-09.01.54.png\" alt=\"\" width=\"988\" height=\"600\" title=\"\" srcset=\"https:\/\/www.tgrthaber.com\/mavikadin\/wp-content\/uploads\/Ekran-Resmi-2025-03-31-09.01.54.png 988w, https:\/\/www.tgrthaber.com\/mavikadin\/wp-content\/uploads\/Ekran-Resmi-2025-03-31-09.01.54-300x182.png 300w, https:\/\/www.tgrthaber.com\/mavikadin\/wp-content\/uploads\/Ekran-Resmi-2025-03-31-09.01.54-768x466.png 768w\" sizes=\"(max-width: 988px) 100vw, 988px\" \/><\/p>\n<hr \/>\n<h3 class=\"p1\"><b>E\u015e\u0130 HASTANEN\u0130N \u00d6N\u00dcNDE FENALA\u015eTI<\/b><b><\/b><\/h3>\n<p class=\"p1\">Volkan Konak\u2019\u0131n hastaneye saat 00.17\u2019de kalbi durmu\u015f \u015fekilde getirildi\u011fi, uzman ekip taraf\u0131ndan 25 dakikal\u0131k ileri ya\u015fam m\u00fcdahalesi yap\u0131ld\u0131\u011f\u0131 bildirildi. Ancak t\u00fcm \u00e7abalara ra\u011fmen saat 00.42\u2019de ya\u015fam\u0131n\u0131 yitirdi. Ba\u015fhekimlik, sanat\u00e7\u0131ya Allah\u2019tan rahmet, ailesine ve sevenlerine sab\u0131r dileyerek kamuoyuna bilgi verdi.<\/p>\n<p><img loading=\"lazy\" decoding=\"async\" class=\"alignnone wp-image-155087 \" src=\"https:\/\/www.tgrthaber.com\/mavikadin\/wp-content\/uploads\/Ekran-Resmi-2025-03-31-09.02.17.png\" alt=\"\" width=\"992\" height=\"585\" title=\"\" srcset=\"https:\/\/www.tgrthaber.com\/mavikadin\/wp-content\/uploads\/Ekran-Resmi-2025-03-31-09.02.17.png 926w, https:\/\/www.tgrthaber.com\/mavikadin\/wp-content\/uploads\/Ekran-Resmi-2025-03-31-09.02.17-300x177.png 300w, https:\/\/www.tgrthaber.com\/mavikadin\/wp-content\/uploads\/Ekran-Resmi-2025-03-31-09.02.17-768x453.png 768w\" sizes=\"(max-width: 992px) 100vw, 992px\" \/><\/p>\n<hr \/>\n<h3>VOLKAN KONAK K\u0130MD\u0130R?<\/h3>\n<p class=\"p1\">58 ya\u015f\u0131nda hayata veda eden Volkan Konak, 1967 y\u0131l\u0131nda Trabzon\u2019un Ma\u00e7ka il\u00e7esine ba\u011fl\u0131 Ye\u015filyurt k\u00f6y\u00fcnde d\u00fcnyaya geldi. E\u011fitim hayat\u0131na do\u011fup b\u00fcy\u00fcd\u00fc\u011f\u00fc bu b\u00f6lgede ba\u015flad\u0131. \u0130lk ve orta\u00f6\u011frenimini tamamlad\u0131ktan sonra, yetene\u011fini fark eden bir \u00f6\u011fretmeninin y\u00f6nlendirmesiyle 1983 y\u0131l\u0131nda \u0130stanbul Teknik \u00dcniversitesi T\u00fcrk M\u00fczi\u011fi Devlet Konservatuvar\u0131\u2019na kabul edildi. 1988\u2019de mezun olan Konak, ayn\u0131 y\u0131l \u0130T\u00dc\u2019de Halk M\u00fczi\u011fi alan\u0131nda y\u00fcksek lisans program\u0131na ba\u015flad\u0131 ve bu e\u011fitimini 1991\u2019de ba\u015far\u0131yla tamamlad\u0131.<\/p>\n<p><img loading=\"lazy\" decoding=\"async\" class=\"alignnone wp-image-155088 \" src=\"https:\/\/www.tgrthaber.com\/mavikadin\/wp-content\/uploads\/Ekran-Resmi-2025-03-31-09.02.11.png\" alt=\"\" width=\"995\" height=\"572\" title=\"\" srcset=\"https:\/\/www.tgrthaber.com\/mavikadin\/wp-content\/uploads\/Ekran-Resmi-2025-03-31-09.02.11.png 932w, https:\/\/www.tgrthaber.com\/mavikadin\/wp-content\/uploads\/Ekran-Resmi-2025-03-31-09.02.11-300x173.png 300w, https:\/\/www.tgrthaber.com\/mavikadin\/wp-content\/uploads\/Ekran-Resmi-2025-03-31-09.02.11-768x442.png 768w\" sizes=\"(max-width: 995px) 100vw, 995px\" \/><\/p>\n<hr \/>\n<p class=\"p1\">Sanatsal yolculu\u011funda Karadeniz\u2019in k\u00f6kl\u00fc ezgilerini \u00e7a\u011fda\u015f m\u00fczik anlay\u0131\u015f\u0131yla harmanlayarak \u00f6zg\u00fcn bir tarz olu\u015fturdu. M\u00fczik d\u00fcnyas\u0131ndaki \u00e7\u0131k\u0131\u015f\u0131n\u0131 1993\u2019te yay\u0131mlad\u0131\u011f\u0131 Efulim ile yapt\u0131. Ard\u0131ndan, 1994 Ekim\u2019inde Gelir misin Benimle adl\u0131 alb\u00fcm\u00fc dinleyiciyle bulu\u015ftu. Askerli\u011finin ard\u0131ndan h\u0131z kesmeden Volkanik Par\u00e7alar adl\u0131 \u00e7al\u0131\u015fmas\u0131 i\u00e7in st\u00fcdyoya girdi ve alb\u00fcm k\u0131sa s\u00fcrede m\u00fczikseverlerin ilgisini \u00e7ekti. 1998 Nisan ay\u0131nda kendi yap\u0131m \u015firketi olan Kuzey M\u00fczik Prod\u00fcksiyon\u2019u kurarak Pedaliza alb\u00fcm\u00fcn\u00fc dinleyiciye sundu. Gerek derin duygular bar\u0131nd\u0131ran s\u00f6zleri, gerekse e\u015fsiz yorumu ile haf\u0131zalara kaz\u0131nd\u0131.<\/p>\n","protected":false},"excerpt":{"rendered":"<p>Volkan Konak, d\u00fcn gece KKTC\u2019deki konseri s\u0131ras\u0131nda aniden fenala\u015farak hayat\u0131n\u0131 kaybetti. Sa\u011fl\u0131k ekipleri h\u0131zla m\u00fcdahale etti, ancak yo\u011fun \u00e7abaya ra\u011fmen kurtar\u0131lamad\u0131. Usta sanat\u00e7\u0131n\u0131n \u00f6l\u00fcm detay\u0131na dair merak edilenler ortaya \u00e7\u0131kt\u0131. <\/p>\n","protected":false},"author":16,"featured_media":155089,"comment_status":"closed","ping_status":"closed","sticky":false,"template":"","format":"standard","meta":{"rank_math_lock_modified_date":false,"footnotes":""},"categories":[76],"tags":[],"class_list":["post-155085","post","type-post","status-publish","format-standard","has-post-thumbnail","hentry","category-magazin"],"_links":{"self":[{"href":"https:\/\/www.tgrthaber.com\/mavikadin\/wp-json\/wp\/v2\/posts\/155085"}],"collection":[{"href":"https:\/\/www.tgrthaber.com\/mavikadin\/wp-json\/wp\/v2\/posts"}],"about":[{"href":"https:\/\/www.tgrthaber.com\/mavikadin\/wp-json\/wp\/v2\/types\/post"}],"author":[{"embeddable":true,"href":"https:\/\/www.tgrthaber.com\/mavikadin\/wp-json\/wp\/v2\/users\/16"}],"replies":[{"embeddable":true,"href":"https:\/\/www.tgrthaber.com\/mavikadin\/wp-json\/wp\/v2\/comments?post=155085"}],"version-history":[{"count":2,"href":"https:\/\/www.tgrthaber.com\/mavikadin\/wp-json\/wp\/v2\/posts\/155085\/revisions"}],"predecessor-version":[{"id":155091,"href":"https:\/\/www.tgrthaber.com\/mavikadin\/wp-json\/wp\/v2\/posts\/155085\/revisions\/155091"}],"wp:featuredmedia":[{"embeddable":true,"href":"https:\/\/www.tgrthaber.com\/mavikadin\/wp-json\/wp\/v2\/media\/155089"}],"wp:attachment":[{"href":"https:\/\/www.tgrthaber.com\/mavikadin\/wp-json\/wp\/v2\/media?parent=155085"}],"wp:term":[{"taxonomy":"category","embeddable":true,"href":"https:\/\/www.tgrthaber.com\/mavikadin\/wp-json\/wp\/v2\/categories?post=155085"},{"taxonomy":"post_tag","embeddable":true,"href":"https:\/\/www.tgrthaber.com\/mavikadin\/wp-json\/wp\/v2\/tags?post=155085"}],"curies":[{"name":"wp","href":"https:\/\/api.w.org\/{rel}","templated":true}]}}