{"id":155142,"date":"2025-03-31T11:36:04","date_gmt":"2025-03-31T08:36:04","guid":{"rendered":"https:\/\/www.tgrthaber.com\/mavikadin\/?p=155142"},"modified":"2025-03-31T11:36:04","modified_gmt":"2025-03-31T08:36:04","slug":"volkan-konaka-sahnede-ilk-mudahaleyi-yapan-doktorun-aciklamasi-yurek-burktu-megerse-yillar-once","status":"publish","type":"post","link":"https:\/\/www.tgrthaber.com\/mavikadin\/volkan-konaka-sahnede-ilk-mudahaleyi-yapan-doktorun-aciklamasi-yurek-burktu-megerse-yillar-once\/","title":{"rendered":"Volkan Konak&#8217;a sahnede ilk m\u00fcdahaleyi yapan doktorun a\u00e7\u0131klamas\u0131 y\u00fcrek burktu! Me\u011ferse y\u0131llar \u00f6nce.."},"content":{"rendered":"<p class=\"p1\">Kuzey K\u0131br\u0131s\u2019ta sahne al\u0131rken ge\u00e7irdi\u011fi kalp krizi sonucu hayat\u0131n\u0131 kaybeden Volkan Konak\u2019a yap\u0131lan ilk m\u00fcdahalenin ard\u0131nda duygu y\u00fckl\u00fc bir hik\u00e2ye \u00e7\u0131kt\u0131. Sanat\u00e7\u0131n\u0131n yard\u0131m etti\u011fi bir gencin y\u0131llar sonra doktor olarak kar\u015f\u0131s\u0131na \u00e7\u0131kmas\u0131 ve kalp krizi ge\u00e7irdi\u011fi s\u0131rada ona ilk m\u00fcdahaleyi yapan doktor olmas\u0131 dikkat \u00e7ekti. Doktorun sosyal medyada yapt\u0131\u011f\u0131 ilk a\u00e7\u0131klama ise y\u00fcrek burktu.<\/p>\n<h3>VOLKAN KONAK&#8217;A SAHNEDE \u0130LK M\u00dcDAHALEY\u0130 YAPAN DOKTORUN A\u00c7IKLAMASI Y\u00dcREK BURKTU<\/h3>\n<p class=\"p2\">Kuzey K\u0131br\u0131s\u2019ta sahne ald\u0131\u011f\u0131 s\u0131rada ge\u00e7irdi\u011fi kalp kriziyle hayata veda eden usta sanat\u00e7\u0131 Volkan Konak\u2019a yap\u0131lan ilk t\u0131bbi m\u00fcdahale, y\u0131llar \u00f6nce yard\u0131m eli uzatt\u0131\u011f\u0131 bir gen\u00e7 taraf\u0131ndan ger\u00e7ekle\u015ftirildi. Konser esnas\u0131nda fenala\u015fan Konak\u2019a h\u0131zla m\u00fcdahale eden doktorlardan biri, meslek hayat\u0131n\u0131n en duygusal anlar\u0131ndan birini ya\u015fad\u0131.<\/p>\n<p><img loading=\"lazy\" decoding=\"async\" class=\"alignnone wp-image-155149 size-large\" src=\"https:\/\/www.tgrthaber.com\/mavikadin\/wp-content\/uploads\/Ekran-Resmi-2025-03-31-11.29.18-1024x993.png\" alt=\"\" width=\"1024\" height=\"993\" title=\"\" srcset=\"https:\/\/www.tgrthaber.com\/mavikadin\/wp-content\/uploads\/Ekran-Resmi-2025-03-31-11.29.18-1024x993.png 1024w, https:\/\/www.tgrthaber.com\/mavikadin\/wp-content\/uploads\/Ekran-Resmi-2025-03-31-11.29.18-300x291.png 300w, https:\/\/www.tgrthaber.com\/mavikadin\/wp-content\/uploads\/Ekran-Resmi-2025-03-31-11.29.18-768x745.png 768w, https:\/\/www.tgrthaber.com\/mavikadin\/wp-content\/uploads\/Ekran-Resmi-2025-03-31-11.29.18.png 1440w\" sizes=\"(max-width: 1024px) 100vw, 1024px\" \/><\/p>\n<hr \/>\n<p class=\"p2\">M\u00fcdahaleyi ger\u00e7ekle\u015ftiren isim Ahmet G\u00f6rkem Yasak\u2019t\u0131. Yasak, \u0130stanbul \u00dcniversitesi T\u0131p Fak\u00fcltesi\u2019nde \u00f6\u011frenciyken, hen\u00fcz lise \u00e7a\u011flar\u0131nda Volkan Konak\u2019la tan\u0131\u015fm\u0131\u015ft\u0131. O y\u0131llarda kald\u0131\u011f\u0131 \u00f6\u011frenci yurdunda yap\u0131lan bir etkinli\u011fe kat\u0131lan Konak, maddi s\u0131k\u0131nt\u0131 \u00e7eken baz\u0131 \u00f6\u011frencilere manevi ve maddi destek sunmu\u015ftu. Bu yard\u0131m alan gen\u00e7lerden biri de Yasak\u2019t\u0131. Y\u0131llar sonra meslek sahibi olmu\u015f, hayat\u0131na hekim olarak devam ederken; bir konser gecesi, sahnede fenala\u015fan o yard\u0131msever sanat\u00e7\u0131n\u0131n hayat\u0131n\u0131 kurtarmak i\u00e7in \u00e7abalayan ki\u015fi haline gelmi\u015fti.<span class=\"Apple-converted-space\">\u00a0 <\/span>Ahmet G\u00f6rkem Yasak, konserde \u00e7ekti\u011fi videoya \u015fu notu d\u00fc\u015ft\u00fc:\u201c20 sene \u00f6nceydi&#8230;<\/p>\n<p><img loading=\"lazy\" decoding=\"async\" class=\"alignnone wp-image-155150 \" src=\"https:\/\/www.tgrthaber.com\/mavikadin\/wp-content\/uploads\/Ekran-Resmi-2025-03-31-11.29.30-962x1024.png\" alt=\"\" width=\"991\" height=\"1055\" title=\"\" srcset=\"https:\/\/www.tgrthaber.com\/mavikadin\/wp-content\/uploads\/Ekran-Resmi-2025-03-31-11.29.30-962x1024.png 962w, https:\/\/www.tgrthaber.com\/mavikadin\/wp-content\/uploads\/Ekran-Resmi-2025-03-31-11.29.30-282x300.png 282w, https:\/\/www.tgrthaber.com\/mavikadin\/wp-content\/uploads\/Ekran-Resmi-2025-03-31-11.29.30-768x818.png 768w, https:\/\/www.tgrthaber.com\/mavikadin\/wp-content\/uploads\/Ekran-Resmi-2025-03-31-11.29.30.png 1326w\" sizes=\"(max-width: 991px) 100vw, 991px\" \/><\/p>\n<hr \/>\n<p class=\"p2\">Kald\u0131\u011f\u0131m\u0131z \u00f6\u011frenci yurduna gelip &#8216;Gen\u00e7ler bir \u015feye ihtiyac\u0131n\u0131z oldu\u011funda beni direkt aray\u0131n&#8217; diye telefonunu vermi\u015ftin. Yard\u0131mc\u0131 oldu\u011fun o gen\u00e7 b\u00fcy\u00fcd\u00fc, doktor oldu; son anlar\u0131nda seni kurtarmaya \u00e7al\u0131\u015ft\u0131. G\u00fcle g\u00fcle Kuzeyin o\u011flu. Seni hi\u00e7 unutmayaca\u011f\u0131z&#8221; Konak\u2019\u0131n ya\u015fam m\u00fccadelesi ne yaz\u0131k ki hastanede son buldu. Ancak bu tesad\u00fcf, bir zamanlar yolunun kesi\u015fti\u011fi bir gencin y\u0131llar sonra kar\u015f\u0131s\u0131na doktor olarak \u00e7\u0131kmas\u0131yla, y\u00fcrek burkan ama anlam y\u00fckl\u00fc bir hik\u00e2yeye d\u00f6n\u00fc\u015ft\u00fc<\/p>\n","protected":false},"excerpt":{"rendered":"<p>Volkan Konak\u2019\u0131n sahnede ge\u00e7irdi\u011fi kalp krizi sonras\u0131 yap\u0131lan ilk m\u00fcdahale, y\u0131llar \u00f6nce yard\u0131m etti\u011fi bir gencin ellerinden geldi. O gen\u00e7 art\u0131k bir doktordu. Tesad\u00fcf gibi g\u00f6r\u00fcnen bu kar\u015f\u0131la\u015fma, sosyal medyada payla\u015f\u0131lan duygusal a\u00e7\u0131klamayla bamba\u015fka bir anlam kazand\u0131 ve y\u00fcrekleri da\u011flad\u0131.<\/p>\n","protected":false},"author":16,"featured_media":155156,"comment_status":"closed","ping_status":"closed","sticky":false,"template":"","format":"standard","meta":{"rank_math_lock_modified_date":false,"footnotes":""},"categories":[76],"tags":[16102,16160,16161],"class_list":["post-155142","post","type-post","status-publish","format-standard","has-post-thumbnail","hentry","category-magazin","tag-volkan-konak","tag-volkan-konak-doktor-aciklama","tag-volkan-konak-doktoru-yillar-once-yardim-ettigi-kisi"],"_links":{"self":[{"href":"https:\/\/www.tgrthaber.com\/mavikadin\/wp-json\/wp\/v2\/posts\/155142"}],"collection":[{"href":"https:\/\/www.tgrthaber.com\/mavikadin\/wp-json\/wp\/v2\/posts"}],"about":[{"href":"https:\/\/www.tgrthaber.com\/mavikadin\/wp-json\/wp\/v2\/types\/post"}],"author":[{"embeddable":true,"href":"https:\/\/www.tgrthaber.com\/mavikadin\/wp-json\/wp\/v2\/users\/16"}],"replies":[{"embeddable":true,"href":"https:\/\/www.tgrthaber.com\/mavikadin\/wp-json\/wp\/v2\/comments?post=155142"}],"version-history":[{"count":1,"href":"https:\/\/www.tgrthaber.com\/mavikadin\/wp-json\/wp\/v2\/posts\/155142\/revisions"}],"predecessor-version":[{"id":155157,"href":"https:\/\/www.tgrthaber.com\/mavikadin\/wp-json\/wp\/v2\/posts\/155142\/revisions\/155157"}],"wp:featuredmedia":[{"embeddable":true,"href":"https:\/\/www.tgrthaber.com\/mavikadin\/wp-json\/wp\/v2\/media\/155156"}],"wp:attachment":[{"href":"https:\/\/www.tgrthaber.com\/mavikadin\/wp-json\/wp\/v2\/media?parent=155142"}],"wp:term":[{"taxonomy":"category","embeddable":true,"href":"https:\/\/www.tgrthaber.com\/mavikadin\/wp-json\/wp\/v2\/categories?post=155142"},{"taxonomy":"post_tag","embeddable":true,"href":"https:\/\/www.tgrthaber.com\/mavikadin\/wp-json\/wp\/v2\/tags?post=155142"}],"curies":[{"name":"wp","href":"https:\/\/api.w.org\/{rel}","templated":true}]}}