{"id":155147,"date":"2025-03-31T11:41:01","date_gmt":"2025-03-31T08:41:01","guid":{"rendered":"https:\/\/www.tgrthaber.com\/mavikadin\/?p=155147"},"modified":"2025-03-31T11:41:01","modified_gmt":"2025-03-31T08:41:01","slug":"volkan-konakin-ablasi-nuran-bahcekapili-kimdir","status":"publish","type":"post","link":"https:\/\/www.tgrthaber.com\/mavikadin\/volkan-konakin-ablasi-nuran-bahcekapili-kimdir\/","title":{"rendered":"Volkan Konak&#8217;\u0131n ablas\u0131 Nuran Bah\u00e7ekap\u0131l\u0131 kimdir?"},"content":{"rendered":"<p>Kuzey K\u0131br\u0131s\u2019ta sevenlerine m\u00fczik ziyafeti veren Volkan Konak, konser s\u0131ras\u0131nda birdenbire rahats\u0131zlanarak sevenlerini korkuttu. Sahne almadan \u00f6nce hi\u00e7bir \u015feyi yok iken \u015fark\u0131 s\u00f6ylerken bir anda fenal\u0131k ge\u00e7iren Volkan Konak, doktorlar\u0131n m\u00fcdahalelerine ra\u011fmen hayat\u0131n\u0131 kaybetti.<\/p>\n<p>Beklenmedik \u00f6l\u00fcm\u00fcyle herkeste \u015fok etkisi b\u0131rakan merhum isim Volkan Konak&#8217;\u0131n \u00f6zel hayat\u0131 ara\u015ft\u0131r\u0131l\u0131r oldu. Peki Volkan Konak&#8217;\u0131n ailesi kimdir, abisi ya da ablas\u0131 var m\u0131? Sanat\u00e7\u0131 Volkan Konak&#8217;\u0131n eserlerinden birka\u00e7\u0131n\u0131n s\u00f6zlerinin ona ait oldu\u011fu Nuran bah\u00e7ekap\u0131l\u0131 kimdir?<\/p>\n<h3>VOLKAN KONAK&#8217;IN ABLASI NURAN BAH\u00c7EKAPILI K\u0130MD\u0130R?<\/h3>\n<p>&#8220;Kuzeyin O\u011flu&#8221; lakab\u0131yla sanat d\u00fcnyas\u0131nda \u00f6ne \u00e7\u0131km\u0131\u015f isimlerden biri olup sevenlerinin oldu\u011fu sanat\u00e7\u0131 Volkan Konak&#8217;\u0131n ablas\u0131 olan Nuran Bah\u00e7ekap\u0131l\u0131 yazarl\u0131k mesle\u011fi ile me\u015fgul olmaktad\u0131r.<\/p>\n<p><img loading=\"lazy\" decoding=\"async\" class=\"alignnone wp-image-155159\" src=\"https:\/\/www.tgrthaber.com\/mavikadin\/wp-content\/uploads\/ffs-8.png\" alt=\"\" width=\"1208\" height=\"648\" title=\"\" srcset=\"https:\/\/www.tgrthaber.com\/mavikadin\/wp-content\/uploads\/ffs-8.png 908w, https:\/\/www.tgrthaber.com\/mavikadin\/wp-content\/uploads\/ffs-8-300x161.png 300w, https:\/\/www.tgrthaber.com\/mavikadin\/wp-content\/uploads\/ffs-8-768x412.png 768w\" sizes=\"(max-width: 1208px) 100vw, 1208px\" \/><\/p>\n<hr \/>\n<p>Hem yazar olup hem de sanat\u00e7\u0131 karde\u015fi Volkan Konak&#8217;\u0131n baz\u0131 par\u00e7alar\u0131n\u0131n s\u00f6z yazarl\u0131\u011f\u0131n\u0131 \u00fcstlenen Nuran Bah\u00e7ekap\u0131l\u0131, \u00f6zellikle &#8220;Garda\u015f&#8221; isimli par\u00e7an\u0131n s\u00f6zleri ile tan\u0131n\u0131r hale gelmektedir.<\/p>\n<p>Ayr\u0131ca, Volkan Konak&#8217;\u0131n kanserden dolay\u0131 hayat\u0131n\u0131 kaybeden babas\u0131 i\u00e7in seslendirdi\u011fi &#8220;Cerrahpa\u015fa&#8221; isimli eserin s\u00f6zlerinin de Nuran Bah\u00e7ekap\u0131l\u0131&#8217;ya ait oldu\u011fu bilinmektedir. \u200b<\/p>\n<h3>VOLKAN KONAK&#8217;IN AB\u0130S\u0130 VAR MIYDI?<\/h3>\n<p>Hayat\u0131n\u0131 kaybeden Volkan Konak\u2019\u0131n erkek karde\u015fi ya da abisi oldu\u011funa y\u00f6nelik net bir bilgi bulunmamaktad\u0131r. Vefat eden Konak&#8217;\u0131n tek karde\u015fi ablas\u0131 Nuran Bah\u00e7ekap\u0131l\u0131 oldu\u011fu bilinmektedir.<\/p>\n<h3>HAYATINI KAYBEDEN VOLKAN KONAK \u0130\u00c7\u0130N SA\u011eLIK BAKANLI\u011eINDAN \u0130LK A\u00c7IKLAMA!<\/h3>\n<p>Bakanl\u0131k, KKTC&#8217;de sahne ald\u0131\u011f\u0131 esnada hayat\u0131n\u0131 kaybeden Volkan Konak&#8217;\u0131n \u00f6l\u00fcm\u00fcne dair \u015fu yaz\u0131l\u0131 a\u00e7\u0131klamada bulundu:<\/p>\n<p><img loading=\"lazy\" decoding=\"async\" class=\"alignnone wp-image-155155\" src=\"https:\/\/www.tgrthaber.com\/mavikadin\/wp-content\/uploads\/haber-gorselleri-fotoshop-2025-03-31T113344.216.jpg\" alt=\"Volkan Konak&#039;\u0131n k\u0131z\u0131 Derin Konak ka\u00e7 ya\u015f\u0131nda? Derin Konak mesle\u011fi ne?\" width=\"1208\" height=\"680\" title=\"\" srcset=\"https:\/\/www.tgrthaber.com\/mavikadin\/wp-content\/uploads\/haber-gorselleri-fotoshop-2025-03-31T113344.216.jpg 1600w, https:\/\/www.tgrthaber.com\/mavikadin\/wp-content\/uploads\/haber-gorselleri-fotoshop-2025-03-31T113344.216-300x169.jpg 300w, https:\/\/www.tgrthaber.com\/mavikadin\/wp-content\/uploads\/haber-gorselleri-fotoshop-2025-03-31T113344.216-1024x576.jpg 1024w, https:\/\/www.tgrthaber.com\/mavikadin\/wp-content\/uploads\/haber-gorselleri-fotoshop-2025-03-31T113344.216-768x432.jpg 768w, https:\/\/www.tgrthaber.com\/mavikadin\/wp-content\/uploads\/haber-gorselleri-fotoshop-2025-03-31T113344.216-1536x864.jpg 1536w\" sizes=\"(max-width: 1208px) 100vw, 1208px\" \/><\/p>\n<hr \/>\n<p>&#8220;Bu gece aniden rahats\u0131zlanmas\u0131 nedeniyle 00.17\u2019de Ma\u011fusa Devlet Hastanesi\u2019ne m\u00fcracaat ettirilen sanat\u00e7\u0131 Volkan Konak, 00.42\u2019de t\u00fcm m\u00fcdahalelere ra\u011fmen maalesef hayat\u0131n\u0131 kaybetmi\u015ftir. Detayl\u0131 a\u00e7\u0131klama Ma\u011fusa Devlet Hastanesi Ba\u015fhekimli\u011fi taraf\u0131ndan yaz\u0131l\u0131 olarak yap\u0131lacakt\u0131r.&#8221;<\/p>\n<p>Gazima\u011fusa Devlet Hastanesi Ba\u015fhekimli\u011finden yap\u0131lan yaz\u0131l\u0131 a\u00e7\u0131klamada, d\u00fcn saat 23.23 s\u0131ralar\u0131nda gelen ihbarlar \u00fczerine 112 acil sa\u011fl\u0131k ekibinin Volkan Konak&#8217;\u0131n konser verdi\u011fi otele h\u0131zla intikal etti\u011fi, Konak&#8217;a ilk t\u0131bbi m\u00fcdahalenin alanda bulunan doktorlar ve daha sonra 112 ekibi taraf\u0131ndan yap\u0131ld\u0131\u011f\u0131 belirtildi.<\/p>\n","protected":false},"excerpt":{"rendered":"<p>Volkan Konak&#8217;\u0131n sevilen par\u00e7alar\u0131ndan biri olup halk aras\u0131nda yayg\u0131n bilinen &#8216;Cerrahpa\u015fa&#8217; t\u00fcrk\u00fcs\u00fcn\u00fcn s\u00f6z yazarl\u0131\u011f\u0131n\u0131 yapan Konak&#8217;\u0131n ablas\u0131 Nuran Bah\u00e7ekap\u0131l\u0131 kimdir?<\/p>\n","protected":false},"author":27,"featured_media":155039,"comment_status":"closed","ping_status":"closed","sticky":false,"template":"","format":"standard","meta":{"rank_math_lock_modified_date":false,"footnotes":""},"categories":[76],"tags":[16164,16163,16102,16139,16162],"class_list":["post-155147","post","type-post","status-publish","format-standard","has-post-thumbnail","hentry","category-magazin","tag-cerrahpasa-turkusu-yazari","tag-nuran-bahcekapili-kimdir","tag-volkan-konak","tag-volkan-konak-oldu","tag-volkan-konakin-ablasi"],"_links":{"self":[{"href":"https:\/\/www.tgrthaber.com\/mavikadin\/wp-json\/wp\/v2\/posts\/155147"}],"collection":[{"href":"https:\/\/www.tgrthaber.com\/mavikadin\/wp-json\/wp\/v2\/posts"}],"about":[{"href":"https:\/\/www.tgrthaber.com\/mavikadin\/wp-json\/wp\/v2\/types\/post"}],"author":[{"embeddable":true,"href":"https:\/\/www.tgrthaber.com\/mavikadin\/wp-json\/wp\/v2\/users\/27"}],"replies":[{"embeddable":true,"href":"https:\/\/www.tgrthaber.com\/mavikadin\/wp-json\/wp\/v2\/comments?post=155147"}],"version-history":[{"count":1,"href":"https:\/\/www.tgrthaber.com\/mavikadin\/wp-json\/wp\/v2\/posts\/155147\/revisions"}],"predecessor-version":[{"id":155161,"href":"https:\/\/www.tgrthaber.com\/mavikadin\/wp-json\/wp\/v2\/posts\/155147\/revisions\/155161"}],"wp:featuredmedia":[{"embeddable":true,"href":"https:\/\/www.tgrthaber.com\/mavikadin\/wp-json\/wp\/v2\/media\/155039"}],"wp:attachment":[{"href":"https:\/\/www.tgrthaber.com\/mavikadin\/wp-json\/wp\/v2\/media?parent=155147"}],"wp:term":[{"taxonomy":"category","embeddable":true,"href":"https:\/\/www.tgrthaber.com\/mavikadin\/wp-json\/wp\/v2\/categories?post=155147"},{"taxonomy":"post_tag","embeddable":true,"href":"https:\/\/www.tgrthaber.com\/mavikadin\/wp-json\/wp\/v2\/tags?post=155147"}],"curies":[{"name":"wp","href":"https:\/\/api.w.org\/{rel}","templated":true}]}}