{"id":155174,"date":"2025-03-31T12:38:33","date_gmt":"2025-03-31T09:38:33","guid":{"rendered":"https:\/\/www.tgrthaber.com\/mavikadin\/?p=155174"},"modified":"2025-03-31T12:44:30","modified_gmt":"2025-03-31T09:44:30","slug":"kadir-ezildiden-2025-sitemi-ole-ole-sanatci-kalmayacak-sanirim","status":"publish","type":"post","link":"https:\/\/www.tgrthaber.com\/mavikadin\/kadir-ezildiden-2025-sitemi-ole-ole-sanatci-kalmayacak-sanirim\/","title":{"rendered":"Kadir Ezildi&#8217;den 2025 sitemi! \u00d6le \u00f6le sanat\u00e7\u0131 kalmayacak san\u0131r\u0131m"},"content":{"rendered":"<p class=\"p1\">Temizlik ve ya\u015fam tarz\u0131 programlar\u0131yla tan\u0131nan Kadir Ezildi, k\u0131sa s\u00fcre i\u00e7inde sanat d\u00fcnyas\u0131n\u0131 derinden sarsan iki b\u00fcy\u00fck kayb\u0131n ard\u0131ndan 2025 y\u0131l\u0131na olan k\u0131rg\u0131nl\u0131\u011f\u0131n\u0131 sosyal medya \u00fczerinden dile getirdi. \u00d6nce T\u00fcrk m\u00fczi\u011finin usta sesi Edip Akbayram\u2019\u0131n \u00e7oklu organ yetmezli\u011fi nedeniyle hayata veda etmesi, ard\u0131ndan da Volkan Konak\u2019\u0131n sahnede ge\u00e7irdi\u011fi kalp krizi sonras\u0131 ya\u015fam\u0131n\u0131 yitirmesi, Ezildi ba\u015fta olmak \u00fczere milyonlarca seveni yasa bo\u011fdu. \u00dcnl\u00fc sunucu Kadir Ezildi, &#8216;Bir saat sonram\u0131z\u0131n garantisi yok. Bayramsa bayram\u0131n tad\u0131n\u0131 \u00e7\u0131kar\u0131n&#8217; c\u00fcmleleriyle dikkat \u00e7ekti.<\/p>\n<h3>KAD\u0130R EZ\u0130LD\u0130 2025 S\u0130TEM\u0130! \u00d6LE \u00d6LE SANAT\u00c7I KALMAYACAK<\/h3>\n<p class=\"p1\">Kadir Ezildi, son d\u00f6nemde pe\u015f pe\u015fe ya\u015fanan sanat\u00e7\u0131 kay\u0131plar\u0131na sessiz kalmad\u0131. \u00d6nce Edip Akbayram\u2019\u0131n ard\u0131ndan Volkan Konak\u2019\u0131n hayat\u0131n\u0131 kaybetmesiyle duygular\u0131n\u0131 sosyal medyada payla\u015fan Ezildi, 2025 y\u0131l\u0131na olan k\u0131rg\u0131nl\u0131\u011f\u0131n\u0131 i\u00e7ten ifadelerle dile getirdi. &#8216;Her g\u00fcn uyan\u0131yoruz biri \u00f6l\u00fcyor,\u00a0 \u00f6le \u00f6le sanat\u00e7\u0131 kalmayacak&#8217; s\u00f6zleriyle takip\u00e7ilerine serzeni\u015fte bulunan Ezildi, \u00f6zellikle Volkan Konak\u2019\u0131n sahnede ge\u00e7irdi\u011fi kalp krizi sonras\u0131 gelen ac\u0131 haberin etkisinden \u00e7\u0131kamad\u0131\u011f\u0131n\u0131 belirtti. Payla\u015f\u0131m\u0131n\u0131n devam\u0131nda, &#8216;Bir saat sonra ne olaca\u011f\u0131n\u0131 bilemiyoruz. Bayramsa bayram, tad\u0131n\u0131 \u00e7\u0131kar\u0131n. Sevdiklerinize zaman ay\u0131r\u0131n&#8217; diyerek ya\u015fam\u0131n de\u011ferine vurgu yapt\u0131. Bu duygusal payla\u015f\u0131m, k\u0131sa s\u00fcrede sosyal medyada b\u00fcy\u00fck ilgi g\u00f6rd\u00fc.<\/p>\n<div style=\"width: 640px;\" class=\"wp-video\"><!--[if lt IE 9]><script>document.createElement('video');<\/script><![endif]-->\n<video class=\"wp-video-shortcode\" id=\"video-155174-1\" width=\"640\" height=\"1138\" preload=\"metadata\" controls=\"controls\"><source type=\"video\/mp4\" src=\"https:\/\/www.tgrthaber.com\/mavikadin\/wp-content\/uploads\/Instagram-kadir_ezildi-stories-3600322426781942917.mp4?_=1\" \/><a href=\"https:\/\/www.tgrthaber.com\/mavikadin\/wp-content\/uploads\/Instagram-kadir_ezildi-stories-3600322426781942917.mp4\">https:\/\/www.tgrthaber.com\/mavikadin\/wp-content\/uploads\/Instagram-kadir_ezildi-stories-3600322426781942917.mp4<\/a><\/video><\/div>\n<h3>KAD\u0130R EZ\u0130LD\u0130 K\u0130MD\u0130R?<\/h3>\n<p class=\"p2\">Kadir Ezildi, 19 Mart 1995&#8217;te Konya&#8217;da do\u011fmu\u015f ve aslen Konyal\u0131d\u0131r. Babas\u0131 doktor, annesi ise Bayburtlu olan Ezildi, ailesinin ayr\u0131lmas\u0131n\u0131n ard\u0131ndan annesi ve karde\u015fiyle birlikte \u0130stanbul\u2019da ya\u015fam\u0131n\u0131 s\u00fcrd\u00fcrmektedir. E\u011fitim hayat\u0131n\u0131n ard\u0131ndan bir hastanede ar\u015fiv sorumlusu olarak \u00e7al\u0131\u015fmaya ba\u015flayan Kadir Ezildi, temizlik konusundaki titizli\u011fiyle tan\u0131nd\u0131. Bu y\u00f6n\u00fcyle dikkat \u00e7eken Ezildi, &#8216;Temizlik Avc\u0131lar\u0131&#8217; program\u0131nda yer ald\u0131 ve sonras\u0131nda &#8216;Temizlik Benim \u0130\u015fim&#8217; ve &#8216;En Hamarat Benim&#8217; gibi programlar\u0131 sunarak televizyon kariyerine devam etti.<\/p>\n<p><img loading=\"lazy\" decoding=\"async\" class=\"alignnone wp-image-155184 \" src=\"https:\/\/www.tgrthaber.com\/mavikadin\/wp-content\/uploads\/Ekran-Resmi-2025-03-31-12.32.54.png\" alt=\"\" width=\"994\" height=\"625\" title=\"\" srcset=\"https:\/\/www.tgrthaber.com\/mavikadin\/wp-content\/uploads\/Ekran-Resmi-2025-03-31-12.32.54.png 884w, https:\/\/www.tgrthaber.com\/mavikadin\/wp-content\/uploads\/Ekran-Resmi-2025-03-31-12.32.54-300x189.png 300w, https:\/\/www.tgrthaber.com\/mavikadin\/wp-content\/uploads\/Ekran-Resmi-2025-03-31-12.32.54-768x483.png 768w\" sizes=\"(max-width: 994px) 100vw, 994px\" \/><\/p>\n<hr \/>\n<h3 class=\"p1\">KAD\u0130R EZ\u0130LD\u0130\u2019N\u0130N SUNDU\u011eU PROGRAMLAR NELER?<\/h3>\n<p class=\"p1\">Temizlik Avc\u0131lar\u0131<\/p>\n<p class=\"p1\">Temizlik Benim \u0130\u015fim<\/p>\n<p class=\"p1\">En Hamarat Benim<\/p>\n","protected":false},"excerpt":{"rendered":"<p>Kadir Ezildi, 2025\u2019te art arda ya\u015fanan ac\u0131 kay\u0131plar\u0131n ard\u0131ndan sosyal medyada yapt\u0131\u011f\u0131 payla\u015f\u0131mla dikkat \u00e7ekti.  Edip Akbayram ve Volkan Konak\u2019\u0131n vefatlar\u0131 \u00fczerine yapt\u0131\u011f\u0131 payla\u015f\u0131mda, ya\u015fam\u0131n k\u0131r\u0131lganl\u0131\u011f\u0131na vurgu yaparak &#8216;Bir saat sonras\u0131 bile belli de\u011fil&#8217; s\u00f6zleriyle takip\u00e7ilerine anlaml\u0131 bir mesaj verdi.<\/p>\n","protected":false},"author":16,"featured_media":155186,"comment_status":"closed","ping_status":"closed","sticky":false,"template":"","format":"standard","meta":{"rank_math_lock_modified_date":false,"footnotes":""},"categories":[76],"tags":[16170,15494],"class_list":["post-155174","post","type-post","status-publish","format-standard","has-post-thumbnail","hentry","category-magazin","tag-kadir-ezildi-2025-sitemi","tag-kadir-ezildi-kimdir"],"_links":{"self":[{"href":"https:\/\/www.tgrthaber.com\/mavikadin\/wp-json\/wp\/v2\/posts\/155174"}],"collection":[{"href":"https:\/\/www.tgrthaber.com\/mavikadin\/wp-json\/wp\/v2\/posts"}],"about":[{"href":"https:\/\/www.tgrthaber.com\/mavikadin\/wp-json\/wp\/v2\/types\/post"}],"author":[{"embeddable":true,"href":"https:\/\/www.tgrthaber.com\/mavikadin\/wp-json\/wp\/v2\/users\/16"}],"replies":[{"embeddable":true,"href":"https:\/\/www.tgrthaber.com\/mavikadin\/wp-json\/wp\/v2\/comments?post=155174"}],"version-history":[{"count":4,"href":"https:\/\/www.tgrthaber.com\/mavikadin\/wp-json\/wp\/v2\/posts\/155174\/revisions"}],"predecessor-version":[{"id":155195,"href":"https:\/\/www.tgrthaber.com\/mavikadin\/wp-json\/wp\/v2\/posts\/155174\/revisions\/155195"}],"wp:featuredmedia":[{"embeddable":true,"href":"https:\/\/www.tgrthaber.com\/mavikadin\/wp-json\/wp\/v2\/media\/155186"}],"wp:attachment":[{"href":"https:\/\/www.tgrthaber.com\/mavikadin\/wp-json\/wp\/v2\/media?parent=155174"}],"wp:term":[{"taxonomy":"category","embeddable":true,"href":"https:\/\/www.tgrthaber.com\/mavikadin\/wp-json\/wp\/v2\/categories?post=155174"},{"taxonomy":"post_tag","embeddable":true,"href":"https:\/\/www.tgrthaber.com\/mavikadin\/wp-json\/wp\/v2\/tags?post=155174"}],"curies":[{"name":"wp","href":"https:\/\/api.w.org\/{rel}","templated":true}]}}