{"id":155176,"date":"2025-03-31T12:37:47","date_gmt":"2025-03-31T09:37:47","guid":{"rendered":"https:\/\/www.tgrthaber.com\/mavikadin\/?p=155176"},"modified":"2025-03-31T12:37:48","modified_gmt":"2025-03-31T09:37:48","slug":"vefat-eden-volkan-konakin-vasiyetiyle-ilgili-gercek-ortaya-cikti-asil-istegi-boyleymis","status":"publish","type":"post","link":"https:\/\/www.tgrthaber.com\/mavikadin\/vefat-eden-volkan-konakin-vasiyetiyle-ilgili-gercek-ortaya-cikti-asil-istegi-boyleymis\/","title":{"rendered":"Vefat eden Volkan Konak\u2019\u0131n vasiyetiyle ilgili ger\u00e7ek ortaya \u00e7\u0131kt\u0131! As\u0131l iste\u011fi b\u00f6yleymi\u015f"},"content":{"rendered":"<p>Bayram&#8217;da konser vermek i\u00e7in Kuzey K\u0131br\u0131s T\u00fcrk Cumhuriyeti&#8217;ndeki bir mekana giden Volkan Konak, sevenlerine konser ziyafeti verir iken sahneden bir anda fenala\u015fmas\u0131 \u00fczerine hayat\u0131n\u0131 kaybetti. Gece saat 23.23 sular\u0131nda meydana gelen fenala\u015fma ile 112 acil sa\u011fl\u0131k ekibi h\u0131zla ilk m\u00fcdahalelerde bulundu.<\/p>\n<p>Doktorlar\u0131n da duruma el atmas\u0131 ile beraber yap\u0131lan t\u00fcm m\u00fcdahaleler do\u011frultusunda hayata g\u00f6zlerini yuman sanat\u00e7\u0131 Volkan Konak&#8217;\u0131n beklenmeyen bu ani \u00f6l\u00fcm\u00fc herkesi derinden sarst\u0131.<\/p>\n<p>K\u0131br\u0131s&#8217;ta sahne alan Sibel Can ile Hakan Altu\u011f, Konak&#8217;\u0131n durumunu \u00f6\u011frenir \u00f6\u011frenmez hastaneye ko\u015ftu. Vefat etmeden \u00f6nce yak\u0131n zamanda yapt\u0131\u011f\u0131 bir a\u00e7\u0131klamas\u0131 ile merhum sanat\u00e7\u0131n\u0131n vasiyeti de ortaya \u00e7\u0131km\u0131\u015f oldu. Peki Volkan Konak&#8217;\u0131n vasiyeti neydi?<\/p>\n<h3>KONSER SIRASINDA FENALA\u015eAN VOLKAN KONAK&#8217;IN VAS\u0130YET\u0130! ME\u011eER SON \u0130STE\u011e\u0130 OYMU\u015e&#8230;<\/h3>\n<p>Yak\u0131n zamanda Aile mezarl\u0131\u011f\u0131nda iken \u00f6ld\u00fckten sonra kendisinin nereye g\u00f6m\u00fclmek istedi\u011fini a\u00e7\u0131klayan merhum isim Volkan Konak, vefat etmeden \u00f6nce aynen \u015fu s\u00f6zleri s\u00f6yleyerek vasiyetini dile getirmi\u015fti:<\/p>\n<p><img loading=\"lazy\" decoding=\"async\" class=\"alignnone wp-image-155155\" src=\"https:\/\/www.tgrthaber.com\/mavikadin\/wp-content\/uploads\/haber-gorselleri-fotoshop-2025-03-31T113344.216.jpg\" alt=\"Volkan Konak&#039;\u0131n k\u0131z\u0131 Derin Konak ka\u00e7 ya\u015f\u0131nda? Derin Konak mesle\u011fi ne?\" width=\"1208\" height=\"680\" title=\"\" srcset=\"https:\/\/www.tgrthaber.com\/mavikadin\/wp-content\/uploads\/haber-gorselleri-fotoshop-2025-03-31T113344.216.jpg 1600w, https:\/\/www.tgrthaber.com\/mavikadin\/wp-content\/uploads\/haber-gorselleri-fotoshop-2025-03-31T113344.216-300x169.jpg 300w, https:\/\/www.tgrthaber.com\/mavikadin\/wp-content\/uploads\/haber-gorselleri-fotoshop-2025-03-31T113344.216-1024x576.jpg 1024w, https:\/\/www.tgrthaber.com\/mavikadin\/wp-content\/uploads\/haber-gorselleri-fotoshop-2025-03-31T113344.216-768x432.jpg 768w, https:\/\/www.tgrthaber.com\/mavikadin\/wp-content\/uploads\/haber-gorselleri-fotoshop-2025-03-31T113344.216-1536x864.jpg 1536w\" sizes=\"(max-width: 1208px) 100vw, 1208px\" \/><\/p>\n<hr \/>\n<p>&#8220;En g\u00fczel yeri kendime ay\u0131rd\u0131m. Koca \u00e7\u0131nar a\u011fac\u0131n\u0131n alt\u0131na beni g\u00f6m\u00fcn dedim.&#8221;<\/p>\n<h3>VOLKAN KONAK&#8217;IN CENAZE DETAYLARI BELL\u0130 OLDU!<\/h3>\n<p>K\u0131br\u0131s&#8217;ta konser verirken fenal\u0131k ge\u00e7irerek hayat\u0131n\u0131 kaybeden Volkan Konak&#8217;\u0131n cenazesinin Gazima\u011fusa Devlet Hastanesi morgundan al\u0131narak \u00f6\u011fle saatlerine do\u011fru ba\u015fkent Lefko\u015fa&#8217;daki Dr. Burhan Nalbanto\u011flu Devlet Hastanesi&#8217;nde olan Adli T\u0131p Birimi&#8217;ne kald\u0131r\u0131laca\u011f\u0131 ve burada otopsi i\u015fleminin tamamlanaca\u011f\u0131 \u00f6\u011frenildi.<\/p>\n<p><img loading=\"lazy\" decoding=\"async\" class=\"alignnone wp-image-155123\" src=\"https:\/\/www.tgrthaber.com\/mavikadin\/wp-content\/uploads\/Ekran-Resmi-2025-03-31-10.31.56.png\" alt=\"\" width=\"1208\" height=\"746\" title=\"\" srcset=\"https:\/\/www.tgrthaber.com\/mavikadin\/wp-content\/uploads\/Ekran-Resmi-2025-03-31-10.31.56.png 910w, https:\/\/www.tgrthaber.com\/mavikadin\/wp-content\/uploads\/Ekran-Resmi-2025-03-31-10.31.56-300x185.png 300w, https:\/\/www.tgrthaber.com\/mavikadin\/wp-content\/uploads\/Ekran-Resmi-2025-03-31-10.31.56-768x474.png 768w\" sizes=\"(max-width: 1208px) 100vw, 1208px\" \/><\/p>\n<hr \/>\n<p>Otopsi i\u015flemlerinin sona ermesi ile birlikte cenazesi T\u00fcrkiye\u2019ye gelecek olan sanat\u00e7\u0131 Volkan Konak\u2019\u0131n, Trabzon&#8217;un Ma\u00e7ka il\u00e7esinde babas\u0131n\u0131n yan\u0131na defnedilece\u011fi a\u00e7\u0131kland\u0131.<\/p>\n<h3>SANAT\u00c7I VOLKAN KONAK KURTARILAMADI! \u0130\u015eTE \u00d6L\u00dcM DETAYLARI&#8230;<\/h3>\n<p>Merhum sanat\u00e7\u0131 Volkan Konak&#8217;\u0131n \u00f6l\u00fcm\u00fcne y\u00f6nelik yap\u0131lan yaz\u0131l\u0131 a\u00e7\u0131klamada, &#8220;Sanat\u00e7\u0131 00.17\u2019de hastanemize &#8216;Ex duhul&#8217; olarak giri\u015f yapm\u0131\u015f ve vakit kaybetmeden CPR (Temel Ya\u015fam Deste\u011fi) odas\u0131na al\u0131nm\u0131\u015ft\u0131r. Burada anestezi uzman\u0131, acil servis hekimleri, i\u00e7 hastal\u0131klar\u0131 ve kardiyoloji uzmanlar\u0131ndan olu\u015fan bir ekip taraf\u0131ndan 25 dakika s\u00fcreyle ileri ya\u015fam deste\u011fi uygulanm\u0131\u015ft\u0131r. Ancak yap\u0131lan t\u00fcm t\u0131bbi m\u00fcdahalelere ra\u011fmen yan\u0131t al\u0131namam\u0131\u015ft\u0131r.<\/p>\n<p>Sanat\u00e7\u0131 Volkan Konak, t\u00fcm t\u0131bbi \u00e7abalara ra\u011fmen, ge\u00e7irmi\u015f oldu\u011fu klinik s\u00fcre\u00e7 g\u00f6z \u00f6n\u00fcnde bulundurularak, saat 00.42&#8217;de hayat\u0131n\u0131 kaybetmi\u015f (Ex kabul edilmi\u015f) ve CPR\u2019a son verilmi\u015ftir.&#8221; ifadelerine yer verildi.<\/p>\n","protected":false},"excerpt":{"rendered":"<p>K\u0131br\u0131s&#8217;ta sahne alan sanat\u00e7\u0131 Volkan Konak&#8217;\u0131n vasiyeti ortaya \u00e7\u0131kt\u0131. Hayat\u0131n\u0131 kaybeden merhum isim Volkan Konak, \u00e7am a\u011fac\u0131n\u0131n alt\u0131na g\u00f6m\u00fclmek istedi\u011fini s\u00f6yleyerek vasiyetini dillendirmi\u015fti.<\/p>\n","protected":false},"author":27,"featured_media":155089,"comment_status":"closed","ping_status":"closed","sticky":false,"template":"","format":"standard","meta":{"rank_math_lock_modified_date":false,"footnotes":""},"categories":[76],"tags":[16102,16130,16153,16135],"class_list":["post-155176","post","type-post","status-publish","format-standard","has-post-thumbnail","hentry","category-magazin","tag-volkan-konak","tag-volkan-konak-cenazesi","tag-volkan-konak-neden-oldu","tag-volkan-konak-vasiyeti"],"_links":{"self":[{"href":"https:\/\/www.tgrthaber.com\/mavikadin\/wp-json\/wp\/v2\/posts\/155176"}],"collection":[{"href":"https:\/\/www.tgrthaber.com\/mavikadin\/wp-json\/wp\/v2\/posts"}],"about":[{"href":"https:\/\/www.tgrthaber.com\/mavikadin\/wp-json\/wp\/v2\/types\/post"}],"author":[{"embeddable":true,"href":"https:\/\/www.tgrthaber.com\/mavikadin\/wp-json\/wp\/v2\/users\/27"}],"replies":[{"embeddable":true,"href":"https:\/\/www.tgrthaber.com\/mavikadin\/wp-json\/wp\/v2\/comments?post=155176"}],"version-history":[{"count":2,"href":"https:\/\/www.tgrthaber.com\/mavikadin\/wp-json\/wp\/v2\/posts\/155176\/revisions"}],"predecessor-version":[{"id":155188,"href":"https:\/\/www.tgrthaber.com\/mavikadin\/wp-json\/wp\/v2\/posts\/155176\/revisions\/155188"}],"wp:featuredmedia":[{"embeddable":true,"href":"https:\/\/www.tgrthaber.com\/mavikadin\/wp-json\/wp\/v2\/media\/155089"}],"wp:attachment":[{"href":"https:\/\/www.tgrthaber.com\/mavikadin\/wp-json\/wp\/v2\/media?parent=155176"}],"wp:term":[{"taxonomy":"category","embeddable":true,"href":"https:\/\/www.tgrthaber.com\/mavikadin\/wp-json\/wp\/v2\/categories?post=155176"},{"taxonomy":"post_tag","embeddable":true,"href":"https:\/\/www.tgrthaber.com\/mavikadin\/wp-json\/wp\/v2\/tags?post=155176"}],"curies":[{"name":"wp","href":"https:\/\/api.w.org\/{rel}","templated":true}]}}