{"id":155207,"date":"2025-03-31T15:14:56","date_gmt":"2025-03-31T12:14:56","guid":{"rendered":"https:\/\/www.tgrthaber.com\/mavikadin\/?p=155207"},"modified":"2025-03-31T15:15:52","modified_gmt":"2025-03-31T12:15:52","slug":"defne-samyelinin-kizi-derin-talu-es-adayinin-kriterlerini-acikladi-yasca-benden-buyuk-ve-zengin-biri-olmali","status":"publish","type":"post","link":"https:\/\/www.tgrthaber.com\/mavikadin\/defne-samyelinin-kizi-derin-talu-es-adayinin-kriterlerini-acikladi-yasca-benden-buyuk-ve-zengin-biri-olmali\/","title":{"rendered":"Defne Samyeli&#8217;nin k\u0131z\u0131 Derin Talu e\u015f aday\u0131n\u0131n kriterlerini a\u00e7\u0131klad\u0131! Ya\u015f\u00e7a benden b\u00fcy\u00fck ve zengin biri olmal\u0131"},"content":{"rendered":"<p>Derin Talu ge\u00e7ti\u011fimiz g\u00fcnlerde magazin g\u00fcndemine \u00e7arp\u0131c\u0131 a\u00e7\u0131klamalar\u0131yla oturmu\u015ftu. Sosyal medyas\u0131nda payla\u015ft\u0131\u011f\u0131 videolar ile takip\u00e7ilerine bir erkekte arad\u0131\u011f\u0131 kriterleri s\u0131ralad\u0131\u011f\u0131 ve sevgilisi olmak isteyenlerden CV istedi\u011fi payla\u015f\u0131mlar\u0131 dikkat \u00e7ekti.<\/p>\n<h3>DEFNE SAMYEL\u0130&#8217;N\u0130N KIZI DER\u0130N TALU E\u015e ADAYININ KR\u0130TERLER\u0130N\u0130 A\u00c7IKLADI<\/h3>\n<p>Oyuncu ve manken Defne Samyeli\u2019nin hayat\u0131 g\u00fcndem olmaya devam ediyor. 1991 y\u0131l\u0131nda i\u015f insan\u0131 Eren Talu ile evlenen Samyeli, Derin ve Deren ad\u0131nda iki k\u0131z\u0131 olmu\u015ftu. \u00c7ocuklar\u0131n\u0131 belli bir s\u00fcre medyan\u0131n g\u00f6z\u00fc \u00f6n\u00fcne \u00e7\u0131kartmayan Samyeli, kendisi ile k\u0131zlar\u0131n\u0131 yava\u015f yava\u015f medyada g\u00f6stermeye ba\u015flam\u0131\u015ft\u0131. Zaman i\u00e7erisinde anneleriyle boy g\u00f6stermeye ba\u015flayan \u00e7ocuklar \u015fimdilerde sosyal medyan\u0131n dikkatlerini \u00fczerine \u00e7ekmeyi ba\u015fard\u0131lar. 1996 do\u011fumlu olan Deren Talu annesinin izinden gidip mankenli\u011fe y\u00f6neldi.<\/p>\n<p><img loading=\"lazy\" decoding=\"async\" class=\"alignnone wp-image-155250\" src=\"https:\/\/www.tgrthaber.com\/mavikadin\/wp-content\/uploads\/haber-gorselleri-fotoshop-2025-03-31T151214.828-1024x576.jpg\" alt=\"Defne Samyeli&#039;nin k\u0131z\u0131 Derin Talu e\u015f aday\u0131n\u0131n kriterlerini a\u00e7\u0131klad\u0131! Ya\u015f\u00e7a benden b\u00fcy\u00fck ve zengin biri olmal\u0131\" width=\"1208\" height=\"680\" title=\"\" srcset=\"https:\/\/www.tgrthaber.com\/mavikadin\/wp-content\/uploads\/haber-gorselleri-fotoshop-2025-03-31T151214.828-1024x576.jpg 1024w, https:\/\/www.tgrthaber.com\/mavikadin\/wp-content\/uploads\/haber-gorselleri-fotoshop-2025-03-31T151214.828-300x169.jpg 300w, https:\/\/www.tgrthaber.com\/mavikadin\/wp-content\/uploads\/haber-gorselleri-fotoshop-2025-03-31T151214.828-768x432.jpg 768w, https:\/\/www.tgrthaber.com\/mavikadin\/wp-content\/uploads\/haber-gorselleri-fotoshop-2025-03-31T151214.828-1536x864.jpg 1536w, https:\/\/www.tgrthaber.com\/mavikadin\/wp-content\/uploads\/haber-gorselleri-fotoshop-2025-03-31T151214.828.jpg 1600w\" sizes=\"(max-width: 1208px) 100vw, 1208px\" \/><\/p>\n<hr \/>\n<p>Karde\u015fi olan ve 2003 do\u011fumlu olan Derin Talu ise sosyal medya payla\u015f\u0131mlar\u0131 ve ya\u015f\u0131na uygun olmayan k\u0131yafetleri ile konu\u015fulmu\u015ftu. S\u0131k s\u0131k sosyal medyan\u0131n diline d\u00fc\u015fen Samyeli ve k\u0131zlar\u0131 bu seferde Derin Talu\u2019nun s\u00f6zleri ile g\u00fcndemdeki yerini ald\u0131. Dijital i\u00e7erik platformu olan TikTok\u2019ta videolar payla\u015farak k\u0131sa s\u00fcrede g\u00fcndeme oturan Derin Talu yapt\u0131\u011f\u0131 a\u00e7\u0131klamalarla sosyal medyan\u0131n diline d\u00fc\u015ft\u00fc. En son payla\u015ft\u0131\u011f\u0131 bir video da e\u015f aday\u0131n\u0131n kriterlerini a\u00e7\u0131klad\u0131.<\/p>\n<h3><img loading=\"lazy\" decoding=\"async\" class=\"alignnone wp-image-155248\" src=\"https:\/\/www.tgrthaber.com\/mavikadin\/wp-content\/uploads\/haber-gorselleri-fotoshop-2025-03-31T151241.631-1024x576.jpg\" alt=\"Defne Samyeli&#039;nin k\u0131z\u0131 Derin Talu e\u015f aday\u0131n\u0131n kriterlerini a\u00e7\u0131klad\u0131! Ya\u015f\u00e7a benden b\u00fcy\u00fck ve zengin biri olmal\u0131\" width=\"1208\" height=\"680\" title=\"\" srcset=\"https:\/\/www.tgrthaber.com\/mavikadin\/wp-content\/uploads\/haber-gorselleri-fotoshop-2025-03-31T151241.631-1024x576.jpg 1024w, https:\/\/www.tgrthaber.com\/mavikadin\/wp-content\/uploads\/haber-gorselleri-fotoshop-2025-03-31T151241.631-300x169.jpg 300w, https:\/\/www.tgrthaber.com\/mavikadin\/wp-content\/uploads\/haber-gorselleri-fotoshop-2025-03-31T151241.631-768x432.jpg 768w, https:\/\/www.tgrthaber.com\/mavikadin\/wp-content\/uploads\/haber-gorselleri-fotoshop-2025-03-31T151241.631-1536x864.jpg 1536w, https:\/\/www.tgrthaber.com\/mavikadin\/wp-content\/uploads\/haber-gorselleri-fotoshop-2025-03-31T151241.631.jpg 1600w\" sizes=\"(max-width: 1208px) 100vw, 1208px\" \/><\/h3>\n<hr \/>\n<h3>YA\u015e\u00c7A BENDEN B\u00dcY\u00dcK VE ZENG\u0130N B\u0130R\u0130 OLMALI<\/h3>\n<p>T\u00fcrk\u00e7e- \u0130ngilizce kar\u0131\u015f\u0131k konu\u015fan ve takip\u00e7ilerinden sorular\u0131 \u00e7arp\u0131c\u0131 a\u00e7\u0131klamalarla cevap veren Derin Talu, son g\u00fcnlerde magazin d\u00fcnyas\u0131nda bomba etkisi ya\u015fatt\u0131. Derin Talu Bir sevgili aday\u0131nda arad\u0131\u011f\u0131 kriterleri a\u00e7\u0131klad\u0131\u011f\u0131 payla\u015f\u0131m\u0131 k\u0131sa s\u00fcre de en fazla yorumu alan payla\u015f\u0131m oldu.<\/p>\n<p><img loading=\"lazy\" decoding=\"async\" class=\"alignnone wp-image-155249\" src=\"https:\/\/www.tgrthaber.com\/mavikadin\/wp-content\/uploads\/haber-gorselleri-fotoshop-2025-03-31T151231.137-1024x576.jpg\" alt=\"Defne Samyeli&#039;nin k\u0131z\u0131 Derin Talu e\u015f aday\u0131n\u0131n kriterlerini a\u00e7\u0131klad\u0131! Ya\u015f\u00e7a benden b\u00fcy\u00fck ve zengin biri olmal\u0131\" width=\"1208\" height=\"680\" title=\"\" srcset=\"https:\/\/www.tgrthaber.com\/mavikadin\/wp-content\/uploads\/haber-gorselleri-fotoshop-2025-03-31T151231.137-1024x576.jpg 1024w, https:\/\/www.tgrthaber.com\/mavikadin\/wp-content\/uploads\/haber-gorselleri-fotoshop-2025-03-31T151231.137-300x169.jpg 300w, https:\/\/www.tgrthaber.com\/mavikadin\/wp-content\/uploads\/haber-gorselleri-fotoshop-2025-03-31T151231.137-768x432.jpg 768w, https:\/\/www.tgrthaber.com\/mavikadin\/wp-content\/uploads\/haber-gorselleri-fotoshop-2025-03-31T151231.137-1536x864.jpg 1536w, https:\/\/www.tgrthaber.com\/mavikadin\/wp-content\/uploads\/haber-gorselleri-fotoshop-2025-03-31T151231.137.jpg 1600w\" sizes=\"(max-width: 1208px) 100vw, 1208px\" \/><\/p>\n<hr \/>\n<p>Derin Talu, kendi sosyal medyas\u0131ndan \u201cBen \u00e7ok kad\u0131nla birlikte olmu\u015f erkekleri tercih ediyorum. Ne yapt\u0131\u011f\u0131n\u0131 bilmesini istiyorum her anlamda. Di\u011fer t\u00fcrl\u00fc benden \u00e7ok utan\u0131yorlar. Bu saatten sonra utand\u0131\u011f\u0131m biriyle beraber olmayaca\u011f\u0131m, ailemle tan\u0131\u015ft\u0131ramayaca\u011f\u0131m biriyle beraber olmayaca\u011f\u0131m ve ben bir t\u0131k ya\u015fl\u0131 tercih ediyorum. \u00c7ok da de\u011fil ama hi\u00e7 kendi ya\u015f\u0131t\u0131m biriyle denk gelmedim, o anlamda bir \u015fey hissetmedim ama olabilir tabii ki ileride. Bu saatten sonra \u00e7al\u0131\u015fan erkeklerle birlikte olaca\u011f\u0131m sadece, \u00e7al\u0131\u015fmayan erkek kadar hi\u00e7bir i\u015fe yaramayan bir varl\u0131k yok. Hayata kar\u015f\u0131 t\u00fcm sinirlerini sizden \u00e7\u0131kart\u0131rlar.\u201d s\u00f6zleri ile g\u00fcndemdeki yerini ald\u0131.<\/p>\n","protected":false},"excerpt":{"rendered":"<p>Oyuncu Defne Samyeli\u2019nin k\u0131z\u0131 Derin Talu son g\u00fcnlerde sosyal medyan\u0131n dilinde dolan\u0131yor. Derin Talu\u2019nun \u00e7arp\u0131c\u0131 a\u00e7\u0131klamalar\u0131 ile g\u00fcndem oldu.<\/p>\n","protected":false},"author":34,"featured_media":155247,"comment_status":"closed","ping_status":"closed","sticky":false,"template":"","format":"standard","meta":{"rank_math_lock_modified_date":false,"footnotes":""},"categories":[76],"tags":[15580,15581,16194],"class_list":["post-155207","post","type-post","status-publish","format-standard","has-post-thumbnail","hentry","category-magazin","tag-defne-samyeli","tag-derin-talu","tag-derin-talunun-paylasimi"],"_links":{"self":[{"href":"https:\/\/www.tgrthaber.com\/mavikadin\/wp-json\/wp\/v2\/posts\/155207"}],"collection":[{"href":"https:\/\/www.tgrthaber.com\/mavikadin\/wp-json\/wp\/v2\/posts"}],"about":[{"href":"https:\/\/www.tgrthaber.com\/mavikadin\/wp-json\/wp\/v2\/types\/post"}],"author":[{"embeddable":true,"href":"https:\/\/www.tgrthaber.com\/mavikadin\/wp-json\/wp\/v2\/users\/34"}],"replies":[{"embeddable":true,"href":"https:\/\/www.tgrthaber.com\/mavikadin\/wp-json\/wp\/v2\/comments?post=155207"}],"version-history":[{"count":3,"href":"https:\/\/www.tgrthaber.com\/mavikadin\/wp-json\/wp\/v2\/posts\/155207\/revisions"}],"predecessor-version":[{"id":155254,"href":"https:\/\/www.tgrthaber.com\/mavikadin\/wp-json\/wp\/v2\/posts\/155207\/revisions\/155254"}],"wp:featuredmedia":[{"embeddable":true,"href":"https:\/\/www.tgrthaber.com\/mavikadin\/wp-json\/wp\/v2\/media\/155247"}],"wp:attachment":[{"href":"https:\/\/www.tgrthaber.com\/mavikadin\/wp-json\/wp\/v2\/media?parent=155207"}],"wp:term":[{"taxonomy":"category","embeddable":true,"href":"https:\/\/www.tgrthaber.com\/mavikadin\/wp-json\/wp\/v2\/categories?post=155207"},{"taxonomy":"post_tag","embeddable":true,"href":"https:\/\/www.tgrthaber.com\/mavikadin\/wp-json\/wp\/v2\/tags?post=155207"}],"curies":[{"name":"wp","href":"https:\/\/api.w.org\/{rel}","templated":true}]}}