{"id":155268,"date":"2025-03-31T16:32:49","date_gmt":"2025-03-31T13:32:49","guid":{"rendered":"https:\/\/www.tgrthaber.com\/mavikadin\/?p=155268"},"modified":"2025-09-12T15:36:24","modified_gmt":"2025-09-12T12:36:24","slug":"catal-tatlisiyla-bayramin-ikinci-gunu-sipsak-sofralari-donatin-serbeti-az-agizlarda-dagilan-lezzet","status":"publish","type":"post","link":"https:\/\/www.tgrthaber.com\/mavikadin\/catal-tatlisiyla-bayramin-ikinci-gunu-sipsak-sofralari-donatin-serbeti-az-agizlarda-dagilan-lezzet\/","title":{"rendered":"\u00c7atal tatl\u0131s\u0131yla bayram\u0131n ikinci g\u00fcn\u00fc \u015fip\u015fak sofralar\u0131 donat\u0131n! \u015eerbeti az a\u011f\u0131zlarda da\u011f\u0131lan lezzet"},"content":{"rendered":"<p>Bayramlar\u0131n en g\u00fczel yanlar\u0131ndan biri, sevdiklerimizle bir araya gelip tatl\u0131 sohbetler e\u015fli\u011finde enfes lezzetler payla\u015fmakt\u0131r. Ancak bayram tela\u015f\u0131 i\u00e7inde uzun uzun tatl\u0131 yapmak her zaman m\u00fcmk\u00fcn olmayabilir. \u0130\u015fte tam da bu noktada, \u015fip\u015fak haz\u0131rlanan, \u015ferbeti az ama lezzeti bol bir tatl\u0131 olan \u00e7atal tatl\u0131s\u0131 imdad\u0131n\u0131za yeti\u015fiyor. Hem hafif hem de k\u0131y\u0131r k\u0131y\u0131r dokusuyla a\u011f\u0131zda da\u011f\u0131lan bu tatl\u0131, bayram\u0131n ikinci g\u00fcn\u00fc sofran\u0131za harika bir tat katacak.<\/p>\n<h3>\u00c7ATAL TATLISI<\/h3>\n<p>\u00c7atal tatl\u0131s\u0131, ad\u0131n\u0131 \u015fekil verme a\u015famas\u0131nda kullan\u0131lan \u00e7ataldan al\u0131yor. Tatl\u0131ya \u00e7atal yard\u0131m\u0131yla desen verildi\u011fi i\u00e7in hem yap\u0131m\u0131 kolay hem de sunumu olduk\u00e7a \u015f\u0131k oluyor. Az \u015ferbetli olmas\u0131, onu klasik \u015ferbetli tatl\u0131lardan ay\u0131ran en b\u00fcy\u00fck \u00f6zelliklerden biridir.<\/p>\n<p><img loading=\"lazy\" decoding=\"async\" class=\"alignnone wp-image-155271\" src=\"https:\/\/www.tgrthaber.com\/mavikadin\/wp-content\/uploads\/haber-gorselleri-fotoshop-2025-03-31T162924.572-1024x576.jpg\" alt=\"\u00c7atal tatl\u0131s\u0131yla bayram\u0131n ikinci g\u00fcn\u00fc \u015fip\u015fak sofralar\u0131 donat\u0131n! \u015eerbeti az a\u011f\u0131zlarda da\u011f\u0131lan lezzet\" width=\"1208\" height=\"680\" title=\"\" srcset=\"https:\/\/www.tgrthaber.com\/mavikadin\/wp-content\/uploads\/haber-gorselleri-fotoshop-2025-03-31T162924.572-1024x576.jpg 1024w, https:\/\/www.tgrthaber.com\/mavikadin\/wp-content\/uploads\/haber-gorselleri-fotoshop-2025-03-31T162924.572-300x169.jpg 300w, https:\/\/www.tgrthaber.com\/mavikadin\/wp-content\/uploads\/haber-gorselleri-fotoshop-2025-03-31T162924.572-768x432.jpg 768w, https:\/\/www.tgrthaber.com\/mavikadin\/wp-content\/uploads\/haber-gorselleri-fotoshop-2025-03-31T162924.572-1536x864.jpg 1536w, https:\/\/www.tgrthaber.com\/mavikadin\/wp-content\/uploads\/haber-gorselleri-fotoshop-2025-03-31T162924.572.jpg 1600w\" sizes=\"(max-width: 1208px) 100vw, 1208px\" \/><\/p>\n<hr \/>\n<p>Bu tatl\u0131n\u0131n en g\u00fczel yanlar\u0131ndan biri de k\u0131sa s\u00fcrede haz\u0131rlanabilmesidir. Kurabiye k\u0131vam\u0131nda bir hamur yo\u011furup, \u00e7atal yard\u0131m\u0131yla \u015fekil verdikten sonra f\u0131r\u0131na at\u0131yorsunuz ve tatl\u0131n\u0131z neredeyse haz\u0131r. \u015eerbeti de \u00e7ok kaynatmaya gerek yok, hafif \u0131l\u0131k bir \u015ferbet tatl\u0131n\u0131n k\u0131vam\u0131n\u0131 tam ayar\u0131nda tutuyor.<\/p>\n<h3><img loading=\"lazy\" decoding=\"async\" class=\"alignnone wp-image-155274\" src=\"https:\/\/www.tgrthaber.com\/mavikadin\/wp-content\/uploads\/haber-gorselleri-fotoshop-2025-03-31T162849.716-1024x576.jpg\" alt=\"\u00c7atal tatl\u0131s\u0131yla bayram\u0131n ikinci g\u00fcn\u00fc \u015fip\u015fak sofralar\u0131 donat\u0131n! \u015eerbeti az a\u011f\u0131zlarda da\u011f\u0131lan lezzet\" width=\"1208\" height=\"680\" title=\"\" srcset=\"https:\/\/www.tgrthaber.com\/mavikadin\/wp-content\/uploads\/haber-gorselleri-fotoshop-2025-03-31T162849.716-1024x576.jpg 1024w, https:\/\/www.tgrthaber.com\/mavikadin\/wp-content\/uploads\/haber-gorselleri-fotoshop-2025-03-31T162849.716-300x169.jpg 300w, https:\/\/www.tgrthaber.com\/mavikadin\/wp-content\/uploads\/haber-gorselleri-fotoshop-2025-03-31T162849.716-768x432.jpg 768w, https:\/\/www.tgrthaber.com\/mavikadin\/wp-content\/uploads\/haber-gorselleri-fotoshop-2025-03-31T162849.716-1536x864.jpg 1536w, https:\/\/www.tgrthaber.com\/mavikadin\/wp-content\/uploads\/haber-gorselleri-fotoshop-2025-03-31T162849.716.jpg 1600w\" sizes=\"(max-width: 1208px) 100vw, 1208px\" \/><\/h3>\n<hr \/>\n<h3>\u00c7ATAL TATLISI TAR\u0130F\u0130<\/h3>\n<p><strong>Hamur i\u00e7in<\/strong><\/p>\n<ul>\n<li>125 gram tereya\u011f\u0131 veya margarin<\/li>\n<li>1 \u00e7ay barda\u011f\u0131 s\u0131v\u0131 ya\u011f<\/li>\n<li>1 \u00e7ay barda\u011f\u0131 yo\u011furt<\/li>\n<li>1 adet yumurta<\/li>\n<li>1 paket kabartma tozu<\/li>\n<li>1 paket vanilin<\/li>\n<li>3- 3,5 su barda\u011f\u0131 un (kontroll\u00fc ekleyin)<\/li>\n<\/ul>\n<h3><img loading=\"lazy\" decoding=\"async\" class=\"alignnone wp-image-155269\" src=\"https:\/\/www.tgrthaber.com\/mavikadin\/wp-content\/uploads\/haber-gorselleri-fotoshop-2025-03-31T162943.740-1024x576.jpg\" alt=\"\u00c7atal tatl\u0131s\u0131yla bayram\u0131n ikinci g\u00fcn\u00fc \u015fip\u015fak sofralar\u0131 donat\u0131n! \u015eerbeti az a\u011f\u0131zlarda da\u011f\u0131lan lezzet\" width=\"1208\" height=\"680\" title=\"\" srcset=\"https:\/\/www.tgrthaber.com\/mavikadin\/wp-content\/uploads\/haber-gorselleri-fotoshop-2025-03-31T162943.740-1024x576.jpg 1024w, https:\/\/www.tgrthaber.com\/mavikadin\/wp-content\/uploads\/haber-gorselleri-fotoshop-2025-03-31T162943.740-300x169.jpg 300w, https:\/\/www.tgrthaber.com\/mavikadin\/wp-content\/uploads\/haber-gorselleri-fotoshop-2025-03-31T162943.740-768x432.jpg 768w, https:\/\/www.tgrthaber.com\/mavikadin\/wp-content\/uploads\/haber-gorselleri-fotoshop-2025-03-31T162943.740-1536x864.jpg 1536w, https:\/\/www.tgrthaber.com\/mavikadin\/wp-content\/uploads\/haber-gorselleri-fotoshop-2025-03-31T162943.740.jpg 1600w\" sizes=\"(max-width: 1208px) 100vw, 1208px\" \/><\/h3>\n<hr \/>\n<h3>\u015eERBET \u0130\u00c7\u0130N<\/h3>\n<ul>\n<li>2 su barda\u011f\u0131 su<\/li>\n<li>1,5 su barda\u011f\u0131 toz \u015feker<\/li>\n<li>Birka\u00e7 damla limon suyu<\/li>\n<\/ul>\n<p><strong>\u00dczeri i\u00e7in<\/strong><\/p>\n<ul>\n<li>Toz f\u0131st\u0131k veya hindistancevizi<\/li>\n<\/ul>\n<h3><img loading=\"lazy\" decoding=\"async\" class=\"alignnone wp-image-155273\" src=\"https:\/\/www.tgrthaber.com\/mavikadin\/wp-content\/uploads\/haber-gorselleri-fotoshop-2025-03-31T162858.934-1024x576.jpg\" alt=\"\u00c7atal tatl\u0131s\u0131yla bayram\u0131n ikinci g\u00fcn\u00fc \u015fip\u015fak sofralar\u0131 donat\u0131n! \u015eerbeti az a\u011f\u0131zlarda da\u011f\u0131lan lezzet\" width=\"1208\" height=\"680\" title=\"\" srcset=\"https:\/\/www.tgrthaber.com\/mavikadin\/wp-content\/uploads\/haber-gorselleri-fotoshop-2025-03-31T162858.934-1024x576.jpg 1024w, https:\/\/www.tgrthaber.com\/mavikadin\/wp-content\/uploads\/haber-gorselleri-fotoshop-2025-03-31T162858.934-300x169.jpg 300w, https:\/\/www.tgrthaber.com\/mavikadin\/wp-content\/uploads\/haber-gorselleri-fotoshop-2025-03-31T162858.934-768x432.jpg 768w, https:\/\/www.tgrthaber.com\/mavikadin\/wp-content\/uploads\/haber-gorselleri-fotoshop-2025-03-31T162858.934-1536x864.jpg 1536w, https:\/\/www.tgrthaber.com\/mavikadin\/wp-content\/uploads\/haber-gorselleri-fotoshop-2025-03-31T162858.934.jpg 1600w\" sizes=\"(max-width: 1208px) 100vw, 1208px\" \/><\/h3>\n<hr \/>\n<h3>PRAT\u0130K YAPILI\u015eI<\/h3>\n<p><strong>\u015eerbeti haz\u0131rlay\u0131n:<\/strong> \u015eeker ve suyu tencereye al\u0131n, kaynamaya ba\u015flad\u0131ktan sonra limon suyunu ekleyin ve 5 dakika daha kaynat\u0131p ocaktan al\u0131n. \u015eerbeti so\u011fumaya b\u0131rak\u0131n.<\/p>\n<p><strong>Hamuru yo\u011furun:<\/strong> Tereya\u011f\u0131, s\u0131v\u0131 ya\u011f, yo\u011furt ve yumurtay\u0131 kar\u0131\u015ft\u0131r\u0131n. \u00dczerine kabartma tozu, vanilin ve unu ekleyerek yumu\u015fak k\u0131vaml\u0131 bir hamur elde edin.<\/p>\n<p><strong>\u015eekil verin:<\/strong> Hamurdan k\u00fc\u00e7\u00fck par\u00e7alar kopar\u0131p \u00e7atal\u0131n tersine bast\u0131rarak \u015fekil verin. Hafif uzun bir form vererek f\u0131r\u0131n tepsisine dizin.<\/p>\n<p><img loading=\"lazy\" decoding=\"async\" class=\"alignnone wp-image-155270\" src=\"https:\/\/www.tgrthaber.com\/mavikadin\/wp-content\/uploads\/haber-gorselleri-fotoshop-2025-03-31T162934.880-1024x576.jpg\" alt=\"\u00c7atal tatl\u0131s\u0131yla bayram\u0131n ikinci g\u00fcn\u00fc \u015fip\u015fak sofralar\u0131 donat\u0131n! \u015eerbeti az a\u011f\u0131zlarda da\u011f\u0131lan lezzet\" width=\"1208\" height=\"680\" title=\"\" srcset=\"https:\/\/www.tgrthaber.com\/mavikadin\/wp-content\/uploads\/haber-gorselleri-fotoshop-2025-03-31T162934.880-1024x576.jpg 1024w, https:\/\/www.tgrthaber.com\/mavikadin\/wp-content\/uploads\/haber-gorselleri-fotoshop-2025-03-31T162934.880-300x169.jpg 300w, https:\/\/www.tgrthaber.com\/mavikadin\/wp-content\/uploads\/haber-gorselleri-fotoshop-2025-03-31T162934.880-768x432.jpg 768w, https:\/\/www.tgrthaber.com\/mavikadin\/wp-content\/uploads\/haber-gorselleri-fotoshop-2025-03-31T162934.880-1536x864.jpg 1536w, https:\/\/www.tgrthaber.com\/mavikadin\/wp-content\/uploads\/haber-gorselleri-fotoshop-2025-03-31T162934.880.jpg 1600w\" sizes=\"(max-width: 1208px) 100vw, 1208px\" \/><\/p>\n<hr \/>\n<p><strong>Pi\u015firin:<\/strong> 180 derece \u00f6nceden \u0131s\u0131t\u0131lm\u0131\u015f f\u0131r\u0131nda \u00fczeri k\u0131zarana kadar yakla\u015f\u0131k 20-25 dakika pi\u015firin.<\/p>\n<p><strong>\u015eerbete bat\u0131r\u0131n:<\/strong> F\u0131r\u0131ndan \u00e7\u0131kan s\u0131cak tatl\u0131lar\u0131, so\u011fuk \u015ferbete bat\u0131r\u0131n ve birka\u00e7 dakika beklettikten sonra servis taba\u011f\u0131na al\u0131n.<\/p>\n<p><strong>S\u00fcsleyin:<\/strong> \u00dczerine toz f\u0131st\u0131k veya hindistancevizi serperek sunumunuzu g\u00fczelle\u015ftirin.<\/p>\n<p><img loading=\"lazy\" decoding=\"async\" class=\"alignnone wp-image-155272\" src=\"https:\/\/www.tgrthaber.com\/mavikadin\/wp-content\/uploads\/haber-gorselleri-fotoshop-2025-03-31T162906.304-1024x576.jpg\" alt=\"\u00c7atal tatl\u0131s\u0131yla bayram\u0131n ikinci g\u00fcn\u00fc \u015fip\u015fak sofralar\u0131 donat\u0131n! \u015eerbeti az a\u011f\u0131zlarda da\u011f\u0131lan lezzet\" width=\"1208\" height=\"680\" title=\"\" srcset=\"https:\/\/www.tgrthaber.com\/mavikadin\/wp-content\/uploads\/haber-gorselleri-fotoshop-2025-03-31T162906.304-1024x576.jpg 1024w, https:\/\/www.tgrthaber.com\/mavikadin\/wp-content\/uploads\/haber-gorselleri-fotoshop-2025-03-31T162906.304-300x169.jpg 300w, https:\/\/www.tgrthaber.com\/mavikadin\/wp-content\/uploads\/haber-gorselleri-fotoshop-2025-03-31T162906.304-768x432.jpg 768w, https:\/\/www.tgrthaber.com\/mavikadin\/wp-content\/uploads\/haber-gorselleri-fotoshop-2025-03-31T162906.304-1536x864.jpg 1536w, https:\/\/www.tgrthaber.com\/mavikadin\/wp-content\/uploads\/haber-gorselleri-fotoshop-2025-03-31T162906.304.jpg 1600w\" sizes=\"(max-width: 1208px) 100vw, 1208px\" \/><\/p>\n<hr \/>\n<p>Bu bayram tatl\u0131 tercihinizi \u00e7atal tatl\u0131s\u0131ndan yana kullanarak hem h\u0131zl\u0131 hem de leziz bir tatl\u0131y\u0131 sofralar\u0131n\u0131za ta\u015f\u0131yabilirsiniz. Sevdiklerinizin hayran kalaca\u011f\u0131 bu tarifle bayram sofralar\u0131n\u0131za tatl\u0131 bir dokunu\u015f yap\u0131n. Afiyet olsun!<\/p>\n","protected":false},"excerpt":{"rendered":"<p>Bayramlarda baklava yerine bu tatl\u0131y\u0131 yaparak sofran\u0131za renk katabilirsiniz.<\/p>\n","protected":false},"author":34,"featured_media":155272,"comment_status":"closed","ping_status":"closed","sticky":false,"template":"","format":"standard","meta":{"rank_math_lock_modified_date":false,"footnotes":""},"categories":[191],"tags":[9612,16199,15628,3411],"class_list":["post-155268","post","type-post","status-publish","format-standard","has-post-thumbnail","hentry","category-yemek-tarifleri","tag-bayram","tag-catal-tatlisi","tag-tatli-tarifi","tag-yemek-tarifleri"],"_links":{"self":[{"href":"https:\/\/www.tgrthaber.com\/mavikadin\/wp-json\/wp\/v2\/posts\/155268"}],"collection":[{"href":"https:\/\/www.tgrthaber.com\/mavikadin\/wp-json\/wp\/v2\/posts"}],"about":[{"href":"https:\/\/www.tgrthaber.com\/mavikadin\/wp-json\/wp\/v2\/types\/post"}],"author":[{"embeddable":true,"href":"https:\/\/www.tgrthaber.com\/mavikadin\/wp-json\/wp\/v2\/users\/34"}],"replies":[{"embeddable":true,"href":"https:\/\/www.tgrthaber.com\/mavikadin\/wp-json\/wp\/v2\/comments?post=155268"}],"version-history":[{"count":2,"href":"https:\/\/www.tgrthaber.com\/mavikadin\/wp-json\/wp\/v2\/posts\/155268\/revisions"}],"predecessor-version":[{"id":155276,"href":"https:\/\/www.tgrthaber.com\/mavikadin\/wp-json\/wp\/v2\/posts\/155268\/revisions\/155276"}],"wp:featuredmedia":[{"embeddable":true,"href":"https:\/\/www.tgrthaber.com\/mavikadin\/wp-json\/wp\/v2\/media\/155272"}],"wp:attachment":[{"href":"https:\/\/www.tgrthaber.com\/mavikadin\/wp-json\/wp\/v2\/media?parent=155268"}],"wp:term":[{"taxonomy":"category","embeddable":true,"href":"https:\/\/www.tgrthaber.com\/mavikadin\/wp-json\/wp\/v2\/categories?post=155268"},{"taxonomy":"post_tag","embeddable":true,"href":"https:\/\/www.tgrthaber.com\/mavikadin\/wp-json\/wp\/v2\/tags?post=155268"}],"curies":[{"name":"wp","href":"https:\/\/api.w.org\/{rel}","templated":true}]}}