{"id":155302,"date":"2025-03-31T18:29:06","date_gmt":"2025-03-31T15:29:06","guid":{"rendered":"https:\/\/www.tgrthaber.com\/mavikadin\/?p=155302"},"modified":"2025-03-31T18:30:06","modified_gmt":"2025-03-31T15:30:06","slug":"edip-akbayramin-kizi-turku-akbayramdan-volkan-konak-paylasimi","status":"publish","type":"post","link":"https:\/\/www.tgrthaber.com\/mavikadin\/edip-akbayramin-kizi-turku-akbayramdan-volkan-konak-paylasimi\/","title":{"rendered":"Edip Akbayram&#8217;\u0131n k\u0131z\u0131 T\u00fcrk\u00fc Akbayram&#8217;dan duygusal Volkan Konak payla\u015f\u0131m\u0131!"},"content":{"rendered":"<p>Karadenizli usta sanat\u00e7\u0131 Volkan Konak, bayram kutlamalar\u0131 sebebiyle K\u0131br\u0131s\u2019ta sahne alm\u0131\u015ft\u0131. Sahne de \u015fark\u0131 s\u00f6yledi\u011fi s\u0131rada ani kalp krizi ge\u00e7irmesi \u00fczerine Gazima\u011fusa Hastanesine g\u00f6nderildi. Yap\u0131lan b\u00fct\u00fcn m\u00fcdahalelere ra\u011fmen kurtulamayan Konak, 58 ya\u015f\u0131nda hayata veda etti. Vefat\u0131n\u0131n ard\u0131ndan bir\u00e7ok \u00fcnl\u00fc isimden ba\u015fsa\u011fl\u0131\u011f\u0131 mesajlar\u0131 geldi.<\/p>\n<h3>ED\u0130P AKBAYRAM&#8217;IN KIZI T\u00dcRK\u00dc AKBAYRAM&#8217;DAN VOLKAN KONAK PAYLA\u015eIMI<\/h3>\n<p>Volkan Konak\u2019\u0131n vefat\u0131n\u0131n ard\u0131ndan bir\u00e7ok \u00fcnl\u00fc isimden ba\u015fsa\u011fl\u0131\u011f\u0131 mesajlar\u0131 geldi. Bu mesajlardan biri de ge\u00e7ti\u011fimiz aylarda vefat eden Edip Akbayram\u2019\u0131n k\u0131z\u0131 T\u00fcrk\u00fc Akbayram yapt\u0131\u011f\u0131 bir payla\u015f\u0131mla g\u00fcndeme geldi. Volkan Konak ve Edip Akbayram, y\u0131llarca T\u00fcrk m\u00fczi\u011fine unutulmaz eserler kazand\u0131rm\u0131\u015f ve g\u00fc\u00e7l\u00fc dostluklar\u0131yla bilinen iki sanat\u00e7\u0131yd\u0131. Birlikte sahne ald\u0131klar\u0131 performanslar, \u00f6zellikle m\u00fczikseverlerin haf\u0131zas\u0131nda yer eden an\u0131lardan biri oldu. T\u00fcrk\u00fc Akbayram, Volkan Konak\u2019\u0131n program\u0131nda beraber \u015fark\u0131 s\u00f6yledikleri anlardan bir kare payla\u015farak alt\u0131na &#8220;Sar\u0131ld\u0131n\u0131z m\u0131 s\u0131ms\u0131k\u0131 oralarda \u2026&#8221; notunu d\u00fc\u015ferek payla\u015ft\u0131.<\/p>\n<h3><img loading=\"lazy\" decoding=\"async\" class=\"alignnone wp-image-155307\" src=\"https:\/\/www.tgrthaber.com\/mavikadin\/wp-content\/uploads\/haber-gorselleri-fotoshop-2025-03-31T182534.610-1024x576.jpg\" alt=\"Edip Akbayram&#039;\u0131n k\u0131z\u0131 T\u00fcrk\u00fc Akbayram&#039;dan Volkan Konak payla\u015f\u0131m\u0131!\" width=\"1208\" height=\"680\" title=\"\" srcset=\"https:\/\/www.tgrthaber.com\/mavikadin\/wp-content\/uploads\/haber-gorselleri-fotoshop-2025-03-31T182534.610-1024x576.jpg 1024w, https:\/\/www.tgrthaber.com\/mavikadin\/wp-content\/uploads\/haber-gorselleri-fotoshop-2025-03-31T182534.610-300x169.jpg 300w, https:\/\/www.tgrthaber.com\/mavikadin\/wp-content\/uploads\/haber-gorselleri-fotoshop-2025-03-31T182534.610-768x432.jpg 768w, https:\/\/www.tgrthaber.com\/mavikadin\/wp-content\/uploads\/haber-gorselleri-fotoshop-2025-03-31T182534.610-1536x864.jpg 1536w, https:\/\/www.tgrthaber.com\/mavikadin\/wp-content\/uploads\/haber-gorselleri-fotoshop-2025-03-31T182534.610.jpg 1600w\" sizes=\"(max-width: 1208px) 100vw, 1208px\" \/><\/h3>\n<hr \/>\n<h3>VOLKAN KONAK\u2019IN CENAZE T\u00d6REN\u0130<\/h3>\n<p>Volkan Konak\u2019\u0131n vefat haberi sonras\u0131 ailesi ve sevenleri b\u00fcy\u00fck bir \u00fcz\u00fcnt\u00fc ya\u015farken, sanat\u00e7\u0131n\u0131n cenazesinin \u0130stanbul\u2019dan memleketi Trabzon\u2019a g\u00f6t\u00fcr\u00fclerek orada defnedilece\u011fi a\u00e7\u0131kland\u0131. Konak\u2019\u0131n yak\u0131n dostlar\u0131 ve sanat camias\u0131ndan bir\u00e7ok isim de cenaze t\u00f6renine kat\u0131lacaklar\u0131n\u0131 duyurdu.<\/p>\n<p><img loading=\"lazy\" decoding=\"async\" class=\"alignnone wp-image-155305\" src=\"https:\/\/www.tgrthaber.com\/mavikadin\/wp-content\/uploads\/haber-gorselleri-fotoshop-2025-03-31T182646.794-1024x576.jpg\" alt=\"Edip Akbayram&#039;\u0131n k\u0131z\u0131 T\u00fcrk\u00fc Akbayram&#039;dan Volkan Konak payla\u015f\u0131m\u0131!\" width=\"1208\" height=\"680\" title=\"\" srcset=\"https:\/\/www.tgrthaber.com\/mavikadin\/wp-content\/uploads\/haber-gorselleri-fotoshop-2025-03-31T182646.794-1024x576.jpg 1024w, https:\/\/www.tgrthaber.com\/mavikadin\/wp-content\/uploads\/haber-gorselleri-fotoshop-2025-03-31T182646.794-300x169.jpg 300w, https:\/\/www.tgrthaber.com\/mavikadin\/wp-content\/uploads\/haber-gorselleri-fotoshop-2025-03-31T182646.794-768x432.jpg 768w, https:\/\/www.tgrthaber.com\/mavikadin\/wp-content\/uploads\/haber-gorselleri-fotoshop-2025-03-31T182646.794-1536x864.jpg 1536w, https:\/\/www.tgrthaber.com\/mavikadin\/wp-content\/uploads\/haber-gorselleri-fotoshop-2025-03-31T182646.794.jpg 1600w\" sizes=\"(max-width: 1208px) 100vw, 1208px\" \/><\/p>\n<hr \/>\n<p>Sanat camias\u0131, pe\u015f pe\u015fe ya\u015fanan bu kay\u0131plar\u0131n \u00fcz\u00fcnt\u00fcs\u00fcn\u00fc ya\u015farken, bir\u00e7ok sanat\u00e7\u0131 ve hayran, Volkan Konak\u2019a olan sevgilerini sosyal medya \u00fczerinden dile getirdi. \u00dcnl\u00fc isimler, Konak\u2019\u0131n sadece sesiyle de\u011fil, karakteriyle de derin izler b\u0131rakt\u0131\u011f\u0131n\u0131 vurgulayan payla\u015f\u0131mlarda bulundu.<\/p>\n<p><img loading=\"lazy\" decoding=\"async\" class=\"alignnone wp-image-155153\" src=\"https:\/\/www.tgrthaber.com\/mavikadin\/wp-content\/uploads\/haber-gorselleri-fotoshop-2025-03-31T113400.943-1024x576.jpg\" alt=\"Volkan Konak&#039;\u0131n k\u0131z\u0131 Derin Konak ka\u00e7 ya\u015f\u0131nda? Derin Konak mesle\u011fi ne?\" width=\"1208\" height=\"680\" title=\"\" srcset=\"https:\/\/www.tgrthaber.com\/mavikadin\/wp-content\/uploads\/haber-gorselleri-fotoshop-2025-03-31T113400.943-1024x576.jpg 1024w, https:\/\/www.tgrthaber.com\/mavikadin\/wp-content\/uploads\/haber-gorselleri-fotoshop-2025-03-31T113400.943-300x169.jpg 300w, https:\/\/www.tgrthaber.com\/mavikadin\/wp-content\/uploads\/haber-gorselleri-fotoshop-2025-03-31T113400.943-768x432.jpg 768w, https:\/\/www.tgrthaber.com\/mavikadin\/wp-content\/uploads\/haber-gorselleri-fotoshop-2025-03-31T113400.943-1536x864.jpg 1536w, https:\/\/www.tgrthaber.com\/mavikadin\/wp-content\/uploads\/haber-gorselleri-fotoshop-2025-03-31T113400.943.jpg 1600w\" sizes=\"(max-width: 1208px) 100vw, 1208px\" \/><\/p>\n<hr \/>\n<p>T\u00fcrk\u00fc Akbayram\u2019\u0131n payla\u015f\u0131m\u0131 ise, sadece bir sanat\u00e7\u0131n\u0131n vedas\u0131 de\u011fil, iki b\u00fcy\u00fck dostun ayn\u0131 y\u0131l i\u00e7inde aram\u0131zdan ayr\u0131lmas\u0131n\u0131n h\u00fczn\u00fcn\u00fc yans\u0131tan bir mesaj olarak yank\u0131 buldu. Edip Akbayram ve Volkan Konak\u2019\u0131n sesleri, eserleriyle ya\u015famaya devam edecek. M\u00fczik d\u00fcnyas\u0131, iki b\u00fcy\u00fck ustay\u0131 arka arkaya kaybetmenin derin \u00fcz\u00fcnt\u00fcs\u00fcn\u00fc ya\u015farken, sevenleri onlar\u0131 \u015fark\u0131lar\u0131yla anmaya devam ediyor.<\/p>\n","protected":false},"excerpt":{"rendered":"<p>Usta sanat\u00e7\u0131 Volkan Konak\u2019\u0131n vefat haberinden sonra \u00fcnl\u00fc isim T\u00fcrk\u00fc Akbayram\u2019dan duygusal bir payla\u015f\u0131m geldi.<\/p>\n","protected":false},"author":34,"featured_media":155306,"comment_status":"closed","ping_status":"closed","sticky":false,"template":"","format":"standard","meta":{"rank_math_lock_modified_date":false,"footnotes":""},"categories":[76],"tags":[7552,7683,16203,16102],"class_list":["post-155302","post","type-post","status-publish","format-standard","has-post-thumbnail","hentry","category-magazin","tag-edip-akbayram","tag-turku-akbayram","tag-turku-akbayramdan-duygusal-paylasim","tag-volkan-konak"],"_links":{"self":[{"href":"https:\/\/www.tgrthaber.com\/mavikadin\/wp-json\/wp\/v2\/posts\/155302"}],"collection":[{"href":"https:\/\/www.tgrthaber.com\/mavikadin\/wp-json\/wp\/v2\/posts"}],"about":[{"href":"https:\/\/www.tgrthaber.com\/mavikadin\/wp-json\/wp\/v2\/types\/post"}],"author":[{"embeddable":true,"href":"https:\/\/www.tgrthaber.com\/mavikadin\/wp-json\/wp\/v2\/users\/34"}],"replies":[{"embeddable":true,"href":"https:\/\/www.tgrthaber.com\/mavikadin\/wp-json\/wp\/v2\/comments?post=155302"}],"version-history":[{"count":2,"href":"https:\/\/www.tgrthaber.com\/mavikadin\/wp-json\/wp\/v2\/posts\/155302\/revisions"}],"predecessor-version":[{"id":155310,"href":"https:\/\/www.tgrthaber.com\/mavikadin\/wp-json\/wp\/v2\/posts\/155302\/revisions\/155310"}],"wp:featuredmedia":[{"embeddable":true,"href":"https:\/\/www.tgrthaber.com\/mavikadin\/wp-json\/wp\/v2\/media\/155306"}],"wp:attachment":[{"href":"https:\/\/www.tgrthaber.com\/mavikadin\/wp-json\/wp\/v2\/media?parent=155302"}],"wp:term":[{"taxonomy":"category","embeddable":true,"href":"https:\/\/www.tgrthaber.com\/mavikadin\/wp-json\/wp\/v2\/categories?post=155302"},{"taxonomy":"post_tag","embeddable":true,"href":"https:\/\/www.tgrthaber.com\/mavikadin\/wp-json\/wp\/v2\/tags?post=155302"}],"curies":[{"name":"wp","href":"https:\/\/api.w.org\/{rel}","templated":true}]}}