{"id":155336,"date":"2025-03-31T19:27:07","date_gmt":"2025-03-31T16:27:07","guid":{"rendered":"https:\/\/www.tgrthaber.com\/mavikadin\/?p=155336"},"modified":"2025-03-31T19:27:07","modified_gmt":"2025-03-31T16:27:07","slug":"sarkici-berkay-sahinden-volkan-konaka-duygu-yuklu-veda-paylasimiyla-aglatti","status":"publish","type":"post","link":"https:\/\/www.tgrthaber.com\/mavikadin\/sarkici-berkay-sahinden-volkan-konaka-duygu-yuklu-veda-paylasimiyla-aglatti\/","title":{"rendered":"\u015eark\u0131c\u0131 Berkay \u015eahin&#8217;den Volkan Konak&#8217;a duygu y\u00fckl\u00fc veda! Payla\u015f\u0131m\u0131yla a\u011flatt\u0131"},"content":{"rendered":"<p>Bayram konserleri i\u00e7in K\u0131br\u0131s&#8217;ta sahne alan Karadeniz sanat\u00e7\u0131s\u0131 Volkan Konak, \u015fark\u0131 s\u00f6ylerken bir anda sahneye y\u0131\u011f\u0131lmas\u0131 \u00fczerine kalp krizi ge\u00e7irdi\u011fi anla\u015f\u0131ld\u0131. \u0130lk m\u00fcdahalenin yap\u0131lmas\u0131n\u0131n ard\u0131ndan apar topar hastaneye g\u00f6t\u00fcr\u00fclen sanat\u00e7\u0131 Volkan Konak&#8217;tan ac\u0131 haber tez geldi. \u00dcnl\u00fc sanat\u00e7\u0131n\u0131n beklenmeyen \u00f6l\u00fcm\u00fc kar\u015f\u0131s\u0131nda \u015fok olan yak\u0131n dostlar\u0131 ve sevenleri hastaneye ak\u0131n etti.<\/p>\n<p>58 ya\u015f\u0131nda hayata g\u00f6zlerini yuman Volkan Konak&#8217;\u0131n \u00f6l\u00fcm haberini alan sevilen \u015fark\u0131c\u0131 Berkay \u015eahin ise \u00fcz\u00fcnt\u00fcs\u00fcnden kahroldu. \u015eahin&#8217;in sosyal medya hesab\u0131nda yay\u0131nlad\u0131\u011f\u0131 payla\u015f\u0131mdaki s\u00f6zl\u00fc notu ise okuyanlar\u0131n y\u00fcreklerini da\u011flad\u0131.<\/p>\n<h3>\u00dcNL\u00dc \u015eARKICI BERKAY \u015eAH\u0130N&#8217;DEN VOLKAN KONAK&#8217;A DUYGUSAL VEDA!<\/h3>\n<p>K\u0131br\u0131s konseri s\u0131ras\u0131nda sahnede fenala\u015farak y\u0131\u011f\u0131lan Volkan Konak&#8217;\u0131n \u00f6l\u00fcm haberini alan \u015fark\u0131c\u0131 Berkay \u015eahin, aktif kulland\u0131\u011f\u0131 sosyal medya hesab\u0131ndan yay\u0131nlad\u0131\u011f\u0131 g\u00f6nderi ile Volkan Konak&#8217;\u0131n sevenlerini \u00fczd\u00fc.<\/p>\n<p><img loading=\"lazy\" decoding=\"async\" class=\"alignnone wp-image-155339\" src=\"https:\/\/www.tgrthaber.com\/mavikadin\/wp-content\/uploads\/ttrt.png\" alt=\"\" width=\"1208\" height=\"775\" title=\"\" srcset=\"https:\/\/www.tgrthaber.com\/mavikadin\/wp-content\/uploads\/ttrt.png 720w, https:\/\/www.tgrthaber.com\/mavikadin\/wp-content\/uploads\/ttrt-300x193.png 300w\" sizes=\"(max-width: 1208px) 100vw, 1208px\" \/><\/p>\n<hr \/>\n<p>Volkan Konak&#8217;\u0131 kaybetmi\u015f olman\u0131n verdi\u011fi \u00fcz\u00fcnt\u00fcyle beraber duygular\u0131n\u0131 sosyal medyada takip\u00e7ileriyle payla\u015ft\u0131\u011f\u0131 g\u00f6nderide ifade eden \u015fark\u0131c\u0131 Berkay \u015eahin, payla\u015f\u0131mla y\u00fcrek burktu. Berkay, Konak ile bir videosunu yay\u0131nlay\u0131p g\u00f6nderinin alt\u0131na \u015fu notu d\u00fc\u015ft\u00fc:<\/p>\n<p>&#8216;Ben kendi ailem dahil olmak \u00fczere hayat\u0131mda hi\u00e7 gidenleri buraya koymaktan ac\u0131m\u0131 payla\u015fmaktan yana de\u011filim. Ama benim aslan abim can abim VOLKAN AB\u0130M g\u00f6\u00e7t\u00fc gidiyor. Bak\u0131n i\u00e7im yan\u0131yor. Siz bilmezdiniz. Ama art\u0131k bilin bana kimse el uzatmazken, herkes dirsek g\u00f6sterirken abim omzunu duvar yapt\u0131 bana.<\/p>\n<p>Maddi manevi bir gram kendimi eksik hissetmemem ad\u0131na dimdik durdu yan\u0131mda. Benim aslan abim ben senden \u00e7ok raz\u0131 oldum in\u015fallah sende karde\u015finden raz\u0131s\u0131nd\u0131r. Seni \u00e7ok ama \u00e7ok seviyorum kavu\u015faca\u011f\u0131m\u0131z zamana kadar yolun a\u00e7\u0131k olsun mekan\u0131n cennet olsun rabbim seni en rahat\u0131nda uyutsun aslan abim benim. Seni \u00e7ok ama \u00e7ok seviyorum\u2026&#8217;<\/p>\n","protected":false},"excerpt":{"rendered":"<p>K\u0131br\u0131s&#8217;ta sahne al\u0131rken birdenbire fenala\u015farak hayat\u0131n\u0131 kaybeden Volkan Konak i\u00e7in sosyal medyada duygu y\u00fckl\u00fc payla\u015f\u0131mda bulunan \u015fark\u0131c\u0131 Berkay \u015eahin yay\u0131nlad\u0131\u011f\u0131 g\u00f6nderi ile y\u00fcrekleri burktu.<\/p>\n","protected":false},"author":27,"featured_media":155338,"comment_status":"closed","ping_status":"closed","sticky":false,"template":"","format":"standard","meta":{"rank_math_lock_modified_date":false,"footnotes":""},"categories":[76],"tags":[3846,16102],"class_list":["post-155336","post","type-post","status-publish","format-standard","has-post-thumbnail","hentry","category-magazin","tag-berkay-sahin","tag-volkan-konak"],"_links":{"self":[{"href":"https:\/\/www.tgrthaber.com\/mavikadin\/wp-json\/wp\/v2\/posts\/155336"}],"collection":[{"href":"https:\/\/www.tgrthaber.com\/mavikadin\/wp-json\/wp\/v2\/posts"}],"about":[{"href":"https:\/\/www.tgrthaber.com\/mavikadin\/wp-json\/wp\/v2\/types\/post"}],"author":[{"embeddable":true,"href":"https:\/\/www.tgrthaber.com\/mavikadin\/wp-json\/wp\/v2\/users\/27"}],"replies":[{"embeddable":true,"href":"https:\/\/www.tgrthaber.com\/mavikadin\/wp-json\/wp\/v2\/comments?post=155336"}],"version-history":[{"count":1,"href":"https:\/\/www.tgrthaber.com\/mavikadin\/wp-json\/wp\/v2\/posts\/155336\/revisions"}],"predecessor-version":[{"id":155340,"href":"https:\/\/www.tgrthaber.com\/mavikadin\/wp-json\/wp\/v2\/posts\/155336\/revisions\/155340"}],"wp:featuredmedia":[{"embeddable":true,"href":"https:\/\/www.tgrthaber.com\/mavikadin\/wp-json\/wp\/v2\/media\/155338"}],"wp:attachment":[{"href":"https:\/\/www.tgrthaber.com\/mavikadin\/wp-json\/wp\/v2\/media?parent=155336"}],"wp:term":[{"taxonomy":"category","embeddable":true,"href":"https:\/\/www.tgrthaber.com\/mavikadin\/wp-json\/wp\/v2\/categories?post=155336"},{"taxonomy":"post_tag","embeddable":true,"href":"https:\/\/www.tgrthaber.com\/mavikadin\/wp-json\/wp\/v2\/tags?post=155336"}],"curies":[{"name":"wp","href":"https:\/\/api.w.org\/{rel}","templated":true}]}}