{"id":155395,"date":"2025-03-31T23:29:46","date_gmt":"2025-03-31T20:29:46","guid":{"rendered":"https:\/\/www.tgrthaber.com\/mavikadin\/?p=155395"},"modified":"2025-09-12T15:34:23","modified_gmt":"2025-09-12T12:34:23","slug":"volkan-konakin-ilk-cikisi-genclik-yillarina-dair-o-goruntuler-milyonlara-ulasti","status":"publish","type":"post","link":"https:\/\/www.tgrthaber.com\/mavikadin\/volkan-konakin-ilk-cikisi-genclik-yillarina-dair-o-goruntuler-milyonlara-ulasti\/","title":{"rendered":"Volkan Konak\u2019\u0131n ilk \u00e7\u0131k\u0131\u015f\u0131! Gen\u00e7lik y\u0131llar\u0131na dair o g\u00f6r\u00fcnt\u00fcler milyonlara ula\u015ft\u0131"},"content":{"rendered":"<p>Volkan Konak\u2019\u0131n 25 ya\u015f\u0131ndayken kayda al\u0131nan bir videosu, m\u00fczik kariyerinin ilk k\u0131v\u0131lc\u0131mlar\u0131na dair \u00e7arp\u0131c\u0131 detaylar i\u00e7eriyor. Konak, o y\u0131llarda usta sanat\u00e7\u0131 Orhan Gencebay ile kar\u015f\u0131la\u015ft\u0131klar\u0131 an\u0131 anlat\u0131rken, bu kar\u015f\u0131la\u015fman\u0131n hayat\u0131ndaki d\u00f6n\u00fcm noktas\u0131 oldu\u011funu vurguluyor.<\/p>\n<p>Hen\u00fcz yolun ba\u015f\u0131nda olan gen\u00e7 bir sanat\u00e7\u0131n\u0131n i\u00e7indeki ate\u015fi g\u00f6ren Gencebay, Konak\u2019\u0131n bestelerini dinledikten sonra adeta d\u00fc\u011fmeye bast\u0131. O an sarf edilen birka\u00e7 c\u00fcmle, Konak\u2019\u0131n rotas\u0131n\u0131 sonsuza dek de\u011fi\u015ftirdi. Onun deyimiyle, m\u00fczikteki ilk ciddi ad\u0131m tam da o g\u00fcn at\u0131ld\u0131. Y\u0131llar sonra bile, \u201cOnun \u00f6\u011frencisi olma \u015fans\u0131n\u0131 yakalad\u0131\u011f\u0131m i\u00e7in kendimi \u00e7ok \u015fansl\u0131 hissediyorum,\u201d demesi, ya\u015fananlar\u0131n izini g\u00f6zler \u00f6n\u00fcne serdi. \u0130\u015fte Volkan Konak&#8217;\u0131n 25 ya\u015f\u0131na ait g\u00f6r\u00fcnt\u00fcleri&#8230;<\/p>\n<h3>VOLKAN KONAK\u2019IN \u0130LK \u00c7IKI\u015eI! DAHA 25 YA\u015eINDAYDI<\/h3>\n<p>T\u00fcrk halk m\u00fczi\u011finin unutulmaz isimlerinden biri olan Volkan Konak, ge\u00e7irdi\u011fi rahats\u0131zl\u0131k sonucu hayat\u0131n\u0131 kaybetti. Sanat\u00e7\u0131n\u0131n vefat\u0131, yaln\u0131zca m\u00fczik camias\u0131nda de\u011fil, T\u00fcrkiye genelinde b\u00fcy\u00fck bir \u00fcz\u00fcnt\u00fc yaratt\u0131. Ard\u0131nda onlarca eser, binlerce an\u0131 ve milyonlar\u0131n kalbine kaz\u0131nm\u0131\u015f bir sanat miras\u0131 b\u0131rakan Konak\u2019\u0131n gen\u00e7 ya\u015flarda yapt\u0131\u011f\u0131 bir a\u00e7\u0131klama ise sosyal medyada g\u00fcndem oldu.<\/p>\n<div style=\"width: 486px;\" class=\"wp-video\"><!--[if lt IE 9]><script>document.createElement('video');<\/script><![endif]-->\n<video class=\"wp-video-shortcode\" id=\"video-155395-1\" width=\"486\" height=\"864\" preload=\"metadata\" controls=\"controls\"><source type=\"video\/mp4\" src=\"https:\/\/www.tgrthaber.com\/mavikadin\/wp-content\/uploads\/Turkulerimize-yeni-bir-soluk-ve-yorum-getiren-Volkan-Konakin-vefati-bizleri-derinden-uzmustur.-Sevenlerine-bas-sagligi-dileriz.-Allah-rahmet-eylesin.mp4?_=1\" \/><a href=\"https:\/\/www.tgrthaber.com\/mavikadin\/wp-content\/uploads\/Turkulerimize-yeni-bir-soluk-ve-yorum-getiren-Volkan-Konakin-vefati-bizleri-derinden-uzmustur.-Sevenlerine-bas-sagligi-dileriz.-Allah-rahmet-eylesin.mp4\">https:\/\/www.tgrthaber.com\/mavikadin\/wp-content\/uploads\/Turkulerimize-yeni-bir-soluk-ve-yorum-getiren-Volkan-Konakin-vefati-bizleri-derinden-uzmustur.-Sevenlerine-bas-sagligi-dileriz.-Allah-rahmet-eylesin.mp4<\/a><\/video><\/div>\n<hr \/>\n<p>Volkan Konak\u2019\u0131n hen\u00fcz 25 ya\u015f\u0131ndayken kayda al\u0131nan bir videosunda m\u00fczik d\u00fcnyas\u0131na ad\u0131m att\u0131\u011f\u0131 s\u00fcreci anlatt\u0131\u011f\u0131 g\u00f6r\u00fcl\u00fcyor. Konak, o y\u0131llarda tan\u0131\u015ft\u0131\u011f\u0131 Orhan Gencebay ile olan ilk kar\u015f\u0131la\u015fmas\u0131n\u0131 \u015fu s\u00f6zlerle dile getirdi:<\/p>\n<p>&#8220;Orhan Hoca ile tan\u0131\u015fmam Zeki Atag\u00fcr arac\u0131l\u0131\u011f\u0131yla oldu. Ald\u0131\u011f\u0131m e\u011fitim ve yeti\u015fti\u011fim ortam nedeniyle i\u00e7imde her zaman sanat yapma arzusu vard\u0131.&#8221;<\/p>\n<p>Volkan Konak, gen\u00e7 ya\u015fta m\u00fczi\u011fe ad\u0131m atarken kar\u015f\u0131s\u0131na \u00e7\u0131kan en \u00f6nemli isimlerden biri olan Orhan Gencebay ile yollar\u0131n\u0131n nas\u0131l kesi\u015fti\u011fini y\u0131llar \u00f6nce anlatt\u0131\u011f\u0131 bir videoda a\u00e7\u0131klam\u0131\u015f. Hen\u00fcz 25 ya\u015f\u0131nda olan Konak, o d\u00f6nem ta\u015f\u0131d\u0131\u011f\u0131 heyecan\u0131 ve i\u00e7inde b\u00fcy\u00fcyen sanat tutkusunu kelimelere d\u00f6kerken, Orhan Gencebay ile kar\u015f\u0131la\u015fman\u0131n hayat\u0131ndaki d\u00f6n\u00fcm noktas\u0131 oldu\u011funu dile getirmi\u015f.<\/p>\n<p>Volkan Konak, gen\u00e7 ya\u015fta kurdu\u011fu hayalleri ve m\u00fczi\u011fe olan tutkusunu anlatt\u0131\u011f\u0131 videonun sonunda ise m\u00fczik hayat\u0131nda iz b\u0131rakan Orhan Gencebay\u2019a duydu\u011fu sevgiyi, &#8220;Seni seviyoruz koca y\u00fcrek,&#8221; s\u00f6zleriyle ifade etti.<\/p>\n<p><img loading=\"lazy\" decoding=\"async\" class=\"alignnone wp-image-155400 size-full\" src=\"https:\/\/www.tgrthaber.com\/mavikadin\/wp-content\/uploads\/1200x675-volkan-konaka-neden-kuzeyin-oglu-deniyor-hikayesi-ortaya-cikti-meger-orhan-gencebay-ile-1743418607305.webp\" alt=\"\" width=\"1200\" height=\"675\" title=\"\" srcset=\"https:\/\/www.tgrthaber.com\/mavikadin\/wp-content\/uploads\/1200x675-volkan-konaka-neden-kuzeyin-oglu-deniyor-hikayesi-ortaya-cikti-meger-orhan-gencebay-ile-1743418607305.webp 1200w, https:\/\/www.tgrthaber.com\/mavikadin\/wp-content\/uploads\/1200x675-volkan-konaka-neden-kuzeyin-oglu-deniyor-hikayesi-ortaya-cikti-meger-orhan-gencebay-ile-1743418607305-300x169.webp 300w, https:\/\/www.tgrthaber.com\/mavikadin\/wp-content\/uploads\/1200x675-volkan-konaka-neden-kuzeyin-oglu-deniyor-hikayesi-ortaya-cikti-meger-orhan-gencebay-ile-1743418607305-1024x576.webp 1024w, https:\/\/www.tgrthaber.com\/mavikadin\/wp-content\/uploads\/1200x675-volkan-konaka-neden-kuzeyin-oglu-deniyor-hikayesi-ortaya-cikti-meger-orhan-gencebay-ile-1743418607305-768x432.webp 768w\" sizes=\"(max-width: 1200px) 100vw, 1200px\" \/><\/p>\n<hr \/>\n<h3>\u201cKUZEY\u0130N O\u011eLU\u201d LAKABININ PERDE ARKASI ORTAYA \u00c7IKTI<\/h3>\n<p>Sanat\u00e7\u0131n\u0131n vefat\u0131yla birlikte \u201cKuzeyin O\u011flu\u201d lakab\u0131n\u0131n nereden geldi\u011fi de yeniden merak konusu oldu. 2017 y\u0131l\u0131nda H\u00fcrriyet\u2019e verdi\u011fi r\u00f6portajda bu unvan\u0131n ard\u0131ndaki isim olarak bir kez daha Orhan Gencebay\u2019\u0131 i\u015faret eden Volkan Konak, m\u00fczi\u011fe y\u00f6neli\u015finde onun b\u00fcy\u00fck rol oynad\u0131\u011f\u0131n\u0131 anlatm\u0131\u015ft\u0131.<\/p>\n<p>Konservatuvar e\u011fitimi planlarken Gencebay\u2019\u0131n kendisine farkl\u0131 bir m\u00fczik anlay\u0131\u015f\u0131 sundu\u011funu s\u00f6yleyen Konak, bu y\u00f6nlendirme sayesinde kendi tarz\u0131n\u0131 buldu\u011funu dile getirmi\u015fti. Karadeniz m\u00fczi\u011fine getirdi\u011fi \u00f6zg\u00fcn yorumla halk\u0131n kalbine taht kuran Konak\u2019a, halk aras\u0131nda \u201cKuzeyin O\u011flu\u201d denilmeye ba\u015fland\u0131 ve bu unvan k\u0131sa s\u00fcrede onun kimli\u011fi haline geldi.<\/p>\n<p><img loading=\"lazy\" decoding=\"async\" class=\"alignnone wp-image-155399 size-full\" src=\"https:\/\/www.tgrthaber.com\/mavikadin\/wp-content\/uploads\/volkan-konak-orhan-gencebay-muzikonair.webp\" alt=\"\" width=\"830\" height=\"470\" title=\"\" srcset=\"https:\/\/www.tgrthaber.com\/mavikadin\/wp-content\/uploads\/volkan-konak-orhan-gencebay-muzikonair.webp 830w, https:\/\/www.tgrthaber.com\/mavikadin\/wp-content\/uploads\/volkan-konak-orhan-gencebay-muzikonair-300x170.webp 300w, https:\/\/www.tgrthaber.com\/mavikadin\/wp-content\/uploads\/volkan-konak-orhan-gencebay-muzikonair-768x435.webp 768w\" sizes=\"(max-width: 830px) 100vw, 830px\" \/><\/p>\n<hr \/>\n<h3>VOLKAN KONAK NASIL VEFAT ETT\u0130?<\/h3>\n<p>Volkan Konak, uzun s\u00fcredir m\u00fccadele etti\u011fi sa\u011fl\u0131k sorunlar\u0131 nedeniyle ge\u00e7ti\u011fimiz g\u00fcnlerde hayat\u0131n\u0131 kaybetti. Resmi kaynaklardan yap\u0131lan a\u00e7\u0131klamada, sanat\u00e7\u0131n\u0131n kalp yetmezli\u011fi nedeniyle hastaneye kald\u0131r\u0131ld\u0131\u011f\u0131 ve yap\u0131lan t\u00fcm m\u00fcdahalelere ra\u011fmen kurtar\u0131lamad\u0131\u011f\u0131 belirtildi. Sanat\u00e7\u0131n\u0131n vefat\u0131, sanat d\u00fcnyas\u0131nda derin bir bo\u015fluk yaratt\u0131.<\/p>\n<p>Volkan Konak, yaln\u0131zca sesiyle de\u011fil, ta\u015f\u0131d\u0131\u011f\u0131 k\u00fclt\u00fcrel miras ve m\u00fczi\u011fe katt\u0131\u011f\u0131 derinlikle de unutulmaz bir iz b\u0131rakt\u0131. Onu \u201cKuzeyin O\u011flu\u201d yapan yolculuk, milyonlar\u0131n kalbinde derin bir sayg\u0131yla hat\u0131rlanacak.<\/p>\n","protected":false},"excerpt":{"rendered":"<p>Volkan Konak\u2019\u0131n gen\u00e7 ya\u015fta m\u00fczik d\u00fcnyas\u0131na ad\u0131m att\u0131\u011f\u0131 y\u0131llarda yapt\u0131\u011f\u0131 samimi a\u00e7\u0131klamalar, vefat\u0131n\u0131n ard\u0131ndan yeniden g\u00fcndeme geldi. Usta sanat\u00e7\u0131n\u0131n haf\u0131zalara kaz\u0131nan s\u00f6zleri, sevenlerini derinden etkiledi. O y\u0131llardan bug\u00fcne \u0131\u015f\u0131k tutan, kariyerinin ilk ad\u0131mlar\u0131n\u0131 anlatt\u0131\u011f\u0131 o \u00e7arp\u0131c\u0131 g\u00f6r\u00fcnt\u00fcler yeniden ortaya \u00e7\u0131kt\u0131. \u0130\u015fte detaylar&#8230;<\/p>\n","protected":false},"author":35,"featured_media":155396,"comment_status":"closed","ping_status":"closed","sticky":false,"template":"","format":"standard","meta":{"rank_math_lock_modified_date":false,"footnotes":""},"categories":[76],"tags":[16102,16226,16149,16148,16225,16224],"class_list":["post-155395","post","type-post","status-publish","format-standard","has-post-thumbnail","hentry","category-magazin","tag-volkan-konak","tag-volkan-konak-ilk-cikisi","tag-volkan-konak-kuzeyin-oglu","tag-volkan-konak-neden-kuzeyin-oglu-diyorlar","tag-volkan-konak-orhan-gencebay","tag-volkan-konak-vefati"],"_links":{"self":[{"href":"https:\/\/www.tgrthaber.com\/mavikadin\/wp-json\/wp\/v2\/posts\/155395"}],"collection":[{"href":"https:\/\/www.tgrthaber.com\/mavikadin\/wp-json\/wp\/v2\/posts"}],"about":[{"href":"https:\/\/www.tgrthaber.com\/mavikadin\/wp-json\/wp\/v2\/types\/post"}],"author":[{"embeddable":true,"href":"https:\/\/www.tgrthaber.com\/mavikadin\/wp-json\/wp\/v2\/users\/35"}],"replies":[{"embeddable":true,"href":"https:\/\/www.tgrthaber.com\/mavikadin\/wp-json\/wp\/v2\/comments?post=155395"}],"version-history":[{"count":2,"href":"https:\/\/www.tgrthaber.com\/mavikadin\/wp-json\/wp\/v2\/posts\/155395\/revisions"}],"predecessor-version":[{"id":155409,"href":"https:\/\/www.tgrthaber.com\/mavikadin\/wp-json\/wp\/v2\/posts\/155395\/revisions\/155409"}],"wp:featuredmedia":[{"embeddable":true,"href":"https:\/\/www.tgrthaber.com\/mavikadin\/wp-json\/wp\/v2\/media\/155396"}],"wp:attachment":[{"href":"https:\/\/www.tgrthaber.com\/mavikadin\/wp-json\/wp\/v2\/media?parent=155395"}],"wp:term":[{"taxonomy":"category","embeddable":true,"href":"https:\/\/www.tgrthaber.com\/mavikadin\/wp-json\/wp\/v2\/categories?post=155395"},{"taxonomy":"post_tag","embeddable":true,"href":"https:\/\/www.tgrthaber.com\/mavikadin\/wp-json\/wp\/v2\/tags?post=155395"}],"curies":[{"name":"wp","href":"https:\/\/api.w.org\/{rel}","templated":true}]}}