{"id":155408,"date":"2025-04-01T00:12:30","date_gmt":"2025-03-31T21:12:30","guid":{"rendered":"https:\/\/www.tgrthaber.com\/mavikadin\/?p=155408"},"modified":"2025-04-01T00:12:30","modified_gmt":"2025-03-31T21:12:30","slug":"volkan-konak-kizi-derin-ile-unutulmayacak-anisi-kucuk-kizini-gururla-izlemisti","status":"publish","type":"post","link":"https:\/\/www.tgrthaber.com\/mavikadin\/volkan-konak-kizi-derin-ile-unutulmayacak-anisi-kucuk-kizini-gururla-izlemisti\/","title":{"rendered":"Volkan Konak k\u0131z\u0131 Derin ile unutulmayacak an\u0131s\u0131! K\u00fc\u00e7\u00fck k\u0131z\u0131n\u0131 gururla izlemi\u015fti!"},"content":{"rendered":"<p>30 MART 2025 g\u00fcn\u00fc K\u0131br\u0131s\u2019ta sahne ald\u0131\u011f\u0131 s\u0131rada kalp krizi ge\u00e7irerek ya\u015fama veda eden Volkan Konak, sevenlerini b\u00fcy\u00fck bir yasa bo\u011fdu. Volkan Konak\u2019\u0131n \u00f6l\u00fcm\u00fcn\u00fcn ard\u0131ndan bir\u00e7ok hayran\u0131 onunla birlikte oldu\u011fu anlar\u0131 sosyal medya hesaplar\u0131ndan payla\u015farak usta isme veda ettiler. Ge\u00e7en 2024 y\u0131l\u0131n\u0131n yaz ay\u0131nda Harbiye A\u00e7\u0131khava\u2019da konser veren Volkan Konak, sahnede k\u00fc\u00e7\u00fck bir misafiri vard\u0131. Konak ailesinin en k\u00fc\u00e7\u00fck bireyi Derin Konak, babas\u0131 Volkan Konak\u2019la ayn\u0131 sahnede yer ald\u0131.<\/p>\n<h3>VOLKAN KONAK KIZI DER\u0130N \u0130LE AYNI SAHNEDE<\/h3>\n<p>\u00d6l\u00fcm\u00fcn\u00fcn ard\u0131ndan herkesi derin bir \u00fcz\u00fcnt\u00fcye bo\u011fan Volkan Konak, sosyal medya platformlar\u0131nda an\u0131lmaya devam ediyor. Kuzeyin O\u011flu Volkan Konak,\u00a0 e\u015fi Selma Konak\u2019a ve \u00e7ocuklar\u0131na olan d\u00fc\u015fk\u00fcnl\u00fc\u011f\u00fcn\u00fc ve sevgisini her zaman dile getiren bir sanat\u00e7\u0131yd\u0131. \u00dcnl\u00fc sanat\u00e7\u0131n\u0131n vefat\u0131n\u0131n ard\u0131ndan sosyal medyada k\u0131z\u0131 Derin Konak ile olan videosu payla\u015f\u0131ld\u0131. Volkan Konak\u2019\u0131n k\u0131z\u0131 Derin\u2019in sahnede yabanc\u0131 \u015fark\u0131 s\u00f6ylerken dinledi\u011fi anlar sosyal medyada viral oldu. Karadeniz denilince ak\u0131llara gelen direk gelen \u00fcnl\u00fc \u015fark\u0131c\u0131 Volkan Konak, k\u0131z\u0131 Derin Konak\u2019a hayran hayran bakt\u0131\u011f\u0131 anlar konsere gelenlerin dikkatinden ka\u00e7mad\u0131. Derin Konak\u2019\u0131n yabanc\u0131 \u015fark\u0131y\u0131 bitirmesinin ard\u0131ndan babas\u0131 Volkan Konak, \u201c \u0130nanam\u0131yorum\u201d diyerek k\u0131z\u0131na olan hayranl\u0131\u011f\u0131n\u0131 ve sevgisini g\u00f6zler \u00f6n\u00fcne serdi.<\/p>\n<div style=\"width: 640px;\" class=\"wp-video\"><!--[if lt IE 9]><script>document.createElement('video');<\/script><![endif]-->\n<video class=\"wp-video-shortcode\" id=\"video-155408-1\" width=\"640\" height=\"1138\" preload=\"metadata\" controls=\"controls\"><source type=\"video\/mp4\" src=\"https:\/\/www.tgrthaber.com\/mavikadin\/wp-content\/uploads\/Volkan-konak-kizi-derin-konakla-ayni-sahnede.mp4?_=1\" \/><a href=\"https:\/\/www.tgrthaber.com\/mavikadin\/wp-content\/uploads\/Volkan-konak-kizi-derin-konakla-ayni-sahnede.mp4\">https:\/\/www.tgrthaber.com\/mavikadin\/wp-content\/uploads\/Volkan-konak-kizi-derin-konakla-ayni-sahnede.mp4<\/a><\/video><\/div>\n<hr \/>\n<h3>DER\u0130N KONAK \u201cT\u0130TAN\u0130C\u201d \u015eARKISINI SESLEND\u0130RD\u0130<\/h3>\n<p>Volkan Konak, ge\u00e7ti\u011fimiz 2024 y\u0131l\u0131n\u0131n yaz ay\u0131nda Harbiye A\u00e7\u0131khava Sahnesi\u2019nde konser verdi. Konak, kendisini izlemeye gelenlere Karadeniz\u2019in \u015fark\u0131lar\u0131yla hem e\u011flendirdi hem de h\u00fcz\u00fcnlendirdi. Dinleyicileriyle yapt\u0131\u011f\u0131 muhabbetlerle keyifli bir konser ger\u00e7ekle\u015ftiren Volkan Konak, sahneye k\u00fc\u00e7\u00fck k\u0131z\u0131 Derin Konak\u2019\u0131 ald\u0131. Derin Konak, filmiyle ve \u015fark\u0131s\u0131yla efsane olan \u201cTitanic\u201d\u2019i s\u00f6yledi. Derin\u2019in o anlar\u0131na \u015fahitlik eden Volkan Konak, k\u0131z\u0131na hayranl\u0131kla ve gururla bakmas\u0131 g\u00f6zlerden ka\u00e7mad\u0131.<\/p>\n","protected":false},"excerpt":{"rendered":"<p>Merhum Volkan Konak, k\u00fc\u00e7\u00fck k\u0131z\u0131 Derin\u2019le ge\u00e7ti\u011fimiz yaz ay\u0131nda Harbiye k\u00fc\u00e7\u00fck bir sahne alm\u0131\u015ft\u0131. Konak\u2019\u0131n k\u0131z\u0131 Derin\u2019in \u015fark\u0131 s\u00f6yledi\u011fi anlar dinleyiciler taraf\u0131ndan kameraya al\u0131nd\u0131. Volkan Konak, k\u0131z\u0131 Derin\u2019in sahnedeki performans\u0131n\u0131 gurur duyarak izledi. <\/p>\n","protected":false},"author":10,"featured_media":155412,"comment_status":"closed","ping_status":"closed","sticky":false,"template":"","format":"standard","meta":{"rank_math_lock_modified_date":false,"footnotes":""},"categories":[76],"tags":[16228,133,2218,16102,16227],"class_list":["post-155408","post","type-post","status-publish","format-standard","has-post-thumbnail","hentry","category-magazin","tag-harbiye-acikhava-sahnesi","tag-magazin","tag-magazin-haberleri","tag-volkan-konak","tag-volkan-konak-kizi-derin-konak"],"_links":{"self":[{"href":"https:\/\/www.tgrthaber.com\/mavikadin\/wp-json\/wp\/v2\/posts\/155408"}],"collection":[{"href":"https:\/\/www.tgrthaber.com\/mavikadin\/wp-json\/wp\/v2\/posts"}],"about":[{"href":"https:\/\/www.tgrthaber.com\/mavikadin\/wp-json\/wp\/v2\/types\/post"}],"author":[{"embeddable":true,"href":"https:\/\/www.tgrthaber.com\/mavikadin\/wp-json\/wp\/v2\/users\/10"}],"replies":[{"embeddable":true,"href":"https:\/\/www.tgrthaber.com\/mavikadin\/wp-json\/wp\/v2\/comments?post=155408"}],"version-history":[{"count":1,"href":"https:\/\/www.tgrthaber.com\/mavikadin\/wp-json\/wp\/v2\/posts\/155408\/revisions"}],"predecessor-version":[{"id":155413,"href":"https:\/\/www.tgrthaber.com\/mavikadin\/wp-json\/wp\/v2\/posts\/155408\/revisions\/155413"}],"wp:featuredmedia":[{"embeddable":true,"href":"https:\/\/www.tgrthaber.com\/mavikadin\/wp-json\/wp\/v2\/media\/155412"}],"wp:attachment":[{"href":"https:\/\/www.tgrthaber.com\/mavikadin\/wp-json\/wp\/v2\/media?parent=155408"}],"wp:term":[{"taxonomy":"category","embeddable":true,"href":"https:\/\/www.tgrthaber.com\/mavikadin\/wp-json\/wp\/v2\/categories?post=155408"},{"taxonomy":"post_tag","embeddable":true,"href":"https:\/\/www.tgrthaber.com\/mavikadin\/wp-json\/wp\/v2\/tags?post=155408"}],"curies":[{"name":"wp","href":"https:\/\/api.w.org\/{rel}","templated":true}]}}