{"id":155430,"date":"2025-04-01T01:39:58","date_gmt":"2025-03-31T22:39:58","guid":{"rendered":"https:\/\/www.tgrthaber.com\/mavikadin\/?p=155430"},"modified":"2025-04-01T01:39:58","modified_gmt":"2025-03-31T22:39:58","slug":"bulent-ersoy-kibrista-resmen-costu-divadan-gorulmemis-sahne-sovu","status":"publish","type":"post","link":"https:\/\/www.tgrthaber.com\/mavikadin\/bulent-ersoy-kibrista-resmen-costu-divadan-gorulmemis-sahne-sovu\/","title":{"rendered":"B\u00fclent Ersoy K\u0131br\u0131s&#8217;ta resmen co\u015ftu! Diva&#8217;dan g\u00f6r\u00fclmemi\u015f sahne \u015fovu"},"content":{"rendered":"<p>K\u0131br\u0131s Lefko\u015fa\u2019daki Concorde Tower sahnesi, bayram\u0131n ikinci g\u00fcn\u00fc unutulmaz bir geceye tan\u0131kl\u0131k etti. T\u00fcrk sanat m\u00fczi\u011finin y\u0131llara meydan okuyan ismi B\u00fclent Ersoy, g\u00f6rkemli sahne \u015fovuyla adeta m\u00fczikseverlere bayram arma\u011fan\u0131 sundu. Gecenin ilerleyen saatlerinde sahneye \u00e7\u0131kan Diva, sadece sesiyle de\u011fil, zarafetiyle de g\u00f6z kama\u015ft\u0131rd\u0131. I\u015f\u0131lt\u0131l\u0131 sahne kost\u00fcm\u00fcyle izleyenleri b\u00fcy\u00fcleyen Ersoy, sahnedeki asaleti, etkileyici duru\u015fu ve g\u00fc\u00e7l\u00fc yorumlar\u0131yla yine sanat\u0131n zirvesine ad\u0131n\u0131 alt\u0131n harflerle yazd\u0131rd\u0131. Dakikalarca s\u00fcren alk\u0131\u015flar e\u015fli\u011finde sahneye \u00e7\u0131kan sanat\u00e7\u0131, m\u00fczik dolu bir geceyle hayranlar\u0131na unutulmaz anlar ya\u015fatt\u0131. G\u00f6z al\u0131c\u0131 performans\u0131 boyunca hem nostalji r\u00fczgar\u0131 estirdi hem de sevenlerini duygudan duyguya s\u00fcr\u00fckledi. \u0130\u015fte B\u00fclent Ersoy&#8217;un Lefko\u015fa&#8217;y\u0131 sallad\u0131\u011f\u0131 sahne \u015fovu&#8230;<\/p>\n<h3>B\u00dcLENT ERSOY KIBRIS&#8217;TA CO\u015eTU!<\/h3>\n<p>G\u00f6steri\u015fli sahne kost\u00fcm\u00fcyle t\u00fcm bak\u0131\u015flar\u0131 \u00fczerine \u00e7eken B\u00fclent Ersoy, alt\u0131n sar\u0131s\u0131 ta\u015flarla bezeli \u0131\u015f\u0131lt\u0131l\u0131 k\u0131yafeti ve beyaz t\u00fcl detaylar\u0131yla adeta g\u00f6rsel bir \u015f\u00f6lene imza att\u0131. Her zamanki gibi ihti\u015famdan \u00f6d\u00fcn vermeyen sanat\u00e7\u0131, izleyenlerden tam not ald\u0131. Konser boyunca se\u00e7ti\u011fi \u015fark\u0131larla nostalji r\u00fczgarlar\u0131 estiren Diva, dinleyicilerini ge\u00e7mi\u015fin unutulmaz melodileriyle bulu\u015fturdu.<\/p>\n<div style=\"width: 640px;\" class=\"wp-video\"><!--[if lt IE 9]><script>document.createElement('video');<\/script><![endif]-->\n<video class=\"wp-video-shortcode\" id=\"video-155430-1\" width=\"640\" height=\"1138\" preload=\"metadata\" controls=\"controls\"><source type=\"video\/mp4\" src=\"https:\/\/www.tgrthaber.com\/mavikadin\/wp-content\/uploads\/Instagram-2.sayfaofficial-stories-3600701841433104378-online-video-cutter.com_.mp4?_=1\" \/><a href=\"https:\/\/www.tgrthaber.com\/mavikadin\/wp-content\/uploads\/Instagram-2.sayfaofficial-stories-3600701841433104378-online-video-cutter.com_.mp4\">https:\/\/www.tgrthaber.com\/mavikadin\/wp-content\/uploads\/Instagram-2.sayfaofficial-stories-3600701841433104378-online-video-cutter.com_.mp4<\/a><\/video><\/div>\n<h3>UNUTULMAZ B\u0130R BAYRAM GECES\u0130NE \u0130MZA ATTI<\/h3>\n<p>Sahneye ad\u0131m att\u0131\u011f\u0131 andan itibaren salonu dolduran kalabal\u0131\u011f\u0131n yo\u011fun ilgisiyle kar\u015f\u0131la\u015fan Ersoy, seslendirdi\u011fi klasikle\u015fmi\u015f par\u00e7alarla izleyicilerine adeta duygu seli ya\u015fatt\u0131. \u201cGeceler\u201d, \u201cBeddua\u201d, \u201cYa\u015famak Ne G\u00fczel \u015eey\u201d gibi haf\u0131zalara kaz\u0131nan eserlerle sahne alan usta sanat\u00e7\u0131, her bir \u015fark\u0131n\u0131n ard\u0131ndan dakikalarca alk\u0131\u015fland\u0131.<\/p>\n<h3>KIBRISLI HAYRANLARINDAN YO\u011eUN \u0130LG\u0130 G\u00d6RD\u00dc<\/h3>\n<p>K\u0131br\u0131s\u2019ta uzun s\u00fcredir sahne almayan B\u00fclent Ersoy\u2019a olan \u00f6zlem, salonun h\u0131nca h\u0131n\u00e7 dolmas\u0131yla kendini g\u00f6sterdi. Konsere sadece Lefko\u015fa\u2019dan de\u011fil, adan\u0131n farkl\u0131 b\u00f6lgelerinden de yo\u011fun kat\u0131l\u0131m oldu\u011fu g\u00f6zlemlendi. Hayranlar\u0131 Diva\u2019ya olan sevgilerini \u00e7i\u00e7eklerle ve tezah\u00fcratlarla g\u00f6sterdi. Konser boyunca zaman zaman seyircilerle diyaloga giren sanat\u00e7\u0131, do\u011fal tav\u0131rlar\u0131yla salonda samimi bir hava estirdi.<\/p>\n<p><img loading=\"lazy\" decoding=\"async\" class=\"alignnone wp-image-155436 size-full\" src=\"https:\/\/www.tgrthaber.com\/mavikadin\/wp-content\/uploads\/t25_bulent-ersoydan-orkestra-574.webp\" alt=\"\" width=\"1200\" height=\"674\" title=\"\" srcset=\"https:\/\/www.tgrthaber.com\/mavikadin\/wp-content\/uploads\/t25_bulent-ersoydan-orkestra-574.webp 1200w, https:\/\/www.tgrthaber.com\/mavikadin\/wp-content\/uploads\/t25_bulent-ersoydan-orkestra-574-300x169.webp 300w, https:\/\/www.tgrthaber.com\/mavikadin\/wp-content\/uploads\/t25_bulent-ersoydan-orkestra-574-1024x575.webp 1024w, https:\/\/www.tgrthaber.com\/mavikadin\/wp-content\/uploads\/t25_bulent-ersoydan-orkestra-574-768x431.webp 768w\" sizes=\"(max-width: 1200px) 100vw, 1200px\" \/><\/p>\n<hr \/>\n<h3>SESLER SUSSA, ONUN SAHNES\u0130 SUSMAZ<\/h3>\n<p>Y\u0131llara meydan okuyan sesiyle sahnede devle\u015fen Ersoy, m\u00fczik kariyerindeki onlarca y\u0131la ra\u011fmen dinmeyen enerjisiyle gen\u00e7 sanat\u00e7\u0131lara adeta ta\u015f \u00e7\u0131kartt\u0131. Hem sesiyle hem sahne duru\u015fuyla ger\u00e7ek bir sanat\u00e7\u0131 nas\u0131l olunur dersi verdi. Konser sonras\u0131 sahne arkas\u0131 g\u00f6r\u00fcnt\u00fcleri sosyal medyada k\u0131sa s\u00fcrede g\u00fcndem olurken, bir\u00e7ok hayran\u0131 sanat\u00e7\u0131n\u0131n enerjisine hayran kald\u0131\u011f\u0131n\u0131 belirten yorumlar yapt\u0131.<\/p>\n<h3>BAYRAMDA KIBRIS&#8217;TA SAHNE ALAN \u00dcNL\u00dcLER K\u0130MLER?<\/h3>\n<p>Ramazan Bayram\u0131\u2019n\u0131n ikinci g\u00fcn\u00fc olan 30 Mart 2025, Kuzey K\u0131br\u0131s T\u00fcrk Cumhuriyeti\u2019nde tam anlam\u0131yla y\u0131ld\u0131zlar ge\u00e7idine sahne oldu. K\u0131br\u0131s\u2019\u0131n farkl\u0131 b\u00f6lgelerinde ger\u00e7ekle\u015ftirilen g\u00f6rkemli konserlerde T\u00fcrkiye\u2019nin en \u00fcnl\u00fc sanat\u00e7\u0131lar\u0131 sahneye \u00e7\u0131karak m\u00fczikseverlere unutulmaz anlar ya\u015fatt\u0131. B\u00fclent Ersoy\u2019un Lefko\u015fa\u2019daki Concorde Tower sahnesinde b\u00fcy\u00fcleyici bir performans sergiledi\u011fi gece, ayn\u0131 zamanda bir\u00e7ok dev ismin K\u0131br\u0131s\u2019ta sahne ald\u0131\u011f\u0131 bir bayram ak\u015fam\u0131yd\u0131.<\/p>\n<p>Bayram konserlerinde Sibel Can, Y\u0131ld\u0131z Tilbe, Hadise, \u00d6zcan Deniz, G\u00fcl\u015fen, Serkan Kaya, Koray Avc\u0131, Derya Ulu\u011f, Ay\u00e7in Asan ve Volkan Konak gibi isimler farkl\u0131 otellerde sahne ald\u0131. Elexus, Merit Park, Merit Royal, Merit Crystal Cove, Merit Lefko\u015fa ve Concorde Tower gibi l\u00fcks otellerde ger\u00e7ekle\u015fen konserlerde salonlar t\u0131kl\u0131m t\u0131kl\u0131m dolarken, sanat\u00e7\u0131lar hem yeni hem de klasikle\u015fmi\u015f par\u00e7alar\u0131yla seyircilerini co\u015fturdu. Bayram\u0131n en \u00e7arp\u0131c\u0131 anlar\u0131ndan biri ise \u0130skele\u2019de sahne alan Volkan Konak\u2019\u0131n fenala\u015farak konser s\u0131ras\u0131nda hayat\u0131n\u0131 kaybetmesi oldu. Bu ac\u0131 haber, m\u00fczik camias\u0131nda b\u00fcy\u00fck yank\u0131 uyand\u0131rd\u0131.<\/p>\n<p><img loading=\"lazy\" decoding=\"async\" class=\"alignnone wp-image-155397 \" src=\"https:\/\/www.tgrthaber.com\/mavikadin\/wp-content\/uploads\/artworks-M51zm3bjwDiU1uFm-ONqclg-t500x500.jpg\" alt=\"\" width=\"831\" height=\"831\" title=\"\" srcset=\"https:\/\/www.tgrthaber.com\/mavikadin\/wp-content\/uploads\/artworks-M51zm3bjwDiU1uFm-ONqclg-t500x500.jpg 500w, https:\/\/www.tgrthaber.com\/mavikadin\/wp-content\/uploads\/artworks-M51zm3bjwDiU1uFm-ONqclg-t500x500-300x300.jpg 300w, https:\/\/www.tgrthaber.com\/mavikadin\/wp-content\/uploads\/artworks-M51zm3bjwDiU1uFm-ONqclg-t500x500-150x150.jpg 150w\" sizes=\"(max-width: 831px) 100vw, 831px\" \/><\/p>\n<hr \/>\n<p>\u00dcnl\u00fc sanat\u00e7\u0131lar\u0131n sahne ald\u0131\u011f\u0131 bu konserlerde bilet fiyatlar\u0131n\u0131n ve konaklama \u00fccretlerinin rekor seviyelere ula\u015ft\u0131\u011f\u0131 g\u00f6r\u00fcld\u00fc. Baz\u0131 otellerde gecelik ki\u015fi ba\u015f\u0131 fiyatlar 35 bin TL\u2019den ba\u015flarken, ultra l\u00fcks paketlerde bu rakam 200 bin TL\u2019ye kadar \u00e7\u0131kt\u0131. Hadise&#8217;nin tek konser i\u00e7in 5 milyon TL ald\u0131\u011f\u0131, Sibel Can ve Y\u0131ld\u0131z Tilbe&#8217;nin K\u0131br\u0131s sahnelerinden 4 milyon TL kazand\u0131\u011f\u0131 belirtilirken, \u00d6zcan Deniz\u2019in hem \u0130stanbul hem K\u0131br\u0131s sahneleriyle toplam 6 milyon 200 bin TL gelir elde etti\u011fi iddia edildi.<\/p>\n<p>K\u0131br\u0131s, bu bayramda da sanat\u0131n ve m\u00fczi\u011fin merkezi olurken, sahne alan dev isimlerle adada tam anlam\u0131yla m\u00fczikal bir bayram ya\u015fand\u0131.<\/p>\n","protected":false},"excerpt":{"rendered":"<p>B\u00fclent Ersoy bayram\u0131n 2. g\u00fcn\u00fc K\u0131br\u0131s Lefko\u015fa&#8217;y\u0131 adeta sallad\u0131. T\u00fcrk m\u00fczi\u011finin Diva&#8217;s\u0131, Lefko\u015fa\u2019da verdi\u011fi konserle sahnede resmen co\u015ftu. I\u015f\u0131lt\u0131l\u0131 kost\u00fcm\u00fc, etkileyici sahne hakimiyeti ve kulaklardan silinmeyecek g\u00fc\u00e7l\u00fc sesiyle salonu b\u00fcy\u00fcleyen Diva, izleyenlere sadece bir konser de\u011fil, unutulmaz bir sanat \u015f\u00f6leni ya\u015fatt\u0131. \u0130\u015fte unutulmaz geceye dair t\u00fcm detaylar&#8230;<\/p>\n","protected":false},"author":35,"featured_media":155438,"comment_status":"closed","ping_status":"closed","sticky":false,"template":"","format":"standard","meta":{"rank_math_lock_modified_date":false,"footnotes":""},"categories":[76],"tags":[16235,3768,16238,16234,16236,16237],"class_list":["post-155430","post","type-post","status-publish","format-standard","has-post-thumbnail","hentry","category-magazin","tag-bayram-konserleri","tag-bulent-ersoy","tag-bulent-ersoy-bayram-konseri","tag-kibris","tag-kibris-bayram-konserleri","tag-lefkosa"],"_links":{"self":[{"href":"https:\/\/www.tgrthaber.com\/mavikadin\/wp-json\/wp\/v2\/posts\/155430"}],"collection":[{"href":"https:\/\/www.tgrthaber.com\/mavikadin\/wp-json\/wp\/v2\/posts"}],"about":[{"href":"https:\/\/www.tgrthaber.com\/mavikadin\/wp-json\/wp\/v2\/types\/post"}],"author":[{"embeddable":true,"href":"https:\/\/www.tgrthaber.com\/mavikadin\/wp-json\/wp\/v2\/users\/35"}],"replies":[{"embeddable":true,"href":"https:\/\/www.tgrthaber.com\/mavikadin\/wp-json\/wp\/v2\/comments?post=155430"}],"version-history":[{"count":1,"href":"https:\/\/www.tgrthaber.com\/mavikadin\/wp-json\/wp\/v2\/posts\/155430\/revisions"}],"predecessor-version":[{"id":155439,"href":"https:\/\/www.tgrthaber.com\/mavikadin\/wp-json\/wp\/v2\/posts\/155430\/revisions\/155439"}],"wp:featuredmedia":[{"embeddable":true,"href":"https:\/\/www.tgrthaber.com\/mavikadin\/wp-json\/wp\/v2\/media\/155438"}],"wp:attachment":[{"href":"https:\/\/www.tgrthaber.com\/mavikadin\/wp-json\/wp\/v2\/media?parent=155430"}],"wp:term":[{"taxonomy":"category","embeddable":true,"href":"https:\/\/www.tgrthaber.com\/mavikadin\/wp-json\/wp\/v2\/categories?post=155430"},{"taxonomy":"post_tag","embeddable":true,"href":"https:\/\/www.tgrthaber.com\/mavikadin\/wp-json\/wp\/v2\/tags?post=155430"}],"curies":[{"name":"wp","href":"https:\/\/api.w.org\/{rel}","templated":true}]}}