{"id":155497,"date":"2025-04-01T10:36:42","date_gmt":"2025-04-01T07:36:42","guid":{"rendered":"https:\/\/www.tgrthaber.com\/mavikadin\/?p=155497"},"modified":"2025-04-01T10:36:42","modified_gmt":"2025-04-01T07:36:42","slug":"hulya-kocyigitten-filiz-akin-fatma-girik-itirafi-surekli-onlarla-konusuyorum","status":"publish","type":"post","link":"https:\/\/www.tgrthaber.com\/mavikadin\/hulya-kocyigitten-filiz-akin-fatma-girik-itirafi-surekli-onlarla-konusuyorum\/","title":{"rendered":"H\u00fclya Ko\u00e7yi\u011fit\u2019ten Filiz Ak\u0131n, Fatma Girik itiraf\u0131: S\u00fcrekli onlarla konu\u015fuyorum!"},"content":{"rendered":"<p class=\"p1\">T\u00fcrk sinemas\u0131n\u0131n usta ismi H\u00fclya Ko\u00e7yi\u011fit, y\u0131llara meydan okuyan dostluklar\u0131n\u0131 ve birlikte kamera kar\u015f\u0131s\u0131na ge\u00e7ti\u011fi de\u011ferli sanat\u00e7\u0131lar Filiz Ak\u0131n ile Fatma Girik hakk\u0131ndaki hislerini Habert\u00fcrk\u2019ten Mehmet \u00c7al\u0131\u015fkan ile payla\u015ft\u0131. Hayat\u0131n\u0131n en \u00f6zel an\u0131lar\u0131ndan baz\u0131lar\u0131n\u0131 anlatan Ko\u00e7yi\u011fit, ge\u00e7mi\u015fte ya\u015fad\u0131klar\u0131 dostlu\u011fu ve meslekta\u015flar\u0131na duydu\u011fu derin sayg\u0131y\u0131 duygusal ifadelerle dile getirdi. \u00c7al\u0131\u015fkan\u2019\u0131n kaleme ald\u0131\u011f\u0131 yaz\u0131da, Ko\u00e7yi\u011fit\u2019in hem \u00f6zlem dolu c\u00fcmleleri hem de ya\u015fanm\u0131\u015fl\u0131klara dair i\u00e7ten anlat\u0131m\u0131 dikkat \u00e7ekti. Usta oyuncunun s\u00f6zleri, Ye\u015fil\u00e7am\u2019\u0131n unutulmaz y\u0131llar\u0131n\u0131 yeniden hat\u0131rlatt\u0131.<\/p>\n<h3>H\u00dcLYA KO\u00c7Y\u0130\u011e\u0130T&#8217;TEN F\u0130L\u0130Z AKIN, FATMA G\u0130R\u0130K \u0130T\u0130RAFI<\/h3>\n<p class=\"p1\">Birka\u00e7 y\u0131l \u00f6nce Isparta&#8217;daki S\u00fcleyman Demirel \u00dcniversitesi&#8217;nden ald\u0131\u011f\u0131m bir davetle \u00fcniversitenin ileti\u015fim fak\u00fcltesinde, \u00f6\u011frencilerle bir s\u00f6yle\u015fi ger\u00e7ekle\u015ftirdik. \u00d6\u011frencilerden biri \u015f\u00f6yle bir soru y\u00f6neltmi\u015fti; &#8220;Ge\u00e7mi\u015fte \u00fcniversitemizden fahri doktora \u00fcnvan\u0131 alan\u00a0T\u00fcrkan \u015eoray,\u00a0H\u00fclya Ko\u00e7yi\u011fit,\u00a0Fatma Girik\u00a0ve\u00a0Filiz Ak\u0131n&#8217;\u0131 farkl\u0131 k\u0131lan ba\u015fl\u0131ca \u00f6zellikleri nelerdir?&#8221; \u015e\u00f6yle cevap vermi\u015ftim; &#8220;Memlekette ne kadar hane varsa, hangisinin kap\u0131s\u0131n\u0131 \u00e7alsalar, buyur edilirler. \u00dcnl\u00fc olduklar\u0131 i\u00e7in de\u011fil ama&#8230; O evin bir \u00fcyesi olduklar\u0131 i\u00e7in&#8230; \u0130nsanlar; \u00e7ok ba\u015far\u0131l\u0131 olabilir, \u00e7ok \u00fcnl\u00fc olabilir ama aileden biri olarak kabul g\u00f6rmek i\u00e7in bunlardan \u00e7ok fazlas\u0131 gerekir. Buna en iyi \u00f6rnek; T\u00fcrkan \u015eoray, H\u00fclya Ko\u00e7yi\u011fit, Fatma Girik ve Filiz Ak\u0131n&#8217;d\u0131r. Bu denli sevilmelerinin alt yap\u0131s\u0131nda ise hi\u00e7bir zaman kibir sahibi olmamalar\u0131 ve her zaman samimi olmalar\u0131 var.&#8221;<\/p>\n<p><img loading=\"lazy\" decoding=\"async\" class=\"alignnone wp-image-155498 \" src=\"https:\/\/www.tgrthaber.com\/mavikadin\/wp-content\/uploads\/Ekran-Resmi-2025-04-01-10.21.38.png\" alt=\"\" width=\"985\" height=\"620\" title=\"\" srcset=\"https:\/\/www.tgrthaber.com\/mavikadin\/wp-content\/uploads\/Ekran-Resmi-2025-04-01-10.21.38.png 848w, https:\/\/www.tgrthaber.com\/mavikadin\/wp-content\/uploads\/Ekran-Resmi-2025-04-01-10.21.38-300x189.png 300w, https:\/\/www.tgrthaber.com\/mavikadin\/wp-content\/uploads\/Ekran-Resmi-2025-04-01-10.21.38-768x484.png 768w\" sizes=\"(max-width: 985px) 100vw, 985px\" \/><\/p>\n<hr \/>\n<p class=\"p1\">T\u00fcrk sinemas\u0131n\u0131n &#8216;D\u00f6rt Yaprakl\u0131 Yonca&#8217;s\u0131 T\u00fcrkan \u015eoray, H\u00fclya Ko\u00e7yi\u011fit, Fatma Girik ve Filiz Ak\u0131n&#8217;\u0131n toplam film say\u0131s\u0131, t\u00fcm filmlerin yakla\u015f\u0131k % 10&#8217;u&#8230;111 y\u0131ll\u0131k T\u00fcrk sinemas\u0131nda \u00e7ekilen her 10 filmden birinde, &#8216;D\u00f6rt Yaprakl\u0131 Yonca&#8217;n\u0131n rol almas\u0131, say\u0131sal olarak bir hayli s\u00fckseli kariyerlerinin g\u00f6zler \u00f6n\u00fcne seriyor. Kariyerlerinin yan\u0131 s\u0131ra ki\u015filikleriyle, ya\u015fam tarzlar\u0131yla, s\u00f6ylemleriyle her neslin hayranl\u0131k duymas\u0131yla da adlar\u0131n\u0131, alt\u0131n harflerle yazd\u0131rd\u0131lar.<\/p>\n<p class=\"p1\">1990&#8217;l\u0131 ve 2000&#8217;li y\u0131llarda s\u0131k s\u0131k Beyo\u011flu&#8217;ndaki yap\u0131mc\u0131lar\u0131n ofislerine ve oyuncular\u0131n u\u011frak noktas\u0131 olan mek\u00e2nlara giderdim. Zaman zaman yap\u0131mc\u0131lara ve oyunculara \u015f\u00f6yle bir soru y\u00f6neltirdim; &#8220;T\u00fcrkan \u015eoray, H\u00fclya Ko\u00e7yi\u011fit, Fatma Girik ve Filiz Ak\u0131n; hi\u00e7 mi at\u0131\u015fmad\u0131, polemik ya\u015famad\u0131? Hep b\u00f6yle dost muydular?&#8221;Bu soruyu kime sorsam; &#8220;Bu ne bi\u00e7im bir soru&#8221; imal\u0131 ters bak\u0131\u015flarla kar\u015f\u0131la\u015f\u0131rd\u0131m. Her ne kadar i\u015fleri gere\u011fi do\u011fal rakip olsalar da onlar i\u00e7in &#8216;Rakip&#8217; kelimesi, kariyerlerinde hi\u00e7bir zaman v\u00fccut bulmad\u0131. Arkada\u015fl\u0131klar\u0131, zaman i\u00e7inde \u00f6nce yarenli\u011fe daha sonra da karde\u015fli\u011fe d\u00f6n\u00fc\u015ft\u00fc. \u0130mk\u00e2nlar\u0131n bir hayli k\u0131s\u0131tl\u0131 oldu\u011fu d\u00f6nemlerde, meslekleri ad\u0131na \u00e7\u0131k\u0131labilecek en \u00fcst seviyeye \u00e7\u0131karak ba\u015far\u0131 ve sevilme ad\u0131na ne varsa elde ettiler.<\/p>\n<p><img loading=\"lazy\" decoding=\"async\" class=\"alignnone wp-image-155499 \" src=\"https:\/\/www.tgrthaber.com\/mavikadin\/wp-content\/uploads\/Ekran-Resmi-2025-04-01-10.21.43.png\" alt=\"\" width=\"996\" height=\"823\" title=\"\" srcset=\"https:\/\/www.tgrthaber.com\/mavikadin\/wp-content\/uploads\/Ekran-Resmi-2025-04-01-10.21.43.png 864w, https:\/\/www.tgrthaber.com\/mavikadin\/wp-content\/uploads\/Ekran-Resmi-2025-04-01-10.21.43-300x248.png 300w, https:\/\/www.tgrthaber.com\/mavikadin\/wp-content\/uploads\/Ekran-Resmi-2025-04-01-10.21.43-768x635.png 768w\" sizes=\"(max-width: 996px) 100vw, 996px\" \/><\/p>\n<hr \/>\n<p class=\"p1\">Ne yaz\u0131k ki Fatma Girik; 24 Ocak 2022&#8217;de, Filiz Ak\u0131n; 22 Mart 2025&#8217;te hayat\u0131n\u0131 kaybetti. \u00dclke olarak b\u00fcy\u00fck \u00fcz\u00fcnt\u00fc duydu\u011fumuz kay\u0131plar\u0131n, yarenleri; H\u00fclya Ko\u00e7yi\u011fit ile T\u00fcrkan \u015eoray&#8217;\u0131 ne kadar \u00fczd\u00fc\u011f\u00fcn\u00fc, i\u00e7 d\u00fcnyalar\u0131nda neler ya\u015fad\u0131klar\u0131n\u0131 tahayy\u00fcl etmek m\u00fcmk\u00fcn de\u011fil.<\/p>\n<p class=\"p1\">H\u00fclya Ko\u00e7yi\u011fit&#8217;ten Filiz Ak\u0131n ve Fatma Girik ile ilgili bir yaz\u0131 kaleme almas\u0131n\u0131 rica ettim. Biliyorum, yerine getirilmesi \u00e7ok zor bir ricada bulundum. Biliyorum, ne yazsa kelimeler, duygular\u0131n\u0131 dile getirmekte kifayetsiz kalacakt\u0131. Yine de sa\u011f olsun ricam\u0131 k\u0131rmad\u0131.<\/p>\n<p class=\"p1\">H\u00fclya Ko\u00e7yi\u011fit, Filiz Ak\u0131n ve Fatma Girik ile ilgili duygular\u0131n\u0131 \u015f\u00f6yle kaleme ald\u0131:<\/p>\n<p class=\"p1\">Sevgili Mehmet \u00c7al\u0131\u015fkan aray\u0131p; \u201cH\u00fclya abla, Filiz Ak\u0131n ile Fatma Girik ile ilgili duygular\u0131n\u0131z\u0131 mektup yazar m\u0131s\u0131n\u0131z?&#8221; diye sordu\u011funda, i\u00e7imde bir \u00fcrperti hissettim. Ne yazsam eksik kalacakt\u0131. \u00c7\u00fcnk\u00fc yar\u0131m asr\u0131 a\u015fan bir dostlu\u011fu birka\u00e7 sat\u0131ra nas\u0131l s\u0131\u011fd\u0131rabilirdim ki?<\/p>\n<p><img loading=\"lazy\" decoding=\"async\" class=\"alignnone wp-image-155500 \" src=\"https:\/\/www.tgrthaber.com\/mavikadin\/wp-content\/uploads\/Ekran-Resmi-2025-04-01-10.21.50.png\" alt=\"\" width=\"996\" height=\"1124\" title=\"\" srcset=\"https:\/\/www.tgrthaber.com\/mavikadin\/wp-content\/uploads\/Ekran-Resmi-2025-04-01-10.21.50.png 856w, https:\/\/www.tgrthaber.com\/mavikadin\/wp-content\/uploads\/Ekran-Resmi-2025-04-01-10.21.50-266x300.png 266w, https:\/\/www.tgrthaber.com\/mavikadin\/wp-content\/uploads\/Ekran-Resmi-2025-04-01-10.21.50-768x867.png 768w\" sizes=\"(max-width: 996px) 100vw, 996px\" \/><\/p>\n<hr \/>\n<p class=\"p1\">Ne yazaca\u011f\u0131m\u0131 d\u00fc\u015f\u00fcn\u00fcrken fark ettim ki Fatma gitti\u011finden beri zaten i\u00e7imden, onunla konu\u015fuyorum. \u015eimdi de ne yaz\u0131k ki bir dostumu daha anmak, Filiz\u2019i de bu sat\u0131rlara eklemek zorunday\u0131m&#8230; S\u00f6ylemesi bile zor&#8230; Bir bir eksiliyoruz bu d\u00fcnyadan ama geride b\u0131rakt\u0131klar\u0131m\u0131z, hat\u0131ralar\u0131m\u0131z, dostluklar\u0131m\u0131z&#8230; \u0130\u015fte onlar hi\u00e7 solmuyor. Fatma da Filiz de milyonlar\u0131n y\u00fcre\u011finde ya\u015famaya devam edecek. Bana d\u00fc\u015fen ise gitseler de hep ya\u015fayacak olan bu dostlu\u011fu, karde\u015fli\u011fi ve say\u0131s\u0131z an\u0131y\u0131 anlatmak&#8230;<\/p>\n<p><img loading=\"lazy\" decoding=\"async\" class=\"alignnone wp-image-155501 \" src=\"https:\/\/www.tgrthaber.com\/mavikadin\/wp-content\/uploads\/Ekran-Resmi-2025-04-01-10.22.25-724x1024.png\" alt=\"\" width=\"987\" height=\"1396\" title=\"\" srcset=\"https:\/\/www.tgrthaber.com\/mavikadin\/wp-content\/uploads\/Ekran-Resmi-2025-04-01-10.22.25-724x1024.png 724w, https:\/\/www.tgrthaber.com\/mavikadin\/wp-content\/uploads\/Ekran-Resmi-2025-04-01-10.22.25-212x300.png 212w, https:\/\/www.tgrthaber.com\/mavikadin\/wp-content\/uploads\/Ekran-Resmi-2025-04-01-10.22.25-768x1086.png 768w, https:\/\/www.tgrthaber.com\/mavikadin\/wp-content\/uploads\/Ekran-Resmi-2025-04-01-10.22.25.png 860w\" sizes=\"(max-width: 987px) 100vw, 987px\" \/><\/p>\n<hr \/>\n<p class=\"p1\">Bir g\u00fcn Fatma arad\u0131&#8230; Film gere\u011fi hepimizin hayran oldu\u011fu o upuzun, g\u00fczel sa\u00e7lar\u0131n\u0131n k\u0131sac\u0131k kesilece\u011fini s\u00f6yledi. Sesinde bir duygu karma\u015fas\u0131 vard\u0131. Hem h\u00fcz\u00fcn hem de i\u015fine duydu\u011fu tutkunun bir yans\u0131mas\u0131&#8230; O sahnenin onun i\u00e7in ne kadar zor olaca\u011f\u0131n\u0131 biliyordum. O g\u00fcn yan\u0131nda olmak istedim. Asla unutmayaca\u011f\u0131m o an\u0131&#8230; O g\u00fczelim sa\u00e7lar\u0131 kesilirken, Fatma, kameran\u0131n \u00f6n\u00fcnde, ben ise arkas\u0131nda g\u00f6zya\u015flar\u0131ma h\u00e2kim olam\u0131yordum. Hi\u00e7 g\u00f6z\u00fcm\u00fcn \u00f6n\u00fcnden gitmez&#8230;<\/p>\n<p class=\"p1\">&#8220;S\u00f6z Fato\u2019da&#8221; program\u0131n\u0131 sundu\u011fu d\u00f6nemde bir g\u00fcn beni arad\u0131. Sesi \u00e7\u0131km\u0131yordu, \u00e7ok k\u00f6t\u00fc \u00fc\u015f\u00fctm\u00fc\u015ft\u00fc. \u201cSenden bir ricam var\u201d dedi. Program\u0131n \u00e7ekimleri devam ediyordu ama sesi yoktu. St\u00fcdyodaki sunumu benim yapmam\u0131 istedi. Fatma, benim can\u0131m\u0131n i\u00e7iydi&#8230; Hi\u00e7 d\u00fc\u015f\u00fcnmeden gittim. Bir ba\u015fka g\u00fcn arad\u0131; \u201cYe\u011fenimin d\u00fc\u011f\u00fcn\u00fc var, gidemiyorum. Beni temsilen nik\u00e2h \u015fahidi olur musun?\u201d dedi. Ko\u015farak gittim. Biz sadece meslekta\u015f de\u011fildik, sadece arkada\u015f da de\u011fildik. Y\u0131llar\u0131m\u0131z farkl\u0131yd\u0131 belki ama ayn\u0131 g\u00fcn do\u011fmu\u015f, ayn\u0131 duygular\u0131 derin bir \u015fekilde payla\u015fan iki karde\u015f gibiydik&#8230;<\/p>\n<p><img loading=\"lazy\" decoding=\"async\" class=\"alignnone wp-image-155502 \" src=\"https:\/\/www.tgrthaber.com\/mavikadin\/wp-content\/uploads\/Ekran-Resmi-2025-04-01-10.27.17.png\" alt=\"\" width=\"986\" height=\"721\" title=\"\" srcset=\"https:\/\/www.tgrthaber.com\/mavikadin\/wp-content\/uploads\/Ekran-Resmi-2025-04-01-10.27.17.png 840w, https:\/\/www.tgrthaber.com\/mavikadin\/wp-content\/uploads\/Ekran-Resmi-2025-04-01-10.27.17-300x219.png 300w, https:\/\/www.tgrthaber.com\/mavikadin\/wp-content\/uploads\/Ekran-Resmi-2025-04-01-10.27.17-768x561.png 768w\" sizes=\"(max-width: 986px) 100vw, 986px\" \/><\/p>\n<hr \/>\n<p class=\"p1\">O, her zaman y\u00fcksek enerjisiyle ya\u015fama s\u0131ms\u0131k\u0131 sar\u0131lan dostumdu. Son zamanlar\u0131nda bile birbirimize hep umut a\u015f\u0131lad\u0131k. Bazen sadece g\u00f6zlerimizle konu\u015ftuk&#8230; Ama bir g\u00fcn&#8230; Son hastane ziyaretimde, bana veda eder gibiydi o masmavi g\u00f6zleri; \u201cBuraya kadar\u201d dercesine, g\u00fcc\u00fcn\u00fcn t\u00fckendi\u011fini s\u00f6ylercesine\u2026 Ve elini kald\u0131rarak bana el sallad\u0131\u2026 Ben, k\u00f6t\u00fc anlar\u0131 unutan bir insan\u0131m ama o an\u0131 silemiyorum&#8230; O, Fatma Girik\u2019in vedas\u0131yd\u0131. \u0130\u00e7inde hayat enerjisiyle dolu, milyonlar\u0131n sevgilisi Fatma\u2019n\u0131n vedas\u0131&#8230; Ve -daha sonra- b\u00fcy\u00fck bir a\u015fkla ba\u011fl\u0131 oldu\u011fu hayat arkada\u015f\u0131 Memduh \u00dcn\u2019e kavu\u015fmas\u0131n\u0131n ba\u015flang\u0131c\u0131 olacakt\u0131.<\/p>\n<p class=\"p1\">Can\u0131m Filiz\u2019im, beyaz orkidemle ilk akl\u0131ma gelen an\u0131, \u0130lker\u2019i d\u00fcnyaya getirdi\u011fi zamand\u0131. Onlar\u0131 evde ziyaret etti\u011fimde, \u0130lker\u2019i kuca\u011f\u0131ma alm\u0131\u015ft\u0131m. O an birlikte g\u00f6zlerimizden s\u00fcz\u00fclen sevin\u00e7 g\u00f6zya\u015flar\u0131&#8230; O mutlulu\u011fu kalpten payla\u015ft\u0131\u011f\u0131m\u0131z an\u2026 Filiz, ikinci evlili\u011fi nedeniyle uzun s\u00fcre yurt d\u0131\u015f\u0131nda ya\u015fad\u0131, araya mesafeler girdi ama hep ileti\u015fimde kald\u0131k. \u00dclkeye d\u00f6nd\u00fc\u011f\u00fcnde ise ne yaz\u0131k ki kanser te\u015fhisi konmu\u015ftu. \u00c7ok uzun y\u0131llar bu hastal\u0131kla sava\u015ft\u0131. Bazen iyile\u015fti, bazen geriledi ama her zaman g\u00fc\u00e7l\u00fc ve asil durdu. \u00c7\u00fcnk\u00fc i\u00e7imizde hep umut vard\u0131.<\/p>\n<p><img loading=\"lazy\" decoding=\"async\" class=\"alignnone wp-image-155503 \" src=\"https:\/\/www.tgrthaber.com\/mavikadin\/wp-content\/uploads\/Ekran-Resmi-2025-04-01-10.27.11.png\" alt=\"\" width=\"993\" height=\"584\" title=\"\" srcset=\"https:\/\/www.tgrthaber.com\/mavikadin\/wp-content\/uploads\/Ekran-Resmi-2025-04-01-10.27.11.png 850w, https:\/\/www.tgrthaber.com\/mavikadin\/wp-content\/uploads\/Ekran-Resmi-2025-04-01-10.27.11-300x176.png 300w, https:\/\/www.tgrthaber.com\/mavikadin\/wp-content\/uploads\/Ekran-Resmi-2025-04-01-10.27.11-768x452.png 768w\" sizes=\"(max-width: 993px) 100vw, 993px\" \/><\/p>\n<hr \/>\n<p class=\"p1\">Filiz, hastal\u0131\u011f\u0131 boyunca ya\u015fama tutunma g\u00fcc\u00fcn\u00fc, sevgisini ve sayg\u0131s\u0131n\u0131 asla kaybetmeden hepimize \u00f6rnek oldu. Bir an olsun hayattan vazge\u00e7medi. &#8220;\u00c7ok k\u00f6t\u00fcy\u00fcm&#8221; demedi hi\u00e7; her zaman &#8220;\u0130yiyim, daha iyi olaca\u011f\u0131m&#8221; diyerek yoluna devam etti. Belki de iyile\u015femeyece\u011fini derinden biliyordu, ama bir tek sevenini \u00fczmek, bir tek g\u00f6zya\u015f\u0131n\u0131 g\u00f6rmek istemedi. Sosyal sorumluluk projelerine olan ba\u011fl\u0131l\u0131\u011f\u0131, insanlara olan sevgisiyle her zaman \u00f6rnek te\u015fkil etti. &#8216;Sar\u0131 Bilezik&#8217; kampanyas\u0131nda, milyonlarca bilezi\u011fin sat\u0131lmas\u0131n\u0131 sa\u011flayarak, o k\u00fc\u00e7\u00fck ama de\u011ferli dokunu\u015flar\u0131yla mamografi cihaz\u0131n\u0131n al\u0131nmas\u0131n\u0131 m\u00fcmk\u00fcn k\u0131ld\u0131. Ah, Filiz\u2019im, o g\u00fczel kalbinle, o temiz y\u00fcre\u011finle kim bilir ka\u00e7 insana umut oldun, kim bilir ka\u00e7 hayat\u0131 de\u011fi\u015ftirdin&#8230; Senin emeklerin, senin iyili\u011fin, asla unutulmayacak.<\/p>\n<p class=\"p1\">Bir g\u00fcn sosyal medyada, \u201cArt\u0131k tedavim bitti, iyile\u015ftim. Bu yaz beraber olaca\u011f\u0131z\u201d yazd\u0131\u011f\u0131n\u0131 g\u00f6rd\u00fcm. Hemen arad\u0131m, konu\u015ftuk. Bu telefon konu\u015fmas\u0131n\u0131n, sesini duydu\u011fum son an oldu\u011funu bilmiyordum&#8230; Son zamanlarda sesi \u00e7\u0131km\u0131yordu, kula\u011f\u0131 da iyi duymuyordu. Mesajla ileti\u015fim kuruyorduk. Hastane ziyareti hijyen sebebiyle m\u00fcmk\u00fcn de\u011fildi&#8230; Ke\u015fke yan\u0131nda olup, s\u0131k\u0131 s\u0131k\u0131 sar\u0131l\u0131p \u00f6yle veda edebilseydim&#8230;<\/p>\n<p><img loading=\"lazy\" decoding=\"async\" class=\"alignnone wp-image-155504 size-large\" src=\"https:\/\/www.tgrthaber.com\/mavikadin\/wp-content\/uploads\/Ekran-Resmi-2025-04-01-10.27.46-1024x557.png\" alt=\"\" width=\"1024\" height=\"557\" title=\"\" srcset=\"https:\/\/www.tgrthaber.com\/mavikadin\/wp-content\/uploads\/Ekran-Resmi-2025-04-01-10.27.46-1024x557.png 1024w, https:\/\/www.tgrthaber.com\/mavikadin\/wp-content\/uploads\/Ekran-Resmi-2025-04-01-10.27.46-300x163.png 300w, https:\/\/www.tgrthaber.com\/mavikadin\/wp-content\/uploads\/Ekran-Resmi-2025-04-01-10.27.46-768x418.png 768w, https:\/\/www.tgrthaber.com\/mavikadin\/wp-content\/uploads\/Ekran-Resmi-2025-04-01-10.27.46-1536x836.png 1536w, https:\/\/www.tgrthaber.com\/mavikadin\/wp-content\/uploads\/Ekran-Resmi-2025-04-01-10.27.46-2048x1114.png 2048w\" sizes=\"(max-width: 1024px) 100vw, 1024px\" \/><\/p>\n<hr \/>\n<p class=\"p1\">\u0130nsan, an\u0131lar\u0131 ge\u00e7mi\u015f zamana s\u0131\u011fd\u0131rabiliyor ama kay\u0131plar\u0131n kabulleni\u015fi \u00e7ok zor oluyor. Hep geni\u015f zamana s\u0131\u011f\u0131nmak istiyoruz. Fatma\u2019n\u0131n ac\u0131s\u0131 i\u00e7imde h\u00e2l\u00e2 bir alevken, \u00fcst\u00fcne can\u0131m Filiz\u2019imden gelen haber&#8230; \u0130nsan kabullenmek istemiyor. Say\u0131n S\u00f6nmez K\u00f6ksal ile hep ileti\u015fim halindeydim. Filiz iyile\u015fecekti&#8230; Buna inan\u0131yordum ama olmad\u0131. Olamad\u0131&#8230; Hayat\u0131n en b\u00fcy\u00fck ger\u00e7e\u011fi olan \u00f6l\u00fcm, umutlar\u0131m\u0131z\u0131 da planlar\u0131m\u0131z\u0131 da yerle bir etti.<\/p>\n<p class=\"p1\">Filiz de Fatma da birer \u00e7\u0131nard\u0131&#8230; Sadece g\u00fczellikleri ile de\u011fil, g\u00fc\u00e7l\u00fc duru\u015flar\u0131yla, asil tav\u0131rlar\u0131yla g\u00f6lgesine milyonlar\u0131 s\u0131\u011fd\u0131ran birer \u00e7\u0131nar. Ve biz, onlar\u0131 geride b\u0131rakt\u0131klar\u0131yla hep an\u0131lar\u0131m\u0131zda ya\u015fataca\u011f\u0131z. \u00c7\u00fcnk\u00fc ger\u00e7ek sevgi asla \u00f6lmez..<\/p>\n<p>&nbsp;<\/p>\n","protected":false},"excerpt":{"rendered":"<p>H\u00fclya Ko\u00e7yi\u011fit, merhum meslekta\u015flar\u0131; Filiz Ak\u0131n ve Fatma Girik ile ilgili duygu ve d\u00fc\u015f\u00fcncelerini Habert\u00fcrk\u2019ten Mehmet \u00c7al\u0131\u015fkan\u2019a payla\u015ft\u0131. Ko\u00e7yi\u011fit, Ak\u0131n ve Girik ile ilgili an\u0131lar\u0131n\u0131 da anlatt\u0131. \u0130\u015fte Mehmet \u00c7al\u0131\u015fkan\u2019\u0131n dikkat \u00e7eken yaz\u0131s\u0131\u2026<\/p>\n","protected":false},"author":16,"featured_media":155505,"comment_status":"closed","ping_status":"closed","sticky":false,"template":"","format":"standard","meta":{"rank_math_lock_modified_date":false,"footnotes":""},"categories":[76],"tags":[16264,16263,16265],"class_list":["post-155497","post","type-post","status-publish","format-standard","has-post-thumbnail","hentry","category-magazin","tag-hulya-kocyigit-filiz-akin-fatma-girik-aciklama","tag-hulya-kocyigit-filiz-akin-fatma-girik-anisi","tag-hulya-kocyigit-filiz-akin-fatma-girik-mektup"],"_links":{"self":[{"href":"https:\/\/www.tgrthaber.com\/mavikadin\/wp-json\/wp\/v2\/posts\/155497"}],"collection":[{"href":"https:\/\/www.tgrthaber.com\/mavikadin\/wp-json\/wp\/v2\/posts"}],"about":[{"href":"https:\/\/www.tgrthaber.com\/mavikadin\/wp-json\/wp\/v2\/types\/post"}],"author":[{"embeddable":true,"href":"https:\/\/www.tgrthaber.com\/mavikadin\/wp-json\/wp\/v2\/users\/16"}],"replies":[{"embeddable":true,"href":"https:\/\/www.tgrthaber.com\/mavikadin\/wp-json\/wp\/v2\/comments?post=155497"}],"version-history":[{"count":1,"href":"https:\/\/www.tgrthaber.com\/mavikadin\/wp-json\/wp\/v2\/posts\/155497\/revisions"}],"predecessor-version":[{"id":155506,"href":"https:\/\/www.tgrthaber.com\/mavikadin\/wp-json\/wp\/v2\/posts\/155497\/revisions\/155506"}],"wp:featuredmedia":[{"embeddable":true,"href":"https:\/\/www.tgrthaber.com\/mavikadin\/wp-json\/wp\/v2\/media\/155505"}],"wp:attachment":[{"href":"https:\/\/www.tgrthaber.com\/mavikadin\/wp-json\/wp\/v2\/media?parent=155497"}],"wp:term":[{"taxonomy":"category","embeddable":true,"href":"https:\/\/www.tgrthaber.com\/mavikadin\/wp-json\/wp\/v2\/categories?post=155497"},{"taxonomy":"post_tag","embeddable":true,"href":"https:\/\/www.tgrthaber.com\/mavikadin\/wp-json\/wp\/v2\/tags?post=155497"}],"curies":[{"name":"wp","href":"https:\/\/api.w.org\/{rel}","templated":true}]}}