{"id":155529,"date":"2025-04-01T11:39:41","date_gmt":"2025-04-01T08:39:41","guid":{"rendered":"https:\/\/www.tgrthaber.com\/mavikadin\/?p=155529"},"modified":"2025-04-01T11:39:41","modified_gmt":"2025-04-01T08:39:41","slug":"kanye-westten-eski-es-kim-kardashian-pismanligi","status":"publish","type":"post","link":"https:\/\/www.tgrthaber.com\/mavikadin\/kanye-westten-eski-es-kim-kardashian-pismanligi\/","title":{"rendered":"Kanye West&#8217;ten eski e\u015f Kim Kardashian pi\u015fmanl\u0131\u011f\u0131!"},"content":{"rendered":"<p class=\"p1\">D\u00fcnyaca tan\u0131nan rap\u00e7i Kanye West, bu kez \u00f6zel hayat\u0131na dair s\u00f6yledi\u011fi s\u00f6zlerle dikkatleri \u00fczerine \u00e7ekti. DJ Akademiks ile ger\u00e7ekle\u015ftirdi\u011fi uzun soluklu bir r\u00f6portajda, ge\u00e7mi\u015f ili\u015fkisini masaya yat\u0131ran West, Kim Kardashian ile ya\u015fad\u0131\u011f\u0131 evlili\u011fe dair samimi a\u00e7\u0131klamalarda bulundu. \u00d6zellikle \u00e7ocuk sahibi olma s\u00fcreciyle ilgili s\u00f6yledikleri sosyal medyada tart\u0131\u015fmalara neden oldu.<\/p>\n<h3>KANYE WEST&#8217;\u0130N ESK\u0130 E\u015e\u0130 K\u0130M KARDASH\u0130AN P\u0130\u015eMANLI\u011eI \u015eA\u015eIRTTI<\/h3>\n<p class=\"p1\">Rap m\u00fczi\u011fin tart\u0131\u015fmal\u0131 ismi Kanye West, yine g\u00fcndemin merkezine oturdu. Eski e\u015fi Kim Kardashian ile olan evlili\u011fine dair yapt\u0131\u011f\u0131 a\u00e7\u0131klamalar, kamuoyunda b\u00fcy\u00fck yank\u0131 uyand\u0131rd\u0131. DJ Akademiks\u2019in YouTube kanal\u0131na konuk olan West, r\u00f6portaj s\u0131ras\u0131nda ge\u00e7mi\u015fine dair \u00e7arp\u0131c\u0131 bir itirafta bulundu. Kardashian\u2019dan \u00e7ocuk sahibi olmaktan \u00f6t\u00fcr\u00fc derin bir pi\u015fmanl\u0131k duydu\u011funu belirten West, &#8216;Bu benim hatamd\u0131. Onunla \u00e7ocuk yapmak istememi\u015ftim ama kader farkl\u0131 bir yol \u00e7izdi&#8217; ifadelerini kulland\u0131.<\/p>\n<p><img loading=\"lazy\" decoding=\"async\" class=\"alignnone wp-image-155531 \" src=\"https:\/\/www.tgrthaber.com\/mavikadin\/wp-content\/uploads\/Ekran-Resmi-2025-04-01-11.33.22.png\" alt=\"\" width=\"995\" height=\"677\" title=\"\" srcset=\"https:\/\/www.tgrthaber.com\/mavikadin\/wp-content\/uploads\/Ekran-Resmi-2025-04-01-11.33.22.png 920w, https:\/\/www.tgrthaber.com\/mavikadin\/wp-content\/uploads\/Ekran-Resmi-2025-04-01-11.33.22-300x204.png 300w, https:\/\/www.tgrthaber.com\/mavikadin\/wp-content\/uploads\/Ekran-Resmi-2025-04-01-11.33.22-768x523.png 768w\" sizes=\"(max-width: 995px) 100vw, 995px\" \/><\/p>\n<hr \/>\n<p class=\"p1\">West\u2019in bu a\u00e7\u0131klamas\u0131, \u00f6zellikle sosyal medyada tepkilerin oda\u011f\u0131 oldu. 47 ya\u015f\u0131ndaki sanat\u00e7\u0131, Kim Kardashian\u2019la ge\u00e7irdi\u011fi alt\u0131 y\u0131ll\u0131k evlili\u011fe ve d\u00f6rt \u00e7ocuklar\u0131na ra\u011fmen, bug\u00fcn geldi\u011fi noktada bu s\u00fcrecin kendi iradesi d\u0131\u015f\u0131nda \u015fekillendi\u011fini savundu. Ayr\u0131ca \u00e7ocuklar\u0131yla ilgili haklara tam anlam\u0131yla sahip olamad\u0131\u011f\u0131n\u0131 vurgulad\u0131. West ve Kardashian, 2014\u2019te evlenmi\u015f ve 2021\u2019de yollar\u0131n\u0131 ay\u0131rm\u0131\u015ft\u0131. Bu evlilikten North, Saint, Chicago ve Psalm ad\u0131nda d\u00f6rt \u00e7ocuklar\u0131 bulunuyor. West\u2019in s\u00f6zleri, eski e\u015fine dair tart\u0131\u015fmalar\u0131 yeniden alevlendirdi.<\/p>\n<p><img loading=\"lazy\" decoding=\"async\" class=\"alignnone wp-image-155532 size-full\" src=\"https:\/\/www.tgrthaber.com\/mavikadin\/wp-content\/uploads\/Ekran-Resmi-2025-04-01-11.33.30.png\" alt=\"\" width=\"1016\" height=\"588\" title=\"\" srcset=\"https:\/\/www.tgrthaber.com\/mavikadin\/wp-content\/uploads\/Ekran-Resmi-2025-04-01-11.33.30.png 1016w, https:\/\/www.tgrthaber.com\/mavikadin\/wp-content\/uploads\/Ekran-Resmi-2025-04-01-11.33.30-300x174.png 300w, https:\/\/www.tgrthaber.com\/mavikadin\/wp-content\/uploads\/Ekran-Resmi-2025-04-01-11.33.30-768x444.png 768w\" sizes=\"(max-width: 1016px) 100vw, 1016px\" \/><\/p>\n<hr \/>\n<h3>KANYE WEST K\u0130MD\u0130R?<\/h3>\n<p class=\"p1\">Kanye West\u2019in kariyer yolculu\u011fu, yaln\u0131zca m\u00fczik ba\u015far\u0131s\u0131yla de\u011fil, ya\u015fad\u0131\u011f\u0131 zorluklarla da \u015fekillendi. 2002 y\u0131l\u0131nda ge\u00e7irdi\u011fi ciddi trafik kazas\u0131nda y\u00fcz\u00fcnden a\u011f\u0131r yaralanan West, buna ra\u011fmen m\u00fczikten kopmad\u0131. \u0130yile\u015fme s\u00fcrecindeyken kaydetti\u011fi &#8216;Through the Wire&#8217; adl\u0131 par\u00e7ayla dikkatleri \u00fczerine \u00e7ekti.<\/p>\n<p><img loading=\"lazy\" decoding=\"async\" class=\"alignnone wp-image-155533 \" src=\"https:\/\/www.tgrthaber.com\/mavikadin\/wp-content\/uploads\/Ekran-Resmi-2025-04-01-11.35.00.png\" alt=\"\" width=\"989\" height=\"640\" title=\"\" srcset=\"https:\/\/www.tgrthaber.com\/mavikadin\/wp-content\/uploads\/Ekran-Resmi-2025-04-01-11.35.00.png 974w, https:\/\/www.tgrthaber.com\/mavikadin\/wp-content\/uploads\/Ekran-Resmi-2025-04-01-11.35.00-300x194.png 300w, https:\/\/www.tgrthaber.com\/mavikadin\/wp-content\/uploads\/Ekran-Resmi-2025-04-01-11.35.00-768x497.png 768w\" sizes=\"(max-width: 989px) 100vw, 989px\" \/><\/p>\n<hr \/>\n<p class=\"p1\">2004\u2019te \u00e7\u0131kard\u0131\u011f\u0131 ilk alb\u00fcm\u00fc The College Dropout, rap m\u00fczik d\u00fcnyas\u0131nda b\u00fcy\u00fck ses getirdi. Ard\u0131ndan gelen Late Registration, listelerde zirveye oturdu. Bir\u00e7ok Grammy kazanan sanat\u00e7\u0131, Alicia Keys ile ortak projelerde de yer ald\u0131. M\u00fczik kariyerinin yan\u0131 s\u0131ra moda d\u00fcnyas\u0131nda da iz b\u0131rakan West, kendi plak \u015firketi GOOD Music\u2019i kurarak \u00fcretkenli\u011fini farkl\u0131 alanlara ta\u015f\u0131d\u0131.<\/p>\n","protected":false},"excerpt":{"rendered":"<p>Kanye West, g\u00fcndemi bu kez \u00f6zel ya\u015fam\u0131na dair s\u00f6zleriyle sarst\u0131. DJ Akademiks\u2019le yapt\u0131\u011f\u0131 sohbet s\u0131ras\u0131nda Kim Kardashian\u2019la ya\u015fad\u0131\u011f\u0131 evlili\u011fe dair dikkat \u00e7eken de\u011ferlendirmelerde bulunan West\u2019in, \u00f6zellikle \u00e7ocuklar\u0131yla ilgili ifadeleri sosyal medyada yo\u011fun tepkilere ve hararetli yorumlara yol a\u00e7t\u0131.<\/p>\n","protected":false},"author":16,"featured_media":155534,"comment_status":"closed","ping_status":"closed","sticky":false,"template":"","format":"standard","meta":{"rank_math_lock_modified_date":false,"footnotes":""},"categories":[76],"tags":[16269,16270,16271],"class_list":["post-155529","post","type-post","status-publish","format-standard","has-post-thumbnail","hentry","category-magazin","tag-kanye-west-kim-kardashian","tag-kanye-west-kim-kardashian-aciklama","tag-kanye-west-kim-kardashian-cocuk-pismanligi"],"_links":{"self":[{"href":"https:\/\/www.tgrthaber.com\/mavikadin\/wp-json\/wp\/v2\/posts\/155529"}],"collection":[{"href":"https:\/\/www.tgrthaber.com\/mavikadin\/wp-json\/wp\/v2\/posts"}],"about":[{"href":"https:\/\/www.tgrthaber.com\/mavikadin\/wp-json\/wp\/v2\/types\/post"}],"author":[{"embeddable":true,"href":"https:\/\/www.tgrthaber.com\/mavikadin\/wp-json\/wp\/v2\/users\/16"}],"replies":[{"embeddable":true,"href":"https:\/\/www.tgrthaber.com\/mavikadin\/wp-json\/wp\/v2\/comments?post=155529"}],"version-history":[{"count":2,"href":"https:\/\/www.tgrthaber.com\/mavikadin\/wp-json\/wp\/v2\/posts\/155529\/revisions"}],"predecessor-version":[{"id":155536,"href":"https:\/\/www.tgrthaber.com\/mavikadin\/wp-json\/wp\/v2\/posts\/155529\/revisions\/155536"}],"wp:featuredmedia":[{"embeddable":true,"href":"https:\/\/www.tgrthaber.com\/mavikadin\/wp-json\/wp\/v2\/media\/155534"}],"wp:attachment":[{"href":"https:\/\/www.tgrthaber.com\/mavikadin\/wp-json\/wp\/v2\/media?parent=155529"}],"wp:term":[{"taxonomy":"category","embeddable":true,"href":"https:\/\/www.tgrthaber.com\/mavikadin\/wp-json\/wp\/v2\/categories?post=155529"},{"taxonomy":"post_tag","embeddable":true,"href":"https:\/\/www.tgrthaber.com\/mavikadin\/wp-json\/wp\/v2\/tags?post=155529"}],"curies":[{"name":"wp","href":"https:\/\/api.w.org\/{rel}","templated":true}]}}