{"id":155562,"date":"2025-04-01T13:00:25","date_gmt":"2025-04-01T10:00:25","guid":{"rendered":"https:\/\/www.tgrthaber.com\/mavikadin\/?p=155562"},"modified":"2025-04-01T13:00:25","modified_gmt":"2025-04-01T10:00:25","slug":"perihan-savas-volkan-konakin-cenazesinde-gozyaslarina-boguldu","status":"publish","type":"post","link":"https:\/\/www.tgrthaber.com\/mavikadin\/perihan-savas-volkan-konakin-cenazesinde-gozyaslarina-boguldu\/","title":{"rendered":"Perihan Sava\u015f, Volkan Konak&#8217;\u0131n cenazesinde g\u00f6zya\u015flar\u0131na bo\u011fuldu!"},"content":{"rendered":"<p class=\"p1\">Bayram konseri i\u00e7in sahneye \u00e7\u0131kan Volkan Konak, sahnede \u015fark\u0131 s\u00f6yledi\u011fi s\u0131ras\u0131nda aniden rahats\u0131zlanarak yere y\u0131\u011f\u0131ld\u0131. Kalp krizi ge\u00e7irdi\u011fi belirlenen 58 ya\u015f\u0131ndaki sanat\u00e7\u0131ya yap\u0131lan t\u00fcm m\u00fcdahaleler ne yaz\u0131k ki sonu\u00e7 vermedi. B\u00fcy\u00fck ustan\u0131n cenazesi bug\u00fcn, Levent Hayrettin Pa\u015fa Camii\u2019nde \u00f6\u011fle namaz\u0131yla son yolculu\u011funa u\u011furland\u0131. M\u00fczik ve sanat camias\u0131ndan bir\u00e7ok ismin kat\u0131ld\u0131\u011f\u0131 veda t\u00f6reninde g\u00f6zya\u015flar\u0131 sel oldu. Konak\u2019\u0131n uzun y\u0131llard\u0131r dostu olan Perihan Sava\u015f, &#8216;T\u00fcrkiye \u00e7ok de\u011ferli, onurlu bir insan\u0131 kaybetti. Hepimizin ba\u015f\u0131 sa\u011f olsun,&#8217; diyerek duygular\u0131na h\u00e2kim olamad\u0131.<\/p>\n<h3 class=\"p2\"><b>PER\u0130HAN SAVA\u015e, VOLKAN KONAK&#8217;IN CENAZES\u0130NDE G\u00d6ZYA\u015eLARINA BO\u011eULDU\u00a0<\/b><\/h3>\n<p class=\"p1\">Usta oyuncu Perihan Sava\u015f, yak\u0131n dostu Volkan Konak\u2019\u0131 son yolculu\u011funda yaln\u0131z b\u0131rakmad\u0131. Cenaze t\u00f6renine kat\u0131lan Sava\u015f, sanat\u00e7\u0131n\u0131n ard\u0131ndan g\u00f6zya\u015flar\u0131na h\u00e2kim olamad\u0131. Alt\u0131 ay \u00f6nce kendisiyle uzun bir telefon g\u00f6r\u00fc\u015fmesi yapt\u0131\u011f\u0131n\u0131 belirten Sava\u015f, Volkan Konak\u2019tan bahsederken duygusal anlar ya\u015fad\u0131.<\/p>\n<div style=\"width: 640px;\" class=\"wp-video\"><!--[if lt IE 9]><script>document.createElement('video');<\/script><![endif]-->\n<video class=\"wp-video-shortcode\" id=\"video-155562-1\" width=\"640\" height=\"1138\" preload=\"metadata\" controls=\"controls\"><source type=\"video\/mp4\" src=\"https:\/\/www.tgrthaber.com\/mavikadin\/wp-content\/uploads\/perihan.mp4?_=1\" \/><a href=\"https:\/\/www.tgrthaber.com\/mavikadin\/wp-content\/uploads\/perihan.mp4\">https:\/\/www.tgrthaber.com\/mavikadin\/wp-content\/uploads\/perihan.mp4<\/a><\/video><\/div>\n<h3>PER\u0130HAN SAVA\u015e K\u0130MD\u0130R?<\/h3>\n<p class=\"p1\">As\u0131l ad\u0131 \u015eerife Perihan olan usta oyuncu Perihan Sava\u015f, 1 Ocak 1955\u2019te \u0130stanbul\u2019un Aksaray semtinde d\u00fcnyaya geldi. E\u011fitim hayat\u0131 ortaokul seviyesinde tamamland\u0131ktan sonra sahneyle tan\u0131\u015fmas\u0131 olduk\u00e7a erken ya\u015fta oldu. Hen\u00fcz be\u015f ya\u015f\u0131ndayken \u0130stanbul \u015eehir Tiyatrolar\u0131\u2019n\u0131n \u00e7ocuk biriminde sahneye ad\u0131m att\u0131. &#8216;Romeo ve Juliet&#8217;, &#8216;Kibarl\u0131k Budalas\u0131&#8217; gibi klasik eserlerde rol ald\u0131. 1971\u2019de ilk sinema deneyimini ya\u015farken, 1972\u2019de &#8216;Korkusuz Be\u015fler&#8217; filmiyle ba\u015frol oyunculu\u011funa y\u00fckseldi.<\/p>\n<p><img loading=\"lazy\" decoding=\"async\" class=\"alignnone wp-image-155564 \" src=\"https:\/\/www.tgrthaber.com\/mavikadin\/wp-content\/uploads\/Ekran-Resmi-2025-04-01-12.54.11.png\" alt=\"\" width=\"993\" height=\"584\" title=\"\" srcset=\"https:\/\/www.tgrthaber.com\/mavikadin\/wp-content\/uploads\/Ekran-Resmi-2025-04-01-12.54.11.png 918w, https:\/\/www.tgrthaber.com\/mavikadin\/wp-content\/uploads\/Ekran-Resmi-2025-04-01-12.54.11-300x176.png 300w, https:\/\/www.tgrthaber.com\/mavikadin\/wp-content\/uploads\/Ekran-Resmi-2025-04-01-12.54.11-768x452.png 768w\" sizes=\"(max-width: 993px) 100vw, 993px\" \/><\/p>\n<hr \/>\n<p class=\"p1\">Y\u00fcz\u00fc a\u015fk\u0131n filmde oynad\u0131. \u00d6zel ya\u015fam\u0131 da bas\u0131n\u0131n ilgisini \u00e7ekti; gen\u00e7 ya\u015fta k\u0131sa s\u00fcreli bir evlilik yapt\u0131. Sonras\u0131nda \u0130brahim Tatl\u0131ses ve Y\u0131lmaz Zafer\u2019le ili\u015fkileri oldu, her iki birliktelikten birer \u00e7ocu\u011fu d\u00fcnyaya geldi. E\u015fi Y\u0131lmaz Zafer\u2019in uzun s\u00fcren hastal\u0131\u011f\u0131 boyunca g\u00f6sterdi\u011fi \u00f6zveriyle de haf\u0131zalara kaz\u0131nd\u0131. Sava\u015f, oyunculu\u011fun yan\u0131 s\u0131ra yap\u0131mc\u0131l\u0131k alan\u0131nda da projeler y\u00fcr\u00fctt\u00fc.<\/p>\n<h3>YARIN MA\u00c7KA&#8217;DA TOPRA\u011eA VER\u0130LECEK<\/h3>\n<p class=\"p1\">De\u011ferli sanat\u00e7\u0131 Volkan Konak, yar\u0131n memleketi Ma\u00e7ka\u2019da, babas\u0131n\u0131n mezar\u0131n\u0131n yan\u0131 ba\u015f\u0131na sonsuz istirahatine u\u011furlanacak. Karadeniz\u2019in yeti\u015ftirdi\u011fi bu \u00f6zel isim, do\u011fup b\u00fcy\u00fcd\u00fc\u011f\u00fc topraklarda sevdiklerinin dualar\u0131yla ebediyete u\u011furlanacak.<\/p>\n<p class=\"p1\">\n","protected":false},"excerpt":{"rendered":"<p>Bayramda sahne alan Volkan Konak, performans\u0131 s\u0131ras\u0131nda fenala\u015farak yere y\u0131\u011f\u0131ld\u0131. Kalp krizi ge\u00e7irdi\u011fi anla\u015f\u0131lan sanat\u00e7\u0131 t\u00fcm \u00e7abalara ra\u011fmen kurtar\u0131lamad\u0131. Bug\u00fcn Levent\u2019te d\u00fczenlenen cenaze t\u00f6reninde sevenleri ve sanat d\u00fcnyas\u0131ndan bir\u00e7ok isim g\u00f6zya\u015flar\u0131 i\u00e7inde u\u011furlad\u0131. Konak\u2019\u0131n yak\u0131n arkada\u015f\u0131 Perihan Sava\u015f ise duygusal anlar ya\u015fad\u0131.<\/p>\n","protected":false},"author":16,"featured_media":155565,"comment_status":"closed","ping_status":"closed","sticky":false,"template":"","format":"standard","meta":{"rank_math_lock_modified_date":false,"footnotes":""},"categories":[76],"tags":[16277,16278,16276],"class_list":["post-155562","post","type-post","status-publish","format-standard","has-post-thumbnail","hentry","category-magazin","tag-perihan-savas-kimdir","tag-perihan-savas-volkan-konak-cenaze","tag-volkan-konak-perihan-savas"],"_links":{"self":[{"href":"https:\/\/www.tgrthaber.com\/mavikadin\/wp-json\/wp\/v2\/posts\/155562"}],"collection":[{"href":"https:\/\/www.tgrthaber.com\/mavikadin\/wp-json\/wp\/v2\/posts"}],"about":[{"href":"https:\/\/www.tgrthaber.com\/mavikadin\/wp-json\/wp\/v2\/types\/post"}],"author":[{"embeddable":true,"href":"https:\/\/www.tgrthaber.com\/mavikadin\/wp-json\/wp\/v2\/users\/16"}],"replies":[{"embeddable":true,"href":"https:\/\/www.tgrthaber.com\/mavikadin\/wp-json\/wp\/v2\/comments?post=155562"}],"version-history":[{"count":1,"href":"https:\/\/www.tgrthaber.com\/mavikadin\/wp-json\/wp\/v2\/posts\/155562\/revisions"}],"predecessor-version":[{"id":155566,"href":"https:\/\/www.tgrthaber.com\/mavikadin\/wp-json\/wp\/v2\/posts\/155562\/revisions\/155566"}],"wp:featuredmedia":[{"embeddable":true,"href":"https:\/\/www.tgrthaber.com\/mavikadin\/wp-json\/wp\/v2\/media\/155565"}],"wp:attachment":[{"href":"https:\/\/www.tgrthaber.com\/mavikadin\/wp-json\/wp\/v2\/media?parent=155562"}],"wp:term":[{"taxonomy":"category","embeddable":true,"href":"https:\/\/www.tgrthaber.com\/mavikadin\/wp-json\/wp\/v2\/categories?post=155562"},{"taxonomy":"post_tag","embeddable":true,"href":"https:\/\/www.tgrthaber.com\/mavikadin\/wp-json\/wp\/v2\/tags?post=155562"}],"curies":[{"name":"wp","href":"https:\/\/api.w.org\/{rel}","templated":true}]}}