{"id":155567,"date":"2025-04-01T13:27:33","date_gmt":"2025-04-01T10:27:33","guid":{"rendered":"https:\/\/www.tgrthaber.com\/mavikadin\/?p=155567"},"modified":"2025-04-01T13:27:33","modified_gmt":"2025-04-01T10:27:33","slug":"volkan-konakin-vefat-haberi-sonrasi-kuzeni-emre-belozoglundan-ilk-aciklama","status":"publish","type":"post","link":"https:\/\/www.tgrthaber.com\/mavikadin\/volkan-konakin-vefat-haberi-sonrasi-kuzeni-emre-belozoglundan-ilk-aciklama\/","title":{"rendered":"Volkan Konak&#8217;\u0131n vefat haberi sonras\u0131 kuzeni Emre Bel\u00f6zo\u011flu&#8217;ndan ilk a\u00e7\u0131klama"},"content":{"rendered":"<p class=\"p1\">Volkan Konak\u2019\u0131n ani kayb\u0131n\u0131n ard\u0131ndan kuzeni Emre Bel\u00f6zo\u011flu, sessizli\u011fini bozarak duygular\u0131n\u0131 dile getirdi. Sanat d\u00fcnyas\u0131n\u0131n yan\u0131 s\u0131ra ailesini de derinden sarsan bu vefat sonras\u0131 kuzeni Emre Bel\u00f6zo\u011flu\u2019ndan ilk a\u00e7\u0131klama geldi. Konak\u2019\u0131n ard\u0131ndan konu\u015fan Bel\u00f6zo\u011flu, ya\u015fad\u0131\u011f\u0131 \u00fcz\u00fcnt\u00fcy\u00fc tarif etmekte zorland\u0131.<\/p>\n<h3>VOLKAN KONAK&#8217;IN VEFAT HABER\u0130 SONRASI KUZEN\u0130 EMRE BEL\u00d6ZO\u011eLU&#8217;NDAN \u0130LK A\u00c7IKLAMA<\/h3>\n<p class=\"p1\">Volkan Konak\u2019\u0131n beklenmedik vedas\u0131, yaln\u0131zca m\u00fczik camias\u0131nda de\u011fil, ailesinde de derin bir bo\u015fluk olu\u015fturdu. Hayat\u0131n\u0131 sanatla adayan usta isim, geride unutulmaz eserler ve sevenlerini b\u0131rakt\u0131. Bu ac\u0131 haberin ard\u0131ndan, Konak\u2019\u0131n kuzeni Emre Bel\u00f6zo\u011flu da duygular\u0131n\u0131 kamuoyuyla payla\u015ft\u0131. \u00dcnl\u00fc futbolcu Emre Bel\u00f6zo\u011flu, bas\u0131n mensuplar\u0131n\u0131n sorular\u0131n\u0131 cavaplarken zaman zaman duygusal anlar ya\u015fad\u0131. Konak\u2019la olan aile ba\u011flar\u0131ndan bahsederken duygusal anlar ya\u015fayan \u00fcnl\u00fc futbolcu, \u2018T\u00fcm T\u00fcrkiye\u2019nin ba\u015f\u0131 sa\u011folsun\u2019 dedi.<\/p>\n<div style=\"width: 640px;\" class=\"wp-video\"><!--[if lt IE 9]><script>document.createElement('video');<\/script><![endif]-->\n<video class=\"wp-video-shortcode\" id=\"video-155567-1\" width=\"640\" height=\"1138\" preload=\"metadata\" controls=\"controls\"><source type=\"video\/mp4\" src=\"https:\/\/www.tgrthaber.com\/mavikadin\/wp-content\/uploads\/Volkan-Konakin-kuzeni-Emre-Belozoglu-Konakin-vefati-sonrasi-aciklama-yapti.volkankonak-emrebelozoglu-magazin-cenaze-magazinhaberleri.mp4?_=1\" \/><a href=\"https:\/\/www.tgrthaber.com\/mavikadin\/wp-content\/uploads\/Volkan-Konakin-kuzeni-Emre-Belozoglu-Konakin-vefati-sonrasi-aciklama-yapti.volkankonak-emrebelozoglu-magazin-cenaze-magazinhaberleri.mp4\">https:\/\/www.tgrthaber.com\/mavikadin\/wp-content\/uploads\/Volkan-Konakin-kuzeni-Emre-Belozoglu-Konakin-vefati-sonrasi-aciklama-yapti.volkankonak-emrebelozoglu-magazin-cenaze-magazinhaberleri.mp4<\/a><\/video><\/div>\n<h3 class=\"p1\">SOSYAL MEDYA PAYLA\u015eIMI D\u0130KKAT \u00c7EKM\u0130\u015eT\u0130<\/h3>\n<p class=\"p1\">Antalyaspor Teknik Direkt\u00f6r\u00fc Emre Bel\u00f6zo\u011flu da kuzeni olan Volkan Konak i\u00e7in sosyal medya hesab\u0131ndan duygusal bir payla\u015f\u0131mda bulunmu\u015ftu.. Bel\u00f6zo\u011flu, &#8220;Her an\u0131m\u0131z taze seninle a\u011fabeyim, kuzenim. Yerin de varl\u0131\u011f\u0131n da \u00e7ok ayr\u0131yd\u0131, \u00e7ok \u00fczg\u00fcn\u00fcm. Y\u00fcce Mevlam mekan\u0131n\u0131 cennet eylesin sevgili a\u011fabeyim.&#8221; ifadelerini kulland\u0131\u011f\u0131 payla\u015f\u0131mla sosyal medyada g\u00fcndem olmu\u015ftu.<\/p>\n<p><img loading=\"lazy\" decoding=\"async\" class=\"alignnone wp-image-155569 size-large\" src=\"https:\/\/www.tgrthaber.com\/mavikadin\/wp-content\/uploads\/Ekran-Resmi-2025-04-01-13.18.57-1024x708.png\" alt=\"\" width=\"1024\" height=\"708\" title=\"\" srcset=\"https:\/\/www.tgrthaber.com\/mavikadin\/wp-content\/uploads\/Ekran-Resmi-2025-04-01-13.18.57-1024x708.png 1024w, https:\/\/www.tgrthaber.com\/mavikadin\/wp-content\/uploads\/Ekran-Resmi-2025-04-01-13.18.57-300x207.png 300w, https:\/\/www.tgrthaber.com\/mavikadin\/wp-content\/uploads\/Ekran-Resmi-2025-04-01-13.18.57-768x531.png 768w, https:\/\/www.tgrthaber.com\/mavikadin\/wp-content\/uploads\/Ekran-Resmi-2025-04-01-13.18.57.png 1328w\" sizes=\"(max-width: 1024px) 100vw, 1024px\" \/><\/p>\n<hr \/>\n<h3>EMRE BEL\u00d6ZO\u011eLU K\u0130MD\u0130R?<\/h3>\n<p class=\"p1\">Emre Bel\u00f6zo\u011flu, 7 Eyl\u00fcl 1980 tarihinde \u0130stanbul\u2019da d\u00fcnyaya geldi. T\u00fcrk futbolunun \u00f6nemli isimlerinden biri olarak, kariyeri boyunca orta sahada g\u00f6sterdi\u011fi etkili performansla ad\u0131ndan s\u0131k\u00e7a s\u00f6z ettirdi. Futbol yolculu\u011funa gen\u00e7 ya\u015fta ba\u015flayan Bel\u00f6zo\u011flu, okul y\u0131llar\u0131nda Zeytinburnuspor formas\u0131yla dikkat \u00e7ekti. Mensucat Santral Ortaokulu\u2019ndan mezun olduktan sonra lise \u00f6\u011frenimini \u015eehremini Lisesi\u2019nde tamamlad\u0131. Ad\u0131, bug\u00fcn bu okulun spor salonuna verilerek \u00f6l\u00fcms\u00fczle\u015ftirildi. 2004 y\u0131l\u0131nda, efsane futbolcu Pele taraf\u0131ndan a\u00e7\u0131klanan ve d\u00fcnya genelinde en iyi futbolcular\u0131n yer ald\u0131\u011f\u0131 FIFA 100 listesine girmeyi ba\u015fard\u0131. Kariyerinin son d\u00f6neminde Medipol Ba\u015fak\u015fehir formas\u0131yla sahalara \u00e7\u0131kt\u0131.<\/p>\n<p>&nbsp;<\/p>\n<p>&nbsp;<\/p>\n","protected":false},"excerpt":{"rendered":"<p>Volkan Konak\u2019\u0131n vefat\u0131 sonras\u0131, yak\u0131n akrabas\u0131 Emre Bel\u00f6zo\u011flu duygular\u0131n\u0131 kamuoyuyla payla\u015ft\u0131. Ailesiyle birlikte t\u00fcm \u00fclkeyi derin bir yasa bo\u011fan bu kay\u0131p, Bel\u00f6zo\u011flu\u2019nu da derinden etkiledi. Bel\u00f6zo\u011flu, duygular\u0131n\u0131 ifade ederken duygusal anlar ya\u015fad\u0131. <\/p>\n","protected":false},"author":16,"featured_media":155570,"comment_status":"closed","ping_status":"closed","sticky":false,"template":"","format":"standard","meta":{"rank_math_lock_modified_date":false,"footnotes":""},"categories":[76],"tags":[],"class_list":["post-155567","post","type-post","status-publish","format-standard","has-post-thumbnail","hentry","category-magazin"],"_links":{"self":[{"href":"https:\/\/www.tgrthaber.com\/mavikadin\/wp-json\/wp\/v2\/posts\/155567"}],"collection":[{"href":"https:\/\/www.tgrthaber.com\/mavikadin\/wp-json\/wp\/v2\/posts"}],"about":[{"href":"https:\/\/www.tgrthaber.com\/mavikadin\/wp-json\/wp\/v2\/types\/post"}],"author":[{"embeddable":true,"href":"https:\/\/www.tgrthaber.com\/mavikadin\/wp-json\/wp\/v2\/users\/16"}],"replies":[{"embeddable":true,"href":"https:\/\/www.tgrthaber.com\/mavikadin\/wp-json\/wp\/v2\/comments?post=155567"}],"version-history":[{"count":2,"href":"https:\/\/www.tgrthaber.com\/mavikadin\/wp-json\/wp\/v2\/posts\/155567\/revisions"}],"predecessor-version":[{"id":155572,"href":"https:\/\/www.tgrthaber.com\/mavikadin\/wp-json\/wp\/v2\/posts\/155567\/revisions\/155572"}],"wp:featuredmedia":[{"embeddable":true,"href":"https:\/\/www.tgrthaber.com\/mavikadin\/wp-json\/wp\/v2\/media\/155570"}],"wp:attachment":[{"href":"https:\/\/www.tgrthaber.com\/mavikadin\/wp-json\/wp\/v2\/media?parent=155567"}],"wp:term":[{"taxonomy":"category","embeddable":true,"href":"https:\/\/www.tgrthaber.com\/mavikadin\/wp-json\/wp\/v2\/categories?post=155567"},{"taxonomy":"post_tag","embeddable":true,"href":"https:\/\/www.tgrthaber.com\/mavikadin\/wp-json\/wp\/v2\/tags?post=155567"}],"curies":[{"name":"wp","href":"https:\/\/api.w.org\/{rel}","templated":true}]}}