{"id":155573,"date":"2025-04-01T13:50:23","date_gmt":"2025-04-01T10:50:23","guid":{"rendered":"https:\/\/www.tgrthaber.com\/mavikadin\/?p=155573"},"modified":"2025-04-01T13:50:23","modified_gmt":"2025-04-01T10:50:23","slug":"niyazi-koyuncu-kimdir-kazim-koyuncu-ile-akrabaligi-ne","status":"publish","type":"post","link":"https:\/\/www.tgrthaber.com\/mavikadin\/niyazi-koyuncu-kimdir-kazim-koyuncu-ile-akrabaligi-ne\/","title":{"rendered":"Niyazi Koyuncu kimdir? Kaz\u0131m Koyuncu ile akrabal\u0131\u011f\u0131 ne?"},"content":{"rendered":"<p class=\"p1\">Karadeniz\u2019in unutulmayan efsanevi ismi Kaz\u0131m Koyuncu\u2019nun karde\u015fi olan Niyazi Koyuncu, Volkan Konak\u2019\u0131n vefat\u0131 sonras\u0131 yapt\u0131\u011f\u0131 payla\u015f\u0131mla g\u00fcndem oldu. \u201920 y\u0131l \u00f6nce a\u011fabeyimi kaybettim, \u015fimdi de Volkan abiyi. Ne diyece\u011fim ne s\u00f6yleyece\u011fimi bilmiyorum\u2019 payla\u015f\u0131m\u0131 ile dikkat \u00e7eken Niyazi Koyuncu\u2019nun hayat\u0131 yeniden merak konusu oldu. Peki Niyazi Koyuncu kimdir, ka\u00e7 ya\u015f\u0131nda ne i\u015f yap\u0131yor? \u0130\u015fte detaylar\u2026<\/p>\n<h3>N\u0130YAZ\u0130 KOYUNCU K\u0130MD\u0130R, KAZIM KOYUNCU \u0130LE AKRABALI\u011eI NE?<\/h3>\n<p class=\"p1\">Karadeniz\u2019in h\u00fcz\u00fcnl\u00fc t\u0131n\u0131lar\u0131n\u0131 m\u00fczi\u011fine yans\u0131tan Niyazi Koyuncu, 20 Nisan 1984 tarihinde Artvin Hopa\u2019n\u0131n Ye\u015filk\u00f6y k\u00f6y\u00fcnde d\u00fcnyaya geldi. Erken ya\u015flarda m\u00fczikle ba\u011f kuran sanat\u00e7\u0131, ilk e\u011fitimini Sug\u00f6ren K\u00f6y\u00fc\u2019nde ald\u0131ktan sonra Hopa Lisesi\u2019nden mezun oldu. Hen\u00fcz 17 ya\u015f\u0131ndayken Karadeniz Teknik \u00dcniversitesi\u2019ne ba\u015flad\u0131, ancak \u00f6\u011frenimini yar\u0131da b\u0131rakt\u0131. Daha sonra Eski\u015fehir\u2019e ta\u015f\u0131narak burada m\u00fczikle daha derin bir ba\u011f kurdu. Sahne deneyimi ilk kez Eski\u015fehir\u2019de ger\u00e7ekle\u015fti. Bu s\u00fcre\u00e7te kurdu\u011fu Seritana isimli m\u00fczik grubuyla \u0130stanbul\u2019a geldi. K\u0131sa s\u00fcre sonra grup da\u011f\u0131l\u0131nca m\u00fczik yolculu\u011funa bireysel olarak devam etti. \u0130lk solo alb\u00fcm\u00fc &#8216;Mu\u00e7o Pa!&#8217;, 2012 y\u0131l\u0131nda dinleyicilerle bulu\u015ftu. Niyazi Koyuncu, Kaz\u0131m Koyuncu&#8217;nun karde\u015fi olarak bilinmektedir.<\/p>\n<p><img loading=\"lazy\" decoding=\"async\" class=\"alignnone wp-image-155574 \" src=\"https:\/\/www.tgrthaber.com\/mavikadin\/wp-content\/uploads\/Ekran-Resmi-2025-04-01-13.42.24.png\" alt=\"\" width=\"993\" height=\"604\" title=\"\" srcset=\"https:\/\/www.tgrthaber.com\/mavikadin\/wp-content\/uploads\/Ekran-Resmi-2025-04-01-13.42.24.png 950w, https:\/\/www.tgrthaber.com\/mavikadin\/wp-content\/uploads\/Ekran-Resmi-2025-04-01-13.42.24-300x183.png 300w, https:\/\/www.tgrthaber.com\/mavikadin\/wp-content\/uploads\/Ekran-Resmi-2025-04-01-13.42.24-768x467.png 768w\" sizes=\"(max-width: 993px) 100vw, 993px\" \/><\/p>\n<hr \/>\n<h3>N\u0130YAZ\u0130 KOYUNCU&#8217;NUN VOLKAN KONAK PAYLA\u015eIMI D\u0130KKAT \u00c7EKM\u0130\u015eT\u0130<\/h3>\n<p>Niyazi Koyuncu Volkan Konak&#8217;\u0131n vefat\u0131 sonras\u0131 yapt\u0131\u011f\u0131 payla\u015f\u0131mla duyguland\u0131rm\u0131\u015ft\u0131. Payla\u015f\u0131m\u0131nda, &#8217;20 y\u0131l \u00f6nce a\u011fabeyimi kaybettim, \u015fimdi de Volkan abiyi. Ne diyece\u011fim ne s\u00f6yleyece\u011fimi bilmiyorum. \u015eunu biliyorum ki hayat ger\u00e7ekten \u00e7ok k\u0131sa.. \u00c7ok ama \u00e7ok \u00fczg\u00fcn\u00fcm. I\u015f\u0131klar i\u00e7inde uyu abi. Kaz\u0131m\u2019a da selam s\u00f6yle bizden&#8217; yorumu ile y\u00fcrek burkmu\u015ftu.<\/p>\n<p><img loading=\"lazy\" decoding=\"async\" class=\"alignnone wp-image-155575 size-large\" src=\"https:\/\/www.tgrthaber.com\/mavikadin\/wp-content\/uploads\/Ekran-Resmi-2025-04-01-13.42.37-1024x577.png\" alt=\"\" width=\"1024\" height=\"577\" title=\"\" srcset=\"https:\/\/www.tgrthaber.com\/mavikadin\/wp-content\/uploads\/Ekran-Resmi-2025-04-01-13.42.37-1024x577.png 1024w, https:\/\/www.tgrthaber.com\/mavikadin\/wp-content\/uploads\/Ekran-Resmi-2025-04-01-13.42.37-300x169.png 300w, https:\/\/www.tgrthaber.com\/mavikadin\/wp-content\/uploads\/Ekran-Resmi-2025-04-01-13.42.37-768x433.png 768w, https:\/\/www.tgrthaber.com\/mavikadin\/wp-content\/uploads\/Ekran-Resmi-2025-04-01-13.42.37.png 1210w\" sizes=\"(max-width: 1024px) 100vw, 1024px\" \/><\/p>\n<hr \/>\n<h3>KAZIM KOYUNCU K\u0130MD\u0130R?<\/h3>\n<p class=\"p1\">Kaz\u0131m Koyuncu ve Niyazi Koyuncu, Karadeniz m\u00fczi\u011fini kalpten gelen duygularla yorumlayan iki \u00f6z karde\u015ftir. Artvin\u2019in Hopa il\u00e7esinde d\u00fcnyaya gelen bu iki de\u011ferli sanat\u00e7\u0131, Laz k\u00f6kenli bir aileden gelmektedir. Kaz\u0131m Koyuncu, kendine \u00f6zg\u00fc m\u00fczik tarz\u0131yla yaln\u0131zca Karadeniz\u2019de de\u011fil, T\u00fcrkiye genelinde b\u00fcy\u00fck bir hayran kitlesi kazanm\u0131\u015ft\u0131r. Geleneksel ezgileri rock m\u00fczikle harmanlayan Kaz\u0131m, 1990\u2019l\u0131 y\u0131llarda &#8216;Zu\u011fa\u015fi Berepe&#8217; grubuyla dikkat \u00e7ekmi\u015f, daha sonra solo projelere y\u00f6nelerek &#8216;Viya!&#8217; alb\u00fcm\u00fcyle kal\u0131c\u0131 izler b\u0131rakm\u0131\u015ft\u0131r.<\/p>\n<p><img loading=\"lazy\" decoding=\"async\" class=\"alignnone wp-image-155576 \" src=\"https:\/\/www.tgrthaber.com\/mavikadin\/wp-content\/uploads\/Ekran-Resmi-2025-04-01-13.44.35.png\" alt=\"\" width=\"1000\" height=\"630\" title=\"\" srcset=\"https:\/\/www.tgrthaber.com\/mavikadin\/wp-content\/uploads\/Ekran-Resmi-2025-04-01-13.44.35.png 902w, https:\/\/www.tgrthaber.com\/mavikadin\/wp-content\/uploads\/Ekran-Resmi-2025-04-01-13.44.35-300x189.png 300w, https:\/\/www.tgrthaber.com\/mavikadin\/wp-content\/uploads\/Ekran-Resmi-2025-04-01-13.44.35-768x484.png 768w\" sizes=\"(max-width: 1000px) 100vw, 1000px\" \/><\/p>\n<hr \/>\n<p class=\"p1\">Karde\u015fi Niyazi Koyuncu ise 1984 y\u0131l\u0131nda Ye\u015filk\u00f6y\u2019de do\u011fmu\u015ftur. \u00c7ocukluk y\u0131llar\u0131n\u0131 Hopa\u2019da ge\u00e7iren sanat\u00e7\u0131, m\u00fczi\u011fe ilgisini k\u00fc\u00e7\u00fck ya\u015flarda g\u00f6stermeye ba\u015flam\u0131\u015ft\u0131r. Eski\u015fehir\u2019de tesad\u00fcfen sahneye \u00e7\u0131kmas\u0131yla ba\u015flayan m\u00fczik yolculu\u011fu, onu &#8216;Seritana&#8217; adl\u0131 etnik grubun kurucusu yapm\u0131\u015ft\u0131r. K\u0131sa s\u00fcre sonra solo kariyerine y\u00f6nelen Niyazi Koyuncu, 2012 y\u0131l\u0131nda ilk alb\u00fcm\u00fc Mu\u00e7o Pa! ile m\u00fczik d\u00fcnyas\u0131nda ad\u0131n\u0131 duyurmu\u015ftur. Her iki karde\u015f de m\u00fczi\u011fi bir ifade bi\u00e7imi olarak g\u00f6rm\u00fc\u015f, Karadeniz\u2019in do\u011fas\u0131ndan ilhamla \u00fcretmi\u015f ve g\u00f6n\u00fcllerde derin izler b\u0131rakm\u0131\u015flard\u0131r. Niyazi, a\u011fabeyi Kaz\u0131m\u2019\u0131n a\u00e7t\u0131\u011f\u0131 yolda m\u00fczi\u011fini s\u00fcrd\u00fcrmektedir.<\/p>\n","protected":false},"excerpt":{"rendered":"<p>Karadeniz\u2019in unutulmayan efsanevi ismi Kaz\u0131m Koyuncu\u2019nun karde\u015fi olan Niyazi Koyuncu, Volkan Konak\u2019\u0131n vefat\u0131 sonras\u0131 yapt\u0131\u011f\u0131 payla\u015f\u0131mla g\u00fcndem oldu. \u201920 y\u0131l \u00f6nce a\u011fabeyimi kaybettim, \u015fimdi de Volkan abiyi. Ne diyece\u011fim ne s\u00f6yleyece\u011fimi bilmiyorum\u2019 payla\u015f\u0131m\u0131 ile dikkat \u00e7eken Niyazi Koyuncu\u2019nun hayat\u0131 yeniden merak konusu oldu. Peki Niyazi Koyuncu kimdir, ka\u00e7 ya\u015f\u0131nda ne i\u015f yap\u0131yor? \u0130\u015fte detaylar\u2026 N\u0130YAZ\u0130 [&hellip;]<\/p>\n","protected":false},"author":16,"featured_media":155577,"comment_status":"closed","ping_status":"closed","sticky":false,"template":"","format":"standard","meta":{"rank_math_lock_modified_date":false,"footnotes":""},"categories":[76],"tags":[16280,16281,16279],"class_list":["post-155573","post","type-post","status-publish","format-standard","has-post-thumbnail","hentry","category-magazin","tag-kazim-koyuncu-kimdir","tag-niyazi-koyuncu-kazim-koyuncunun-nesi-oluyor","tag-niyazi-koyuncu-kazim-koyunu-akrabaligi"],"_links":{"self":[{"href":"https:\/\/www.tgrthaber.com\/mavikadin\/wp-json\/wp\/v2\/posts\/155573"}],"collection":[{"href":"https:\/\/www.tgrthaber.com\/mavikadin\/wp-json\/wp\/v2\/posts"}],"about":[{"href":"https:\/\/www.tgrthaber.com\/mavikadin\/wp-json\/wp\/v2\/types\/post"}],"author":[{"embeddable":true,"href":"https:\/\/www.tgrthaber.com\/mavikadin\/wp-json\/wp\/v2\/users\/16"}],"replies":[{"embeddable":true,"href":"https:\/\/www.tgrthaber.com\/mavikadin\/wp-json\/wp\/v2\/comments?post=155573"}],"version-history":[{"count":2,"href":"https:\/\/www.tgrthaber.com\/mavikadin\/wp-json\/wp\/v2\/posts\/155573\/revisions"}],"predecessor-version":[{"id":155580,"href":"https:\/\/www.tgrthaber.com\/mavikadin\/wp-json\/wp\/v2\/posts\/155573\/revisions\/155580"}],"wp:featuredmedia":[{"embeddable":true,"href":"https:\/\/www.tgrthaber.com\/mavikadin\/wp-json\/wp\/v2\/media\/155577"}],"wp:attachment":[{"href":"https:\/\/www.tgrthaber.com\/mavikadin\/wp-json\/wp\/v2\/media?parent=155573"}],"wp:term":[{"taxonomy":"category","embeddable":true,"href":"https:\/\/www.tgrthaber.com\/mavikadin\/wp-json\/wp\/v2\/categories?post=155573"},{"taxonomy":"post_tag","embeddable":true,"href":"https:\/\/www.tgrthaber.com\/mavikadin\/wp-json\/wp\/v2\/tags?post=155573"}],"curies":[{"name":"wp","href":"https:\/\/api.w.org\/{rel}","templated":true}]}}