{"id":155581,"date":"2025-04-01T14:32:35","date_gmt":"2025-04-01T11:32:35","guid":{"rendered":"https:\/\/www.tgrthaber.com\/mavikadin\/?p=155581"},"modified":"2025-04-01T14:34:22","modified_gmt":"2025-04-01T11:34:22","slug":"iste-benim-stilim-yarismacisi-aysegul-kimdir-kac-yasinda-ne-is-yapiyor","status":"publish","type":"post","link":"https:\/\/www.tgrthaber.com\/mavikadin\/iste-benim-stilim-yarismacisi-aysegul-kimdir-kac-yasinda-ne-is-yapiyor\/","title":{"rendered":"\u0130\u015fte Benim Stilim yar\u0131\u015fmac\u0131s\u0131 Ay\u015feg\u00fcl kimdir? Ka\u00e7 ya\u015f\u0131nda, ne i\u015f yap\u0131yor?"},"content":{"rendered":"<p class=\"p1\">Ekranlara uzun bir aradan sonra geri d\u00f6nen pop\u00fcler moda yar\u0131\u015fmas\u0131 \u0130\u015fte Benim Stilim, yeni sezonuyla izleyiciden b\u00fcy\u00fck ilgi g\u00f6rd\u00fc. Yar\u0131\u015fman\u0131n ilk g\u00fcn\u00fcnden itibaren tarz\u0131yla dikkatleri \u00fczerine \u00e7eken isimlerden biri de Ay\u015feg\u00fcl Eraslan oldu. Marilyn Monroe temal\u0131 kombiniyle j\u00fcri kar\u015f\u0131s\u0131na \u00e7\u0131kan Eraslan, cesur se\u00e7imiyle \u00f6ne \u00e7\u0131ksa da yorumlar kar\u015f\u0131s\u0131nda zor anlar ya\u015fad\u0131. Stili kadar tav\u0131rlar\u0131yla da g\u00fcndem olan yar\u0131\u015fmac\u0131, sosyal medyada en \u00e7ok konu\u015fulan isimlerden biri h\u00e2line geldi. Ay\u015feg\u00fcl Eraslan\u2019\u0131n ya\u015f\u0131, mesle\u011fi ve ge\u00e7mi\u015fine dair bilgiler merak konusu oldu. Yar\u0131\u015fmac\u0131n\u0131n hayat hik\u00e2yesi ara\u015ft\u0131r\u0131lmaya ba\u015fland\u0131. \u0130\u015fte detaylar&#8230;<\/p>\n<h3>\u0130\u015eTE BEN\u0130M ST\u0130L\u0130M YARI\u015eMACISI AY\u015eEG\u00dcL K\u0130MD\u0130R, KA\u00c7 YA\u015eINDA?<\/h3>\n<p class=\"p1\">Moda tutkunlar\u0131n\u0131n merakla bekledi\u011fi \u0130\u015fte Benim Stilim, uzun bir aradan sonra ekranlara d\u00f6n\u00fc\u015f yapt\u0131 ve k\u0131sa s\u00fcrede yeniden ilgi oda\u011f\u0131 h\u00e2line geldi. Program\u0131n yeni sezonunda yar\u0131\u015fmac\u0131lar aras\u0131nda \u00f6ne \u00e7\u0131kan isimlerden biri ise Ay\u015feg\u00fcl Eraslan oldu. Yar\u0131\u015fman\u0131n ilk g\u00fcn\u00fcnde yapt\u0131\u011f\u0131 Marilyn Monroe esintili kombiniyle j\u00fcri kar\u015f\u0131s\u0131na \u00e7\u0131kan Eraslan, iddial\u0131 tarz\u0131yla sahneye damga vurdu. Ancak ald\u0131\u011f\u0131 ele\u015ftiriler kar\u015f\u0131s\u0131nda zor anlar ya\u015fayan yar\u0131\u015fmac\u0131, buna ra\u011fmen kendine g\u00fcvenen duru\u015fuyla dikkat \u00e7ekti.<\/p>\n<p><img loading=\"lazy\" decoding=\"async\" class=\"alignnone wp-image-155582 \" src=\"https:\/\/www.tgrthaber.com\/mavikadin\/wp-content\/uploads\/Ekran-Resmi-2025-04-01-14.24.45-798x1024.png\" alt=\"\" width=\"978\" height=\"1255\" title=\"\" srcset=\"https:\/\/www.tgrthaber.com\/mavikadin\/wp-content\/uploads\/Ekran-Resmi-2025-04-01-14.24.45-798x1024.png 798w, https:\/\/www.tgrthaber.com\/mavikadin\/wp-content\/uploads\/Ekran-Resmi-2025-04-01-14.24.45-234x300.png 234w, https:\/\/www.tgrthaber.com\/mavikadin\/wp-content\/uploads\/Ekran-Resmi-2025-04-01-14.24.45-768x985.png 768w, https:\/\/www.tgrthaber.com\/mavikadin\/wp-content\/uploads\/Ekran-Resmi-2025-04-01-14.24.45.png 806w\" sizes=\"(max-width: 978px) 100vw, 978px\" \/><\/p>\n<p class=\"p1\">Sadece podyumdaki tercihleriyle de\u011fil, g\u00fcnl\u00fck ya\u015fam tarz\u0131 ve sosyal medya payla\u015f\u0131mlar\u0131yla da ad\u0131ndan s\u0131k\u00e7a s\u00f6z ettiren Ay\u015feg\u00fcl Eraslan, moda tasar\u0131m\u0131 alan\u0131nda kariyer yap\u0131yor. Instagram\u2019da olduk\u00e7a aktif olan ve orijinal i\u00e7erikler \u00fcreten Eraslan, tarz\u0131n\u0131 yans\u0131tt\u0131\u011f\u0131 foto\u011fraflar\u0131yla geni\u015f bir takip\u00e7i kitlesine hitap ediyor.<\/p>\n<p><img loading=\"lazy\" decoding=\"async\" class=\"alignnone wp-image-155583 size-large\" src=\"https:\/\/www.tgrthaber.com\/mavikadin\/wp-content\/uploads\/Ekran-Resmi-2025-04-01-14.24.30-976x1024.png\" alt=\"\" width=\"976\" height=\"1024\" title=\"\" srcset=\"https:\/\/www.tgrthaber.com\/mavikadin\/wp-content\/uploads\/Ekran-Resmi-2025-04-01-14.24.30-976x1024.png 976w, https:\/\/www.tgrthaber.com\/mavikadin\/wp-content\/uploads\/Ekran-Resmi-2025-04-01-14.24.30-286x300.png 286w, https:\/\/www.tgrthaber.com\/mavikadin\/wp-content\/uploads\/Ekran-Resmi-2025-04-01-14.24.30-768x806.png 768w, https:\/\/www.tgrthaber.com\/mavikadin\/wp-content\/uploads\/Ekran-Resmi-2025-04-01-14.24.30.png 1006w\" sizes=\"(max-width: 976px) 100vw, 976px\" \/><\/p>\n<hr \/>\n<p class=\"p1\">TV8 ekranlar\u0131nda yay\u0131nlanan programda yer almas\u0131yla birlikte sosyal medyada daha da g\u00f6r\u00fcn\u00fcr h\u00e2le gelen Ay\u015feg\u00fcl, \u00f6zg\u00fcn giyim anlay\u0131\u015f\u0131 ve iddial\u0131 kombinleriyle stil d\u00fcnyas\u0131nda kendine sa\u011flam bir yer edinmeye ba\u015flad\u0131. Yar\u0131\u015fmadaki ilerleyi\u015fi kadar dijital platformlardaki etkisiyle de konu\u015fulan Eraslan, \u015fimdiden \u0130\u015fte Benim Stilim yar\u0131\u015fmas\u0131 yeni sezonunun en dikkat \u00e7eken isimlerinden biri oldu.<\/p>\n","protected":false},"excerpt":{"rendered":"<p>Uzun s\u00fcredir beklenen moda yar\u0131\u015fmas\u0131 \u0130\u015fte Benim Stilim, yeni sezonuyla ekranlara d\u00f6ner d\u00f6nmez dikkatleri \u00fczerine \u00e7ekti. Yar\u0131\u015fman\u0131n \u00f6ne \u00e7\u0131kan isimlerinden Ay\u015feg\u00fcl Eraslan, iddial\u0131 tarz\u0131 ve sahnedeki duru\u015fuyla ilgi oda\u011f\u0131 oldu. Hakk\u0131ndaki detaylar merak konusu h\u00e2line geldi.<\/p>\n","protected":false},"author":16,"featured_media":155584,"comment_status":"closed","ping_status":"closed","sticky":false,"template":"","format":"standard","meta":{"rank_math_lock_modified_date":false,"footnotes":""},"categories":[491],"tags":[16282,16283],"class_list":["post-155581","post","type-post","status-publish","format-standard","has-post-thumbnail","hentry","category-biyografi","tag-iste-benim-stilim-aysegul-eraslan-kimdir","tag-iste-benim-stilim-aysegul-eraslan-ne-is-yapiyor"],"_links":{"self":[{"href":"https:\/\/www.tgrthaber.com\/mavikadin\/wp-json\/wp\/v2\/posts\/155581"}],"collection":[{"href":"https:\/\/www.tgrthaber.com\/mavikadin\/wp-json\/wp\/v2\/posts"}],"about":[{"href":"https:\/\/www.tgrthaber.com\/mavikadin\/wp-json\/wp\/v2\/types\/post"}],"author":[{"embeddable":true,"href":"https:\/\/www.tgrthaber.com\/mavikadin\/wp-json\/wp\/v2\/users\/16"}],"replies":[{"embeddable":true,"href":"https:\/\/www.tgrthaber.com\/mavikadin\/wp-json\/wp\/v2\/comments?post=155581"}],"version-history":[{"count":2,"href":"https:\/\/www.tgrthaber.com\/mavikadin\/wp-json\/wp\/v2\/posts\/155581\/revisions"}],"predecessor-version":[{"id":155586,"href":"https:\/\/www.tgrthaber.com\/mavikadin\/wp-json\/wp\/v2\/posts\/155581\/revisions\/155586"}],"wp:featuredmedia":[{"embeddable":true,"href":"https:\/\/www.tgrthaber.com\/mavikadin\/wp-json\/wp\/v2\/media\/155584"}],"wp:attachment":[{"href":"https:\/\/www.tgrthaber.com\/mavikadin\/wp-json\/wp\/v2\/media?parent=155581"}],"wp:term":[{"taxonomy":"category","embeddable":true,"href":"https:\/\/www.tgrthaber.com\/mavikadin\/wp-json\/wp\/v2\/categories?post=155581"},{"taxonomy":"post_tag","embeddable":true,"href":"https:\/\/www.tgrthaber.com\/mavikadin\/wp-json\/wp\/v2\/tags?post=155581"}],"curies":[{"name":"wp","href":"https:\/\/api.w.org\/{rel}","templated":true}]}}