{"id":155594,"date":"2025-04-01T15:15:32","date_gmt":"2025-04-01T12:15:32","guid":{"rendered":"https:\/\/www.tgrthaber.com\/mavikadin\/?p=155594"},"modified":"2025-04-03T23:43:16","modified_gmt":"2025-04-03T20:43:16","slug":"iste-benim-stilim-buyuk-odul-ne-iste-benim-stilim-odul-haftalik-mi-aliniyor","status":"publish","type":"post","link":"https:\/\/www.tgrthaber.com\/mavikadin\/iste-benim-stilim-buyuk-odul-ne-iste-benim-stilim-odul-haftalik-mi-aliniyor\/","title":{"rendered":"\u0130\u015fte Benim Stilim b\u00fcy\u00fck \u00f6d\u00fcl ne? \u0130\u015fte Benim Stilim \u00f6d\u00fcl haftal\u0131k m\u0131 al\u0131n\u0131yor?"},"content":{"rendered":"<p class=\"p1\">\u0130\u015fte Benim Stilim, moda ve rekabeti ayn\u0131 potada bulu\u015fturarak yeni sezonuyla ekranlara h\u0131zl\u0131 bir d\u00f6n\u00fc\u015f yapt\u0131. Yar\u0131\u015fmac\u0131lar\u0131n k\u0131yas\u0131ya stil m\u00fccadelesi izleyicileri ekran ba\u015f\u0131na kilitlerken, g\u00f6zler bir yandan da verilecek b\u00fcy\u00fck \u00f6d\u00fcle \u00e7evrildi. Hen\u00fcz final \u00f6d\u00fcl\u00fcyle ilgili net bir a\u00e7\u0131klama yap\u0131lmam\u0131\u015f olsa da, izleyiciler kimin kazanaca\u011f\u0131 kadar, ne kazanaca\u011f\u0131n\u0131 da merak ediyor. Her hafta farkl\u0131 konseptlerde podyuma \u00e7\u0131kan yar\u0131\u015fmac\u0131lar, haftal\u0131k \u00f6d\u00fcllerle motive ediliyor. Program ilerledik\u00e7e b\u00fcy\u00fck \u00f6d\u00fcl\u00fcn a\u00e7\u0131klanmas\u0131 ve yar\u0131\u015fmac\u0131lar aras\u0131ndaki rekabetin daha da k\u0131z\u0131\u015fmas\u0131 bekleniyor. Moda tutkunlar\u0131 i\u00e7in heyecan s\u00fcr\u00fcyor. \u0130\u015fte merak edilen sorular\u0131n cevaplar\u0131&#8230;<\/p>\n<h3>\u0130\u015eTE BEN\u0130M ST\u0130L\u0130M B\u00dcY\u00dcK \u00d6D\u00dcL NE? \u0130\u015eTE BEN\u0130M ST\u0130L\u0130M \u00d6D\u00dcL HAFTALIK MI ALINIYOR?<\/h3>\n<p class=\"p1\">TV8 ekranlar\u0131nda izleyiciyle bulu\u015fan ve moda tutkunlar\u0131n\u0131 ekran ba\u015f\u0131na kilitleyen \u0130\u015fte Benim Stilim, bu sezon da iddial\u0131 yar\u0131\u015fmac\u0131lar\u0131 ve ilgi \u00e7ekici konseptiyle ad\u0131ndan s\u00f6z ettiriyor. Yar\u0131\u015fmada \u015f\u0131kl\u0131k ve \u00f6zg\u00fcn tarz kadar, haftal\u0131k performans da b\u00fcy\u00fck \u00f6nem ta\u015f\u0131yor. Yar\u0131\u015fmac\u0131lar her g\u00fcn farkl\u0131 konseptlerde podyuma \u00e7\u0131karak j\u00fcri kar\u015f\u0131s\u0131nda puan topluyor. Hafta boyunca en y\u00fcksek puan\u0131 alan isim ise \u201chaftan\u0131n birincisi\u201d se\u00e7iliyor ve \u00f6d\u00fcllendiriliyor.<\/p>\n<p><img loading=\"lazy\" decoding=\"async\" class=\"alignnone wp-image-155596 size-large\" src=\"https:\/\/www.tgrthaber.com\/mavikadin\/wp-content\/uploads\/Ekran-Resmi-2025-04-01-15.11.22-1024x487.png\" alt=\"\" width=\"1024\" height=\"487\" title=\"\" srcset=\"https:\/\/www.tgrthaber.com\/mavikadin\/wp-content\/uploads\/Ekran-Resmi-2025-04-01-15.11.22-1024x487.png 1024w, https:\/\/www.tgrthaber.com\/mavikadin\/wp-content\/uploads\/Ekran-Resmi-2025-04-01-15.11.22-300x143.png 300w, https:\/\/www.tgrthaber.com\/mavikadin\/wp-content\/uploads\/Ekran-Resmi-2025-04-01-15.11.22-768x365.png 768w, https:\/\/www.tgrthaber.com\/mavikadin\/wp-content\/uploads\/Ekran-Resmi-2025-04-01-15.11.22.png 1098w\" sizes=\"(max-width: 1024px) 100vw, 1024px\" \/><\/p>\n<hr \/>\n<p class=\"p1\">Yar\u0131\u015fmada yar\u0131\u015fmac\u0131lara zaman zaman haftal\u0131k \u00f6d\u00fcller veriliyor. Bu \u00f6d\u00fcller bazen maddi olabilirken, kimi zaman \u00f6zel avantajlar ya da j\u00fcri \u00fcyelerinden al\u0131nan s\u00fcrpriz hediyeler \u015feklinde sunulabiliyor.<\/p>\n<p class=\"p1\">2025 y\u0131l\u0131nda televizyon d\u00fcnyas\u0131nda yap\u0131mlar\u0131n b\u00fct\u00e7eleri artarken, yar\u0131\u015fmac\u0131lara sunulan \u00fccretler de ayn\u0131 oranda y\u00fckseldi. Kulis bilgilerine g\u00f6re, \u0130\u015fte Benim Stilim program\u0131nda yer alan isimler, her hafta d\u00fczenli kat\u0131l\u0131m g\u00f6stermeleri durumunda 10.000 TL ile 20.000 TL aras\u0131nda de\u011fi\u015fen \u00fccretler al\u0131yor. Bu \u00f6demeler sabit de\u011fil, yar\u0131\u015fmac\u0131n\u0131n daha \u00f6nceki ekran ge\u00e7mi\u015fi, sosyal medyadaki etkisi ve izleyici nezdindeki bilinirli\u011fi gibi kriterler do\u011frultusunda \u015fekilleniyor. \u0130\u015fte Benim Stilim\u2019in sezon finalinde verilecek b\u00fcy\u00fck \u00f6d\u00fclle ilgili hen\u00fcz yap\u0131m taraf\u0131ndan net bir a\u00e7\u0131klama yap\u0131lmad\u0131. Ancak kulislerden s\u0131zan bilgilere g\u00f6re, bu y\u0131l birinci olacak yar\u0131\u015fmac\u0131ya sunulacak \u00f6d\u00fcl\u00fcn 500.000 TL ile 1 milyon TL aras\u0131nda de\u011fi\u015febilece\u011fi konu\u015fuluyor.<\/p>\n<p><img loading=\"lazy\" decoding=\"async\" class=\"alignnone wp-image-155597 \" src=\"https:\/\/www.tgrthaber.com\/mavikadin\/wp-content\/uploads\/Ekran-Resmi-2025-04-01-15.11.30.png\" alt=\"\" width=\"988\" height=\"602\" title=\"\" srcset=\"https:\/\/www.tgrthaber.com\/mavikadin\/wp-content\/uploads\/Ekran-Resmi-2025-04-01-15.11.30.png 932w, https:\/\/www.tgrthaber.com\/mavikadin\/wp-content\/uploads\/Ekran-Resmi-2025-04-01-15.11.30-300x183.png 300w, https:\/\/www.tgrthaber.com\/mavikadin\/wp-content\/uploads\/Ekran-Resmi-2025-04-01-15.11.30-768x468.png 768w\" sizes=\"(max-width: 988px) 100vw, 988px\" \/><\/p>\n<hr \/>\n<p class=\"p1\">Yeni sezonda yar\u0131\u015fan isimler aras\u0131nda Buse, Ay\u015feg\u00fcl, Berfin, Nadia, ZehraSu, Sema, Sibel, Mariam ve P\u0131nar gibi g\u00fc\u00e7l\u00fc ve tarz sahibi isimler yer al\u0131yor. Her biri kendi tarz\u0131n\u0131 yans\u0131tmak i\u00e7in m\u00fccadele ederken, haftal\u0131k birincilik i\u00e7in de s\u0131k\u0131 bir rekabet sergiliyor.<\/p>\n<p><img loading=\"lazy\" decoding=\"async\" class=\"alignnone wp-image-155599 size-large\" src=\"https:\/\/www.tgrthaber.com\/mavikadin\/wp-content\/uploads\/Ekran-Resmi-2025-04-01-15.13.04-1024x623.png\" alt=\"\" width=\"1024\" height=\"623\" title=\"\" srcset=\"https:\/\/www.tgrthaber.com\/mavikadin\/wp-content\/uploads\/Ekran-Resmi-2025-04-01-15.13.04-1024x623.png 1024w, https:\/\/www.tgrthaber.com\/mavikadin\/wp-content\/uploads\/Ekran-Resmi-2025-04-01-15.13.04-300x182.png 300w, https:\/\/www.tgrthaber.com\/mavikadin\/wp-content\/uploads\/Ekran-Resmi-2025-04-01-15.13.04-768x467.png 768w, https:\/\/www.tgrthaber.com\/mavikadin\/wp-content\/uploads\/Ekran-Resmi-2025-04-01-15.13.04.png 1332w\" sizes=\"(max-width: 1024px) 100vw, 1024px\" \/><\/p>\n<hr \/>\n<p class=\"p1\">\u015e\u0131kl\u0131\u011f\u0131n sadece k\u0131yafetle de\u011fil, duru\u015f ve \u00f6zg\u00fcvenle de tamamland\u0131\u011f\u0131 bu platformda, yar\u0131\u015fmac\u0131lar\u0131n her biri hem j\u00fcriyi hem de izleyiciyi etkilemek i\u00e7in b\u00fcy\u00fck \u00e7aba harc\u0131yor.<\/p>\n","protected":false},"excerpt":{"rendered":"<p>Stil yar\u0131\u015fmalar\u0131n\u0131n vazge\u00e7ilmez ismi \u0130\u015fte Benim Stilim, yeni sezonuyla ekranlara d\u00f6nerken moda severleri yeniden ekran ba\u015f\u0131na toplad\u0131. Yar\u0131\u015fmac\u0131lar hem tarzlar\u0131yla hem de duru\u015flar\u0131yla dikkat \u00e7ekerken, g\u00f6zler b\u00fcy\u00fck \u00f6d\u00fcle \u00e7evrildi. <\/p>\n","protected":false},"author":16,"featured_media":155601,"comment_status":"closed","ping_status":"closed","sticky":false,"template":"","format":"standard","meta":{"rank_math_lock_modified_date":false,"footnotes":""},"categories":[76],"tags":[16287,16288],"class_list":["post-155594","post","type-post","status-publish","format-standard","has-post-thumbnail","hentry","category-magazin","tag-iste-benim-stilim-buyuk-odul-ne","tag-iste-benim-stilim-odul-haftalik-mi-veriliyor"],"_links":{"self":[{"href":"https:\/\/www.tgrthaber.com\/mavikadin\/wp-json\/wp\/v2\/posts\/155594"}],"collection":[{"href":"https:\/\/www.tgrthaber.com\/mavikadin\/wp-json\/wp\/v2\/posts"}],"about":[{"href":"https:\/\/www.tgrthaber.com\/mavikadin\/wp-json\/wp\/v2\/types\/post"}],"author":[{"embeddable":true,"href":"https:\/\/www.tgrthaber.com\/mavikadin\/wp-json\/wp\/v2\/users\/16"}],"replies":[{"embeddable":true,"href":"https:\/\/www.tgrthaber.com\/mavikadin\/wp-json\/wp\/v2\/comments?post=155594"}],"version-history":[{"count":4,"href":"https:\/\/www.tgrthaber.com\/mavikadin\/wp-json\/wp\/v2\/posts\/155594\/revisions"}],"predecessor-version":[{"id":156820,"href":"https:\/\/www.tgrthaber.com\/mavikadin\/wp-json\/wp\/v2\/posts\/155594\/revisions\/156820"}],"wp:featuredmedia":[{"embeddable":true,"href":"https:\/\/www.tgrthaber.com\/mavikadin\/wp-json\/wp\/v2\/media\/155601"}],"wp:attachment":[{"href":"https:\/\/www.tgrthaber.com\/mavikadin\/wp-json\/wp\/v2\/media?parent=155594"}],"wp:term":[{"taxonomy":"category","embeddable":true,"href":"https:\/\/www.tgrthaber.com\/mavikadin\/wp-json\/wp\/v2\/categories?post=155594"},{"taxonomy":"post_tag","embeddable":true,"href":"https:\/\/www.tgrthaber.com\/mavikadin\/wp-json\/wp\/v2\/tags?post=155594"}],"curies":[{"name":"wp","href":"https:\/\/api.w.org\/{rel}","templated":true}]}}