{"id":155633,"date":"2025-04-01T17:40:55","date_gmt":"2025-04-01T14:40:55","guid":{"rendered":"https:\/\/www.tgrthaber.com\/mavikadin\/?p=155633"},"modified":"2025-04-01T17:40:54","modified_gmt":"2025-04-01T14:40:54","slug":"ingilterenin-yalniz-prensi-harry-tum-baglantilarini-kopardi-mi","status":"publish","type":"post","link":"https:\/\/www.tgrthaber.com\/mavikadin\/ingilterenin-yalniz-prensi-harry-tum-baglantilarini-kopardi-mi\/","title":{"rendered":"\u0130ngiltere&#8217;nin yaln\u0131z prensi! Harry t\u00fcm ba\u011flant\u0131lar\u0131n\u0131 kopard\u0131 m\u0131?"},"content":{"rendered":"<p>\u0130ngiliz Kraliyet Ailesi\u2019nden ayr\u0131ld\u0131ktan sonra Amerika\u2019ya yerle\u015fen Prens Harry, son d\u00f6nemde giderek daha yaln\u0131z bir hayat s\u00fcrd\u00fc\u011f\u00fc iddialar\u0131yla g\u00fcndemde. Bir zamanlar Kraliyet ailesinin en g\u00f6zde isimlerinden biri olan Sussex D\u00fck\u00fc\u2019n\u00fcn, e\u015fi Meghan Markle d\u0131\u015f\u0131nda neredeyse kimseyle ba\u011f\u0131n\u0131n kalmad\u0131\u011f\u0131 konu\u015fuluyor. Ailesi ve eski dostlar\u0131yla ileti\u015fimi kopard\u0131\u011f\u0131 \u00f6ne s\u00fcr\u00fclen Prens Harry, ger\u00e7ekten tamamen yaln\u0131z m\u0131 kald\u0131? \u0130\u015fte merak edilen detaylar\u2026<\/p>\n<h3>KRAL\u0130YET&#8217;TEN AYRILIK VE YEN\u0130 B\u0130R HAYAT<\/h3>\n<p>Prens Harry, 2018 y\u0131l\u0131nda Amerikal\u0131 oyuncu Meghan Markle ile evlenerek Kraliyet\u2019te farkl\u0131 bir d\u00f6nem ba\u015flatm\u0131\u015ft\u0131. Ancak \u00e7iftin, 2020 y\u0131l\u0131nda resmi g\u00f6revlerinden \u00e7ekilmesiyle her \u015fey de\u011fi\u015fti. \u0130ngiltere\u2019den ayr\u0131lan ikili, \u00f6nce Kanada\u2019ya, ard\u0131ndan Amerika\u2019ya yerle\u015fti. Bu karar, \u00e7iftin daha \u00f6zg\u00fcr ve ba\u011f\u0131ms\u0131z bir hayat s\u00fcrme iste\u011fi olarak a\u00e7\u0131klansa da, Kraliyet ailesiyle ba\u011flar\u0131n kopmas\u0131na neden oldu.<\/p>\n<p><img loading=\"lazy\" decoding=\"async\" class=\"alignnone wp-image-155636\" src=\"https:\/\/www.tgrthaber.com\/mavikadin\/wp-content\/uploads\/3-587.png\" alt=\"\" width=\"1208\" height=\"680\" title=\"\" srcset=\"https:\/\/www.tgrthaber.com\/mavikadin\/wp-content\/uploads\/3-587.png 1280w, https:\/\/www.tgrthaber.com\/mavikadin\/wp-content\/uploads\/3-587-300x169.png 300w, https:\/\/www.tgrthaber.com\/mavikadin\/wp-content\/uploads\/3-587-1024x576.png 1024w, https:\/\/www.tgrthaber.com\/mavikadin\/wp-content\/uploads\/3-587-768x432.png 768w\" sizes=\"(max-width: 1208px) 100vw, 1208px\" \/><\/p>\n<hr \/>\n<p>Ba\u015fta Prens Charles ve Prens William olmak \u00fczere bir\u00e7ok aile \u00fcyesiyle ili\u015fkileri zamanla zay\u0131flayan Harry, \u0130ngiltere\u2019ye sadece resmi etkinlikler i\u00e7in d\u00f6nmeye ba\u015flad\u0131. \u00d6zellikle babas\u0131 Kral III. Charles\u2019\u0131n hastal\u0131\u011f\u0131n\u0131n ard\u0131ndan \u00fclkeye yapt\u0131\u011f\u0131 k\u0131sa ziyaret, ailesiyle aras\u0131ndaki mesafenin ne kadar b\u00fcy\u00fcd\u00fc\u011f\u00fcn\u00fc g\u00f6zler \u00f6n\u00fcne serdi.<\/p>\n<p><img loading=\"lazy\" decoding=\"async\" class=\"alignnone wp-image-155637\" src=\"https:\/\/www.tgrthaber.com\/mavikadin\/wp-content\/uploads\/4-485.png\" alt=\"\" width=\"1208\" height=\"680\" title=\"\" srcset=\"https:\/\/www.tgrthaber.com\/mavikadin\/wp-content\/uploads\/4-485.png 1280w, https:\/\/www.tgrthaber.com\/mavikadin\/wp-content\/uploads\/4-485-300x169.png 300w, https:\/\/www.tgrthaber.com\/mavikadin\/wp-content\/uploads\/4-485-1024x576.png 1024w, https:\/\/www.tgrthaber.com\/mavikadin\/wp-content\/uploads\/4-485-768x432.png 768w\" sizes=\"(max-width: 1208px) 100vw, 1208px\" \/><\/p>\n<hr \/>\n<h3>ESK\u0130 DOSTLARIYLA DA BA\u011eLARI KOPTU<\/h3>\n<p>Harry\u2019nin yaln\u0131zla\u015fmas\u0131n\u0131n sadece ailesiyle s\u0131n\u0131rl\u0131 olmad\u0131\u011f\u0131 iddia ediliyor. Bir zamanlar Kraliyet i\u00e7indeki en sosyal isimlerden biri olarak bilinen Prens, eski dostlar\u0131yla da irtibat\u0131 kesmi\u015f durumda. En yak\u0131n arkada\u015f\u0131 oldu\u011fu bilinen kuzeni Prenses Eugenie ile dahi g\u00f6r\u00fc\u015fmelerinin azald\u0131\u011f\u0131 s\u00f6yleniyor.<\/p>\n<p>Amerika\u2019ya ta\u015f\u0131nd\u0131ktan sonra \u00e7evresini b\u00fcy\u00fck \u00f6l\u00e7\u00fcde de\u011fi\u015ftiren Harry, art\u0131k yaln\u0131zca Meghan Markle\u2019\u0131n sosyal \u00e7evresiyle vakit ge\u00e7iriyor. Bu durum, onun zamanla daha izole bir ya\u015fam s\u00fcrmesine neden oldu. \u0130ngiltere\u2019deki eski arkada\u015flar\u0131n\u0131n, Harry\u2019nin kendini tamamen geri \u00e7ekti\u011fini d\u00fc\u015f\u00fcnd\u00fc\u011f\u00fc ve art\u0131k onunla ileti\u015fim kurman\u0131n zorla\u015ft\u0131\u011f\u0131n\u0131 s\u00f6yledikleri belirtiliyor.<\/p>\n<p><img loading=\"lazy\" decoding=\"async\" class=\"alignnone wp-image-155638\" src=\"https:\/\/www.tgrthaber.com\/mavikadin\/wp-content\/uploads\/5-293.png\" alt=\"\" width=\"1208\" height=\"680\" title=\"\" srcset=\"https:\/\/www.tgrthaber.com\/mavikadin\/wp-content\/uploads\/5-293.png 1280w, https:\/\/www.tgrthaber.com\/mavikadin\/wp-content\/uploads\/5-293-300x169.png 300w, https:\/\/www.tgrthaber.com\/mavikadin\/wp-content\/uploads\/5-293-1024x576.png 1024w, https:\/\/www.tgrthaber.com\/mavikadin\/wp-content\/uploads\/5-293-768x432.png 768w\" sizes=\"(max-width: 1208px) 100vw, 1208px\" \/><\/p>\n<hr \/>\n<h3>KRAL\u0130YET \u0130LE OLAN SON \u0130LET\u0130\u015e\u0130MLER<\/h3>\n<p>Kraliyet\u2019ten ayr\u0131ld\u0131ktan sonra bir\u00e7ok kez ailesiyle gerginlik ya\u015fayan Prens Harry, \u0130ngiltere\u2019ye d\u00f6n\u00fc\u015flerinde de buzlar\u0131 eritemedi. Babas\u0131 Kral III. Charles ile olan ili\u015fkisi so\u011fuk bir seviyede kal\u0131rken, abisi Prens William ile aras\u0131ndaki mesafe de giderek artt\u0131.<\/p>\n<p>Baz\u0131 kaynaklar, Meghan Markle\u2019\u0131n bu s\u00fcre\u00e7te Harry\u2019yi ailesinden ve eski dostlar\u0131ndan uzakla\u015ft\u0131rd\u0131\u011f\u0131n\u0131 \u00f6ne s\u00fcrerken, \u00e7iftin kendi \u00e7ekirdek ailesine odakland\u0131\u011f\u0131 da iddialar aras\u0131nda. Prens Harry\u2019nin \u00f6zellikle medya bask\u0131s\u0131ndan uzak durmaya \u00e7al\u0131\u015ft\u0131\u011f\u0131, bu y\u00fczden ge\u00e7mi\u015fte s\u0131k\u00e7a vakit ge\u00e7irdi\u011fi insanlarla g\u00f6r\u00fc\u015fmeyi azaltt\u0131\u011f\u0131 belirtiliyor.<\/p>\n<p><img loading=\"lazy\" decoding=\"async\" class=\"alignnone wp-image-155635\" src=\"https:\/\/www.tgrthaber.com\/mavikadin\/wp-content\/uploads\/2-595.png\" alt=\"\" width=\"1208\" height=\"680\" title=\"\" srcset=\"https:\/\/www.tgrthaber.com\/mavikadin\/wp-content\/uploads\/2-595.png 1280w, https:\/\/www.tgrthaber.com\/mavikadin\/wp-content\/uploads\/2-595-300x169.png 300w, https:\/\/www.tgrthaber.com\/mavikadin\/wp-content\/uploads\/2-595-1024x576.png 1024w, https:\/\/www.tgrthaber.com\/mavikadin\/wp-content\/uploads\/2-595-768x432.png 768w\" sizes=\"(max-width: 1208px) 100vw, 1208px\" \/><\/p>\n<hr \/>\n<h3>GER\u00c7EKTEN YALNIZ MI KALDI?<\/h3>\n<p>Prens Harry\u2019nin eski hayat\u0131ndan b\u00fcy\u00fck \u00f6l\u00e7\u00fcde koptu\u011fu a\u00e7\u0131k\u00e7a g\u00f6r\u00fcl\u00fcyor. Ancak bunun bir tercih mi yoksa zamanla geli\u015fen bir durum mu oldu\u011fu tart\u0131\u015fma konusu. Sussex D\u00fck\u00fc, ge\u00e7ti\u011fimiz g\u00fcnlerde yapt\u0131\u011f\u0131 bir a\u00e7\u0131klamada, Kraliyet\u2019ten ayr\u0131lmas\u0131n\u0131n \u201ckendi ailesini korumak i\u00e7in gerekli bir ad\u0131m\u201d oldu\u011funu s\u00f6yledi.<\/p>\n<p>Harry ve Meghan\u2019\u0131n Amerika\u2019daki yeni hayatlar\u0131na tam anlam\u0131yla adapte olup olmad\u0131klar\u0131 belirsizli\u011fini korurken, Prens\u2019in ger\u00e7ekten yaln\u0131zla\u015f\u0131p yaln\u0131zla\u015fmad\u0131\u011f\u0131 da zamanla netle\u015fecek gibi g\u00f6r\u00fcn\u00fcyor. Kraliyet\u2019ten uzakla\u015farak daha \u00f6zg\u00fcr bir hayat arzulayan Prens Harry\u2019nin, bu karar\u0131n\u0131n onu yaln\u0131zl\u0131\u011fa m\u0131 yoksa huzura m\u0131 g\u00f6t\u00fcrd\u00fc\u011f\u00fc ise \u015fimdilik b\u00fcy\u00fck bir soru i\u015fareti olarak kal\u0131yor.<\/p>\n","protected":false},"excerpt":{"rendered":"<p>Prens Harry, Kraliyet\u2019ten ayr\u0131ld\u0131ktan sonra yeni bir hayat kurmak i\u00e7in Amerika\u2019ya yerle\u015fti. Ancak son d\u00f6nemde, ailesi ve eski dostlar\u0131yla ba\u011flar\u0131n\u0131 tamamen kopard\u0131\u011f\u0131 ve giderek yaln\u0131zla\u015ft\u0131\u011f\u0131 iddialar\u0131 g\u00fcndeme geldi. Peki, Sussex D\u00fck\u00fc ger\u00e7ekten herkesle ileti\u015fimini mi kesti? \u0130\u015fte Prens Harry\u2019nin giderek daha izole hale gelen hayat\u0131na dair \u00e7arp\u0131c\u0131 detaylar\u2026<\/p>\n","protected":false},"author":28,"featured_media":155634,"comment_status":"closed","ping_status":"closed","sticky":false,"template":"","format":"standard","meta":{"rank_math_lock_modified_date":true,"footnotes":""},"categories":[76],"tags":[16299,16298],"class_list":["post-155633","post","type-post","status-publish","format-standard","has-post-thumbnail","hentry","category-magazin","tag-ingiltere-prensi","tag-prens-harry"],"_links":{"self":[{"href":"https:\/\/www.tgrthaber.com\/mavikadin\/wp-json\/wp\/v2\/posts\/155633"}],"collection":[{"href":"https:\/\/www.tgrthaber.com\/mavikadin\/wp-json\/wp\/v2\/posts"}],"about":[{"href":"https:\/\/www.tgrthaber.com\/mavikadin\/wp-json\/wp\/v2\/types\/post"}],"author":[{"embeddable":true,"href":"https:\/\/www.tgrthaber.com\/mavikadin\/wp-json\/wp\/v2\/users\/28"}],"replies":[{"embeddable":true,"href":"https:\/\/www.tgrthaber.com\/mavikadin\/wp-json\/wp\/v2\/comments?post=155633"}],"version-history":[{"count":2,"href":"https:\/\/www.tgrthaber.com\/mavikadin\/wp-json\/wp\/v2\/posts\/155633\/revisions"}],"predecessor-version":[{"id":155641,"href":"https:\/\/www.tgrthaber.com\/mavikadin\/wp-json\/wp\/v2\/posts\/155633\/revisions\/155641"}],"wp:featuredmedia":[{"embeddable":true,"href":"https:\/\/www.tgrthaber.com\/mavikadin\/wp-json\/wp\/v2\/media\/155634"}],"wp:attachment":[{"href":"https:\/\/www.tgrthaber.com\/mavikadin\/wp-json\/wp\/v2\/media?parent=155633"}],"wp:term":[{"taxonomy":"category","embeddable":true,"href":"https:\/\/www.tgrthaber.com\/mavikadin\/wp-json\/wp\/v2\/categories?post=155633"},{"taxonomy":"post_tag","embeddable":true,"href":"https:\/\/www.tgrthaber.com\/mavikadin\/wp-json\/wp\/v2\/tags?post=155633"}],"curies":[{"name":"wp","href":"https:\/\/api.w.org\/{rel}","templated":true}]}}